{"id":10574,"date":"2026-07-14T08:11:34","date_gmt":"2026-07-14T11:11:34","guid":{"rendered":"https:\/\/elliberador.com\/?p=10574"},"modified":"2026-07-14T11:52:04","modified_gmt":"2026-07-14T14:52:04","slug":"insaurralde-reaparecio-junto-al-hermano-del-camarista-intervino-causa-yategate","status":"publish","type":"post","link":"https:\/\/elliberador.com\/index.php\/2026\/07\/14\/insaurralde-reaparecio-junto-al-hermano-del-camarista-intervino-causa-yategate\/","title":{"rendered":"Insaurralde reapareci\u00f3 viendo a Argentina junto al hermano del juez que intervino en la causa por el Yategate"},"content":{"rendered":"\n<p class=\"wp-block-paragraph\"><strong>Mart\u00edn Insaurralde <\/strong>volvi\u00f3 a aparecer en escena despu\u00e9s de varios meses de bajo perfil y en pleno avance de la causa judicial que lo investiga por presunto enriquecimiento il\u00edcito y lavado de dinero. El exintendente de Lomas de Zamora fue visto durante el partido entre Argentina y Suiza por los cuartos de final del Mundial 2026, en una reuni\u00f3n realizada en la vivienda del empresario de la construcci\u00f3n <strong>Rodrigo Fern\u00e1ndez Prieto<\/strong>. Las im\u00e1genes comenzaron a circular pocas semanas despu\u00e9s de que la investigaci\u00f3n sumara nuevos elementos relacionados con el patrimonio del exfuncionario kirchnerista.<\/p>\n\n\n\n<p class=\"wp-block-paragraph\">La reaparici\u00f3n no pas\u00f3 inadvertida. Se trata de la primera vez que Insaurralde es registrado p\u00fablicamente desde que se difundieron los videos donde pod\u00edan observarse importantes cantidades de d\u00f3lares guardadas en bolsas dentro de un vestidor, material que fue incorporado a la investigaci\u00f3n judicial que intenta reconstruir el origen de esos fondos.<\/p>\n\n\n\n<p class=\"wp-block-paragraph\">En las im\u00e1genes difundidas en redes sociales aparece <strong>Ricardo \u201cRicky\u201d Lemos Arias<\/strong>, empresario vinculado con el sector nocturno y hermano del camarista federal de La Plata Roberto Lemos Arias. Este \u00faltimo integr\u00f3 el tribunal que tom\u00f3 decisiones dentro del expediente por presunto enriquecimiento il\u00edcito y lavado de dinero que tiene a Insaurralde como imputado.<\/p>\n\n\n\n<p class=\"wp-block-paragraph\">La reuni\u00f3n se realiz\u00f3 durante el partido de cuartos de final del Mundial entre Argentina y Suiza. Tambi\u00e9n participaron el empresario de la construcci\u00f3n Rodrigo Fern\u00e1ndez Prieto y el financista y dirigente pol\u00edtico Juan N\u00e1poli. Las im\u00e1genes mostraron a Insaurralde relajado, fumando un habano y celebrando la victoria argentina despu\u00e9s de meses de mantenerse pr\u00e1cticamente fuera de la exposici\u00f3n p\u00fablica.<\/p>\n\n\n\n<p class=\"wp-block-paragraph\">El encuentro volvi\u00f3 a ubicar al exintendente de Lomas de Zamora en el centro de la escena. Pero la presencia de Lemos Arias abri\u00f3 un interrogante adicional por el v\u00ednculo familiar con uno de los magistrados que intervino en la investigaci\u00f3n sobre el patrimonio del dirigente kirchnerista.<\/p>\n\n\n\n<p class=\"wp-block-paragraph\">Roberto Lemos Arias integr\u00f3 la C\u00e1mara Federal de La Plata que confirm\u00f3 medidas patrimoniales dentro de la causa. Entre ellas estuvo la inhibici\u00f3n general de bienes dispuesta sobre Insaurralde y otros involucrados en el expediente. Seg\u00fan las versiones difundidas, el camarista manifest\u00f3 que desconoc\u00eda la relaci\u00f3n de su hermano con el exfuncionario.ausas de corrupci\u00f3n m\u00e1s resonantes vinculadas a exfuncionarios del kirchnerismo, que contin\u00faa avanzando mientras los investigadores intentan seguir la ruta del dinero y determinar las responsabilidades penales de los involucrados.<\/p>\n\n\n\n<p class=\"wp-block-paragraph\">El exfuncionario qued\u00f3 en el centro de la escena pol\u00edtica en 2023 tras el denominado \u00abYategate\u00bb, episodio que precipit\u00f3 su salida del Gobierno bonaerense. Desde entonces, distintas investigaciones judiciales buscan establecer la evoluci\u00f3n de su patrimonio y el posible v\u00ednculo con operaciones de lavado de activos.<\/p>\n\n\n\n<p class=\"wp-block-paragraph\">La difusi\u00f3n de&nbsp;<a href=\"https:\/\/elliberador.com\/index.php\/2026\/06\/20\/aparecieron-videos-con-bolsas-de-dolares-en-la-casa-que-compartian-insaurralde-y-jesica-cirio\/\">los videos con d\u00f3lares<\/a>&nbsp;volvi\u00f3 a colocar el expediente en el centro del debate p\u00fablico y reactiv\u00f3 las cr\u00edticas hacia uno de los dirigentes m\u00e1s emblem\u00e1ticos del kirchnerismo bonaerense. La Justicia procura establecer si esos fondos fueron correctamente declarados y cu\u00e1l fue su procedencia.<\/p>\n\n\n\n<p class=\"wp-block-paragraph\">Mientras tanto, Insaurralde mantiene un perfil p\u00fablico casi inexistente y no realiz\u00f3 declaraciones sobre las nuevas pruebas incorporadas al expediente ni sobre su presencia en el encuentro privado.<\/p>\n\n\n\n<p class=\"wp-block-paragraph\">Su reaparici\u00f3n, lejos de pasar desapercibida, vuelve a poner el foco sobre una de las causas de corrupci\u00f3n m\u00e1s resonantes vinculadas a exfuncionarios del kirchnerismo, que contin\u00faa avanzando mientras los investigadores intentan seguir la ruta del dinero y determinar las responsabilidades penales de los involucrados.<\/p>\n\n\n\n<p class=\"wp-block-paragraph\"><a href=\"https:\/\/elliberador.com\/index.php\/author\/redaccion\/\"><\/a><\/p>\n\n\n\n<p class=\"wp-block-paragraph\"><\/p>\n","protected":false},"excerpt":{"rendered":"<p>El exfuncionario kirchnerista vio el triunfo de la Selecci\u00f3n ante Suiza con Ricardo \u201cRicky\u201d Lemos Arias, hermano de Roberto Lemos Arias, uno de los jueces que actu\u00f3 en el expediente que investiga su patrimonio. El encuentro privado se conoci\u00f3 mientras la Justicia sigue la pista de los d\u00f3lares hallados en un vestidor.<\/p>\n","protected":false},"author":2,"featured_media":10575,"comment_status":"open","ping_status":"open","sticky":false,"template":"","format":"standard","meta":{"_acf_changed":false,"advanced_seo_description":"","jetpack_seo_html_title":"","jetpack_seo_noindex":false,"jetpack_seo_schema_type":"","_jetpack_newsletter_access":"","_jetpack_dont_email_post_to_subs":false,"_jetpack_newsletter_tier_id":0,"_jetpack_memberships_contains_paywalled_content":false,"_jetpack_feature_clip_id":0,"_jetpack_memberships_contains_paid_content":false,"footnotes":"","jetpack_post_was_ever_published":false},"categories":[59],"tags":[20,1661,1682,1497,864],"class_list":["post-10574","post","type-post","status-publish","format-standard","has-post-thumbnail","hentry","category-justicia","tag-destacados","tag-insaurralde","tag-martin-insaurralde","tag-mundial","tag-mundial-2026"],"acf":[],"jetpack_featured_media_url":"https:\/\/elliberador.com\/wp-content\/uploads\/2026\/07\/Martin-Insaurralde-festejando-Mundial.webp","jetpack_sharing_enabled":true,"_links":{"self":[{"href":"https:\/\/elliberador.com\/index.php\/wp-json\/wp\/v2\/posts\/10574","targetHints":{"allow":["GET"]}}],"collection":[{"href":"https:\/\/elliberador.com\/index.php\/wp-json\/wp\/v2\/posts"}],"about":[{"href":"https:\/\/elliberador.com\/index.php\/wp-json\/wp\/v2\/types\/post"}],"author":[{"embeddable":true,"href":"https:\/\/elliberador.com\/index.php\/wp-json\/wp\/v2\/users\/2"}],"replies":[{"embeddable":true,"href":"https:\/\/elliberador.com\/index.php\/wp-json\/wp\/v2\/comments?post=10574"}],"version-history":[{"count":4,"href":"https:\/\/elliberador.com\/index.php\/wp-json\/wp\/v2\/posts\/10574\/revisions"}],"predecessor-version":[{"id":10594,"href":"https:\/\/elliberador.com\/index.php\/wp-json\/wp\/v2\/posts\/10574\/revisions\/10594"}],"wp:featuredmedia":[{"embeddable":true,"href":"https:\/\/elliberador.com\/index.php\/wp-json\/wp\/v2\/media\/10575"}],"wp:attachment":[{"href":"https:\/\/elliberador.com\/index.php\/wp-json\/wp\/v2\/media?parent=10574"}],"wp:term":[{"taxonomy":"category","embeddable":true,"href":"https:\/\/elliberador.com\/index.php\/wp-json\/wp\/v2\/categories?post=10574"},{"taxonomy":"post_tag","embeddable":true,"href":"https:\/\/elliberador.com\/index.php\/wp-json\/wp\/v2\/tags?post=10574"}],"curies":[{"name":"wp","href":"https:\/\/api.w.org\/{rel}","templated":true}]}}