{"id":10600,"date":"2026-07-14T12:26:43","date_gmt":"2026-07-14T15:26:43","guid":{"rendered":"https:\/\/elliberador.com\/?p=10600"},"modified":"2026-07-14T12:26:45","modified_gmt":"2026-07-14T15:26:45","slug":"reves-para-el-entorno-de-pedro-sanchez-condenan-a-su-hermano-a-nueve-anos-de-inhabilitacion-por-prevaricacion","status":"publish","type":"post","link":"https:\/\/elliberador.com\/index.php\/2026\/07\/14\/reves-para-el-entorno-de-pedro-sanchez-condenan-a-su-hermano-a-nueve-anos-de-inhabilitacion-por-prevaricacion\/","title":{"rendered":"Rev\u00e9s para el entorno de Pedro S\u00e1nchez: condenan a su hermano a nueve a\u00f1os de inhabilitaci\u00f3n por prevaricaci\u00f3n"},"content":{"rendered":"\n<p class=\"wp-block-paragraph\">La Justicia espa\u00f1ola asest\u00f3 un nuevo golpe al entorno del presidente Pedro S\u00e1nchez. La Audiencia Provincial de Badajoz conden\u00f3 a su hermano, <strong>David S\u00e1nchez P\u00e9rez-Castej\u00f3n<\/strong>, a nueve a\u00f1os de inhabilitaci\u00f3n especial para ejercer cargos p\u00fablicos al considerarlo cooperador necesario en un delito de prevaricaci\u00f3n administrativa.<\/p>\n\n\n\n<p class=\"wp-block-paragraph\">La resoluci\u00f3n judicial concluye que existieron irregularidades en torno al puesto que ocup\u00f3 en la Diputaci\u00f3n de Badajoz y sostiene que una modificaci\u00f3n realizada a\u00f1os despu\u00e9s permiti\u00f3 adaptar ese cargo a las funciones que efectivamente desempe\u00f1aba, en un procedimiento que el tribunal consider\u00f3 contrario a derecho.<\/p>\n\n\n\n<p class=\"wp-block-paragraph\">Junto a David S\u00e1nchez tambi\u00e9n fueron condenados otros responsables pol\u00edticos y administrativos vinculados al PSOE. Entre ellos figura Miguel \u00c1ngel Gallardo, expresidente de la Diputaci\u00f3n de Badajoz y exsecretario general del PSOE de Extremadura, quien recibi\u00f3 una pena de 18 a\u00f1os de inhabilitaci\u00f3n por dos delitos de prevaricaci\u00f3n administrativa.<\/p>\n\n\n\n<p class=\"wp-block-paragraph\">El caso gira en torno a la creaci\u00f3n y posterior modificaci\u00f3n de un cargo en la Diputaci\u00f3n de Badajoz. Seg\u00fan la sentencia, el cambio de denominaci\u00f3n realizado en 2022 no fue una simple actualizaci\u00f3n administrativa, sino una transformaci\u00f3n sustancial del puesto para ajustarlo a las tareas que David S\u00e1nchez ya desarrollaba, sin seguir los procedimientos legales correspondientes.<\/p>\n\n\n\n<p class=\"wp-block-paragraph\">Los magistrados sostienen que esa modificaci\u00f3n ocult\u00f3 la creaci\u00f3n de un puesto con funciones diferentes al original y concluyen que el hermano del presidente conoc\u00eda y particip\u00f3 en esa maniobra administrativa. Por ese motivo fue condenado como cooperador necesario del delito de prevaricaci\u00f3n.<\/p>\n\n\n\n<p class=\"wp-block-paragraph\">No obstante, el tribunal descart\u00f3 el delito de tr\u00e1fico de influencias, al considerar que no exist\u00edan pruebas suficientes para acreditar presiones concretas ejercidas por David S\u00e1nchez o por su entorno para obtener el cargo. Tambi\u00e9n qued\u00f3 prescripta la posible responsabilidad penal vinculada a la adjudicaci\u00f3n inicial de la plaza en 2017.<\/p>\n\n\n\n<h2 class=\"wp-block-heading\">El Gobierno defiende su inocencia<\/h2>\n\n\n\n<p class=\"wp-block-paragraph\">Desde el Ejecutivo espa\u00f1ol evitaron cuestionar abiertamente la decisi\u00f3n judicial, aunque manifestaron su desacuerdo con el fallo y adelantaron que esperan que instancias superiores reviertan la condena.<\/p>\n\n\n\n<p class=\"wp-block-paragraph\">La portavoz del Gobierno sostuvo que la Fiscal\u00eda hab\u00eda solicitado la absoluci\u00f3n durante el juicio y expres\u00f3 su confianza en que el recurso permita demostrar la inocencia de David S\u00e1nchez.<\/p>\n\n\n\n<p class=\"wp-block-paragraph\">Los abogados defensores ya confirmaron que recurrir\u00e1n la sentencia ante el Tribunal Superior de Justicia de Extremadura y, si fuera necesario, acudir\u00e1n posteriormente al Tribunal Supremo. Hasta que exista una resoluci\u00f3n firme, la condena no ser\u00e1 definitiva.<\/p>\n\n\n\n<h2 class=\"wp-block-heading\">Otro frente para el Gobierno socialista<\/h2>\n\n\n\n<p class=\"wp-block-paragraph\">La decisi\u00f3n judicial incrementa la presi\u00f3n pol\u00edtica sobre Pedro S\u00e1nchez, cuyo Gobierno atraviesa un per\u00edodo marcado por distintas investigaciones que afectan a personas de su entorno.<\/p>\n\n\n\n<p class=\"wp-block-paragraph\">Aunque la condena recae sobre su hermano y no sobre el presidente, la resoluci\u00f3n volvi\u00f3 a instalar el debate sobre el uso de estructuras p\u00fablicas para beneficiar a personas cercanas al poder pol\u00edtico.<\/p>\n\n\n\n<p class=\"wp-block-paragraph\">La oposici\u00f3n calific\u00f3 el fallo como un duro rev\u00e9s para el socialismo espa\u00f1ol y reclam\u00f3 explicaciones al Gobierno, mientras el oficialismo insisti\u00f3 en que la sentencia ser\u00e1 recurrida y defendi\u00f3 la presunci\u00f3n de inocencia de los condenados.<\/p>\n","protected":false},"excerpt":{"rendered":"<p>La Audiencia Provincial de Badajoz conden\u00f3 a David S\u00e1nchez, hermano del presidente del Gobierno espa\u00f1ol, por un delito de prevaricaci\u00f3n administrativa relacionado con su contrataci\u00f3n en la Diputaci\u00f3n de Badajoz. Tambi\u00e9n fueron condenados varios exfuncionarios socialistas, entre ellos el exl\u00edder del PSOE extreme\u00f1o Miguel \u00c1ngel Gallardo. La sentencia a\u00fan puede ser apelada.<\/p>\n","protected":false},"author":2,"featured_media":10601,"comment_status":"open","ping_status":"open","sticky":false,"template":"","format":"standard","meta":{"_acf_changed":false,"advanced_seo_description":"","jetpack_seo_html_title":"","jetpack_seo_noindex":false,"jetpack_seo_schema_type":"","_jetpack_newsletter_access":"","_jetpack_dont_email_post_to_subs":false,"_jetpack_newsletter_tier_id":0,"_jetpack_memberships_contains_paywalled_content":false,"_jetpack_feature_clip_id":0,"_jetpack_memberships_contains_paid_content":false,"footnotes":"","jetpack_post_was_ever_published":false},"categories":[1397,10],"tags":[737,1945,20,1943,334,884,1944],"class_list":["post-10600","post","type-post","status-publish","format-standard","has-post-thumbnail","hentry","category-espana","category-internacionales","tag-condena","tag-david-sanchez","tag-destacados","tag-inhabilitacion","tag-justicia","tag-pedro-sanchez","tag-prevaricacion"],"acf":[],"jetpack_featured_media_url":"https:\/\/elliberador.com\/wp-content\/uploads\/2026\/07\/Condena-David-Sanchez-Espana.webp","jetpack_sharing_enabled":true,"_links":{"self":[{"href":"https:\/\/elliberador.com\/index.php\/wp-json\/wp\/v2\/posts\/10600","targetHints":{"allow":["GET"]}}],"collection":[{"href":"https:\/\/elliberador.com\/index.php\/wp-json\/wp\/v2\/posts"}],"about":[{"href":"https:\/\/elliberador.com\/index.php\/wp-json\/wp\/v2\/types\/post"}],"author":[{"embeddable":true,"href":"https:\/\/elliberador.com\/index.php\/wp-json\/wp\/v2\/users\/2"}],"replies":[{"embeddable":true,"href":"https:\/\/elliberador.com\/index.php\/wp-json\/wp\/v2\/comments?post=10600"}],"version-history":[{"count":1,"href":"https:\/\/elliberador.com\/index.php\/wp-json\/wp\/v2\/posts\/10600\/revisions"}],"predecessor-version":[{"id":10602,"href":"https:\/\/elliberador.com\/index.php\/wp-json\/wp\/v2\/posts\/10600\/revisions\/10602"}],"wp:featuredmedia":[{"embeddable":true,"href":"https:\/\/elliberador.com\/index.php\/wp-json\/wp\/v2\/media\/10601"}],"wp:attachment":[{"href":"https:\/\/elliberador.com\/index.php\/wp-json\/wp\/v2\/media?parent=10600"}],"wp:term":[{"taxonomy":"category","embeddable":true,"href":"https:\/\/elliberador.com\/index.php\/wp-json\/wp\/v2\/categories?post=10600"},{"taxonomy":"post_tag","embeddable":true,"href":"https:\/\/elliberador.com\/index.php\/wp-json\/wp\/v2\/tags?post=10600"}],"curies":[{"name":"wp","href":"https:\/\/api.w.org\/{rel}","templated":true}]}}