{"id":10608,"date":"2026-07-14T16:02:36","date_gmt":"2026-07-14T19:02:36","guid":{"rendered":"https:\/\/elliberador.com\/?p=10608"},"modified":"2026-07-14T16:02:36","modified_gmt":"2026-07-14T19:02:36","slug":"monte-vera-un-concejal-de-la-libertad-avanza-denuncio-la-tala-criminal-de-mas-de-40-eucaliptos-centenarios","status":"publish","type":"post","link":"https:\/\/elliberador.com\/index.php\/2026\/07\/14\/monte-vera-un-concejal-de-la-libertad-avanza-denuncio-la-tala-criminal-de-mas-de-40-eucaliptos-centenarios\/","title":{"rendered":"Monte Vera: un concejal de La Libertad Avanza denunci\u00f3 la tala criminal de m\u00e1s de 40 eucaliptos centenarios"},"content":{"rendered":"\n<p class=\"wp-block-paragraph\">La tala de decenas de eucaliptos en el predio ferroviario de <strong>Monte Vera<\/strong> gener\u00f3 preocupaci\u00f3n entre los vecinos y abri\u00f3 un fuerte cuestionamiento hacia la administraci\u00f3n del intendente de Unidos, <strong>Luis \u00abBeto\u00bb Pallero<\/strong>. El concejal de <strong>La Libertad Avanza<\/strong>,<strong> Dar\u00edo Juan<\/strong>, denunci\u00f3 que<strong> fueron derribados m\u00e1s de 40 \u00e1rboles<\/strong>, pese a que inicialmente se hab\u00eda informado que solo ser\u00edan retirados los ejemplares secos o que representaban un riesgo.<\/p>\n\n\n\n<p class=\"wp-block-paragraph\">La arboleda est\u00e1 ubicada frente a la antigua estaci\u00f3n del ferrocarril y forma parte del paisaje hist\u00f3rico de la localidad santafesina. De acuerdo con el edil, algunos de los eucaliptos tienen m\u00e1s de 100 a\u00f1os y el sector constituye uno de los principales pulmones verdes de Monte Vera.<\/p>\n\n\n\n<p class=\"wp-block-paragraph\">\u201cLo que se hab\u00eda hablado era de sacar solamente los \u00e1rboles secos, pero se sacaron m\u00e1s de 40. Es un crimen lo que han hecho\u201d, afirm\u00f3 Juan en di\u00e1logo con <strong><em>El Liberador<\/em><\/strong>.<\/p>\n\n\n\n<p class=\"wp-block-paragraph\">Seg\u00fan explic\u00f3, el predio cuenta con aproximadamente 150 \u00e1rboles. Tras la intervenci\u00f3n, sostuvo que amplios sectores quedaron pr\u00e1cticamente vac\u00edos y que la p\u00e9rdida no fue solamente ambiental, sino tambi\u00e9n paisaj\u00edstica e hist\u00f3rica.<\/p>\n\n\n\n<figure class=\"wp-block-image size-large\"><img fetchpriority=\"high\" decoding=\"async\" width=\"1024\" height=\"576\" src=\"https:\/\/elliberador.com\/wp-content\/uploads\/2026\/07\/monte-vera-intendente-1200x675-1-1024x576.webp\" alt=\"\" class=\"wp-image-10611\" srcset=\"https:\/\/elliberador.com\/wp-content\/uploads\/2026\/07\/monte-vera-intendente-1200x675-1-1024x576.webp 1024w, https:\/\/elliberador.com\/wp-content\/uploads\/2026\/07\/monte-vera-intendente-1200x675-1-300x169.webp 300w, https:\/\/elliberador.com\/wp-content\/uploads\/2026\/07\/monte-vera-intendente-1200x675-1-768x432.webp 768w, https:\/\/elliberador.com\/wp-content\/uploads\/2026\/07\/monte-vera-intendente-1200x675-1.webp 1200w\" sizes=\"(max-width: 1024px) 100vw, 1024px\" \/><\/figure>\n\n\n\n<p class=\"wp-block-paragraph\">El concejal relat\u00f3 adem\u00e1s que durante la tala cayeron numerosos nidos y que los vecinos encontraron aves muertas entre las ramas. \u201cHab\u00eda un mont\u00f3n de p\u00e1jaros. Cayeron los nidos y la gente iba a sacar fotos de los p\u00e1jaros muertos. La verdad es que fue terrible lo que se vivi\u00f3 durante esos d\u00edas\u201d, se\u00f1al\u00f3.<\/p>\n\n\n\n<p class=\"wp-block-paragraph\">Frente al avance de los trabajos, Juan present\u00f3 una minuta de comunicaci\u00f3n en el Concejo para solicitar informaci\u00f3n al Ejecutivo municipal. El objetivo era conocer cu\u00e1ntos \u00e1rboles se iban a retirar, qu\u00e9 criterios t\u00e9cnicos se hab\u00edan utilizado y cu\u00e1l era el proyecto previsto para el lugar.<\/p>\n\n\n\n<p class=\"wp-block-paragraph\">El edil indic\u00f3 que las autoridades hab\u00edan mencionado la posibilidad de construir un circuito entre los \u00e1rboles, aunque asegur\u00f3 que nunca se detall\u00f3 con claridad el alcance de la obra.<\/p>\n\n\n\n<p class=\"wp-block-paragraph\">Ante la falta de precisiones, se present\u00f3 un nuevo pedido para detener la tala hasta que el municipio informara oficialmente qu\u00e9 intervenci\u00f3n pensaba realizar. Paralelamente, vecinos autoconvocados organizaron un abrazo simb\u00f3lico alrededor de los eucaliptos para reclamar que se preservara la arboleda.<\/p>\n\n\n\n<p class=\"wp-block-paragraph\">Juan particip\u00f3 de la manifestaci\u00f3n y acompa\u00f1\u00f3 el reclamo. La presi\u00f3n de los habitantes finalmente consigui\u00f3 que la Municipalidad suspendiera los trabajos. El concejal libertario tambi\u00e9n remarc\u00f3 que el terreno pertenece al Estado nacional y que fue cedido al gobierno local para su cuidado y mantenimiento.<\/p>\n\n\n\n<p class=\"wp-block-paragraph\">\u201cEl predio del ferrocarril es nacional. La Naci\u00f3n se lo da a la Municipalidad para que lo mantenga, no para que se pongan a cortar los \u00e1rboles\u201d, cuestion\u00f3.<\/p>\n\n\n\n<p class=\"wp-block-paragraph\">Desde el municipio argumentaron que la intervenci\u00f3n ten\u00eda como finalidad retirar ejemplares secos o deteriorados y reemplazarlos progresivamente por especies nativas. Sin embargo, la cantidad de \u00e1rboles efectivamente derribados qued\u00f3 en el centro de la controversia.<\/p>\n\n\n\n<p class=\"wp-block-paragraph\">Juan reclam\u00f3 que se determine con precisi\u00f3n cu\u00e1ntos eucaliptos fueron talados, qui\u00e9n autoriz\u00f3 la intervenci\u00f3n y qu\u00e9 plan se implementar\u00e1 para recuperar el sector.<\/p>\n\n\n\n<p class=\"wp-block-paragraph\">Para los vecinos, el reclamo no se limita a una discusi\u00f3n sobre el arbolado p\u00fablico o al impacto ambiental. La arboleda del ferrocarril representa una parte de la historia de Monte Vera y un espacio que durante generaciones form\u00f3 parte de la vida cotidiana de la localidad.<\/p>\n\n\n\n<p class=\"wp-block-paragraph\"><\/p>\n","protected":false},"excerpt":{"rendered":"<p>Dar\u00edo Juan sostuvo que el municipio deb\u00eda retirar \u00fanicamente los ejemplares secos o peligrosos, pero asegur\u00f3 que los trabajos avanzaron sobre buena parte de la hist\u00f3rica arboleda ubicada frente a la estaci\u00f3n ferroviaria. La movilizaci\u00f3n de los vecinos logr\u00f3 frenar la intervenci\u00f3n.<\/p>\n","protected":false},"author":2,"featured_media":10610,"comment_status":"open","ping_status":"open","sticky":false,"template":"","format":"standard","meta":{"_acf_changed":false,"advanced_seo_description":"","jetpack_seo_html_title":"","jetpack_seo_noindex":false,"jetpack_seo_schema_type":"","_jetpack_newsletter_access":"","_jetpack_dont_email_post_to_subs":false,"_jetpack_newsletter_tier_id":0,"_jetpack_memberships_contains_paywalled_content":false,"_jetpack_feature_clip_id":0,"_jetpack_memberships_contains_paid_content":false,"footnotes":"","jetpack_post_was_ever_published":false},"categories":[783],"tags":[1947,20,1951,1950,1952,47,1946,1948],"class_list":["post-10608","post","type-post","status-publish","format-standard","has-post-thumbnail","hentry","category-ambiente","tag-dario-juan","tag-destacados","tag-estacion","tag-eucaliptos","tag-ferrocarril","tag-la-libertad-avanza","tag-monte-vera","tag-tala"],"acf":[],"jetpack_featured_media_url":"https:\/\/elliberador.com\/wp-content\/uploads\/2026\/07\/Monte-Vera-Tala-de-Arboles-Movilizacion.webp","jetpack_sharing_enabled":true,"_links":{"self":[{"href":"https:\/\/elliberador.com\/index.php\/wp-json\/wp\/v2\/posts\/10608","targetHints":{"allow":["GET"]}}],"collection":[{"href":"https:\/\/elliberador.com\/index.php\/wp-json\/wp\/v2\/posts"}],"about":[{"href":"https:\/\/elliberador.com\/index.php\/wp-json\/wp\/v2\/types\/post"}],"author":[{"embeddable":true,"href":"https:\/\/elliberador.com\/index.php\/wp-json\/wp\/v2\/users\/2"}],"replies":[{"embeddable":true,"href":"https:\/\/elliberador.com\/index.php\/wp-json\/wp\/v2\/comments?post=10608"}],"version-history":[{"count":2,"href":"https:\/\/elliberador.com\/index.php\/wp-json\/wp\/v2\/posts\/10608\/revisions"}],"predecessor-version":[{"id":10612,"href":"https:\/\/elliberador.com\/index.php\/wp-json\/wp\/v2\/posts\/10608\/revisions\/10612"}],"wp:featuredmedia":[{"embeddable":true,"href":"https:\/\/elliberador.com\/index.php\/wp-json\/wp\/v2\/media\/10610"}],"wp:attachment":[{"href":"https:\/\/elliberador.com\/index.php\/wp-json\/wp\/v2\/media?parent=10608"}],"wp:term":[{"taxonomy":"category","embeddable":true,"href":"https:\/\/elliberador.com\/index.php\/wp-json\/wp\/v2\/categories?post=10608"},{"taxonomy":"post_tag","embeddable":true,"href":"https:\/\/elliberador.com\/index.php\/wp-json\/wp\/v2\/tags?post=10608"}],"curies":[{"name":"wp","href":"https:\/\/api.w.org\/{rel}","templated":true}]}}