{"id":10617,"date":"2026-07-14T18:27:39","date_gmt":"2026-07-14T21:27:39","guid":{"rendered":"https:\/\/elliberador.com\/?p=10617"},"modified":"2026-07-14T18:33:00","modified_gmt":"2026-07-14T21:33:00","slug":"la-inflacion-perforo-el-2-y-alcanzo-en-junio-el-nivel-mas-bajo-de-los-ultimos-diez-meses","status":"publish","type":"post","link":"https:\/\/elliberador.com\/index.php\/2026\/07\/14\/la-inflacion-perforo-el-2-y-alcanzo-en-junio-el-nivel-mas-bajo-de-los-ultimos-diez-meses\/","title":{"rendered":"La inflaci\u00f3n perfor\u00f3 el 2% y alcanz\u00f3 en junio el nivel m\u00e1s bajo de los \u00faltimos diez meses"},"content":{"rendered":"\n<p class=\"wp-block-paragraph\">La inflaci\u00f3n volvi\u00f3 a desacelerarse en junio y perfor\u00f3 la barrera del 2% mensual. <strong>El<\/strong> <strong>\u00cdndice de Precios al Consumidor<\/strong> <strong>(IPC) registr\u00f3 una suba de 1,9%<\/strong>, acumul\u00f3 16,8% durante el primer semestre y alcanz\u00f3 una variaci\u00f3n interanual de 33,5%, seg\u00fan inform\u00f3 este martes el Instituto Nacional de Estad\u00edstica y Censos.<\/p>\n\n\n\n<p class=\"wp-block-paragraph\">El dato represent\u00f3 una baja de 0,2 puntos porcentuales frente al 2,1% registrado en mayo y se convirti\u00f3 en la cifra mensual m\u00e1s baja desde agosto de 2025. Tambi\u00e9n qued\u00f3 por debajo del 2% que hab\u00edan proyectado las consultoras relevadas por el Banco Central.<\/p>\n\n\n\n<p class=\"wp-block-paragraph\">El ministro de Econom\u00eda, Luis Caputo, destac\u00f3 el resultado y remarc\u00f3 que la inflaci\u00f3n n\u00facleo, que excluye los precios regulados y estacionales, fue la menor desde julio del a\u00f1o pasado.<\/p>\n\n\n\n<p class=\"wp-block-paragraph\">Ese indicador avanz\u00f3 apenas 1,6% durante junio, contra el 1,9% del mes anterior. Su evoluci\u00f3n es seguida especialmente por los analistas porque permite observar con mayor claridad la tendencia de fondo de los precios, sin contemplar movimientos puntuales o definidos administrativamente.<\/p>\n\n\n\n<p class=\"wp-block-paragraph\">Los productos estacionales subieron 3,4%, impulsados principalmente por las verduras y los servicios tur\u00edsticos, mientras que los precios regulados aumentaron 2,3% como consecuencia de los ajustes en electricidad y transporte p\u00fablico.<\/p>\n\n\n\n<p class=\"wp-block-paragraph\">Entre las divisiones que componen el \u00edndice, Recreaci\u00f3n y cultura encabez\u00f3 los aumentos con una variaci\u00f3n de 4,2%. El incremento estuvo relacionado principalmente con los mayores precios de los paquetes tur\u00edsticos.<\/p>\n\n\n\n<p class=\"wp-block-paragraph\">En segundo lugar se ubic\u00f3 Vivienda, agua, electricidad, gas y otros combustibles, que avanz\u00f3 3,3% por el impacto de las tarifas el\u00e9ctricas, los alquileres y otros gastos vinculados con el mantenimiento de los hogares.<\/p>\n\n\n\n<p class=\"wp-block-paragraph\">En el otro extremo, Prendas de vestir y calzado registr\u00f3 una suba de apenas 0,4%, mientras que Comunicaciones aument\u00f3 0,9%.<\/p>\n\n\n\n<p class=\"wp-block-paragraph\">Uno de los datos m\u00e1s relevantes fue el comportamiento de Alimentos y bebidas no alcoh\u00f3licas, que avanz\u00f3 1,3% y qued\u00f3 por debajo del nivel general. El rubro tuvo una incidencia importante en las regiones Pampeana, Noroeste y Cuyo debido a las subas registradas en verduras, pan y cereales.<\/p>\n\n\n\n<p class=\"wp-block-paragraph\">Los bienes en su conjunto aumentaron 1,4%, mientras que los servicios presentaron una variaci\u00f3n mayor por el impacto de los ajustes en tarifas, alquileres y turismo.<\/p>\n\n\n\n<p class=\"wp-block-paragraph\">Desde el Palacio de Hacienda consideraron que el resultado confirm\u00f3 la continuidad del proceso de desinflaci\u00f3n. Caputo se\u00f1al\u00f3 que el promedio m\u00f3vil de los \u00faltimos tres meses volvi\u00f3 a disminuir y se ubic\u00f3 en el nivel m\u00e1s bajo desde octubre de 2025.<\/p>\n\n\n\n<p class=\"wp-block-paragraph\">\u201cLa variaci\u00f3n del nivel general fue la m\u00e1s baja desde agosto de 2025, en tanto la inflaci\u00f3n n\u00facleo fue la menor desde julio del a\u00f1o pasado\u201d, sostuvo el funcionario.<\/p>\n\n\n\n<p class=\"wp-block-paragraph\">Los economistas privados tambi\u00e9n resaltaron la composici\u00f3n del \u00edndice. M\u00e1s all\u00e1 de que los productos estacionales se movieron por encima del promedio, la inflaci\u00f3n n\u00facleo y los bienes de consumo masivo mostraron aumentos m\u00e1s moderados.<\/p>\n\n\n\n<p class=\"wp-block-paragraph\">Especialistas se\u00f1alaron que el equilibrio fiscal, la estabilidad cambiaria y la pol\u00edtica monetaria contractiva contin\u00faan funcionando como los principales factores detr\u00e1s de la desaceleraci\u00f3n.<\/p>\n\n\n\n<p class=\"wp-block-paragraph\">La cifra oficial tambi\u00e9n mejor\u00f3 las previsiones del mercado. El Relevamiento de Expectativas de Mercado del Banco Central hab\u00eda estimado una inflaci\u00f3n de 2% para junio, mientras que algunas consultoras privadas hab\u00edan anticipado resultados de entre 1,8% y 1,9%.<\/p>\n\n\n\n<p class=\"wp-block-paragraph\">Con el nuevo dato, la inflaci\u00f3n complet\u00f3 tres meses consecutivos de desaceleraci\u00f3n: hab\u00eda alcanzado 3,4% en marzo, baj\u00f3 a 2,6% en abril, retrocedi\u00f3 a 2,1% en mayo y finalmente lleg\u00f3 al 1,9% en junio.<\/p>\n\n\n\n<p class=\"wp-block-paragraph\">La evoluci\u00f3n consolid\u00f3 uno de los principales objetivos econ\u00f3micos del Gobierno de Javier Milei. Las previsiones privadas anticipan que la tendencia podr\u00eda continuar durante el segundo semestre, con registros mensuales cada vez m\u00e1s pr\u00f3ximos al 1%, siempre que se mantengan la disciplina fiscal y la estabilidad del tipo de cambio.<\/p>\n\n\n\n<p class=\"wp-block-paragraph\"><\/p>\n","protected":false},"excerpt":{"rendered":"<p>El \u00cdndice de Precios al Consumidor avanz\u00f3 1,9% durante el sexto mes del a\u00f1o, por debajo del dato de mayo y de las previsiones del mercado. La inflaci\u00f3n n\u00facleo tambi\u00e9n retrocedi\u00f3 y se ubic\u00f3 en 1,6%.<\/p>\n","protected":false},"author":2,"featured_media":10620,"comment_status":"open","ping_status":"open","sticky":false,"template":"","format":"standard","meta":{"_acf_changed":false,"advanced_seo_description":"","jetpack_seo_html_title":"","jetpack_seo_noindex":false,"jetpack_seo_schema_type":"","_jetpack_newsletter_access":"","_jetpack_dont_email_post_to_subs":false,"_jetpack_newsletter_tier_id":0,"_jetpack_memberships_contains_paywalled_content":false,"_jetpack_feature_clip_id":0,"_jetpack_memberships_contains_paid_content":false,"footnotes":"","jetpack_post_was_ever_published":false},"categories":[2],"tags":[20,73,1663],"class_list":["post-10617","post","type-post","status-publish","format-standard","has-post-thumbnail","hentry","category-economia","tag-destacados","tag-inflacion","tag-junio"],"acf":[],"jetpack_featured_media_url":"https:\/\/elliberador.com\/wp-content\/uploads\/2026\/07\/Inflacion-Milei.webp","jetpack_sharing_enabled":true,"_links":{"self":[{"href":"https:\/\/elliberador.com\/index.php\/wp-json\/wp\/v2\/posts\/10617","targetHints":{"allow":["GET"]}}],"collection":[{"href":"https:\/\/elliberador.com\/index.php\/wp-json\/wp\/v2\/posts"}],"about":[{"href":"https:\/\/elliberador.com\/index.php\/wp-json\/wp\/v2\/types\/post"}],"author":[{"embeddable":true,"href":"https:\/\/elliberador.com\/index.php\/wp-json\/wp\/v2\/users\/2"}],"replies":[{"embeddable":true,"href":"https:\/\/elliberador.com\/index.php\/wp-json\/wp\/v2\/comments?post=10617"}],"version-history":[{"count":1,"href":"https:\/\/elliberador.com\/index.php\/wp-json\/wp\/v2\/posts\/10617\/revisions"}],"predecessor-version":[{"id":10618,"href":"https:\/\/elliberador.com\/index.php\/wp-json\/wp\/v2\/posts\/10617\/revisions\/10618"}],"wp:featuredmedia":[{"embeddable":true,"href":"https:\/\/elliberador.com\/index.php\/wp-json\/wp\/v2\/media\/10620"}],"wp:attachment":[{"href":"https:\/\/elliberador.com\/index.php\/wp-json\/wp\/v2\/media?parent=10617"}],"wp:term":[{"taxonomy":"category","embeddable":true,"href":"https:\/\/elliberador.com\/index.php\/wp-json\/wp\/v2\/categories?post=10617"},{"taxonomy":"post_tag","embeddable":true,"href":"https:\/\/elliberador.com\/index.php\/wp-json\/wp\/v2\/tags?post=10617"}],"curies":[{"name":"wp","href":"https:\/\/api.w.org\/{rel}","templated":true}]}}