{"id":10630,"date":"2026-07-15T08:08:49","date_gmt":"2026-07-15T11:08:49","guid":{"rendered":"https:\/\/elliberador.com\/?p=10630"},"modified":"2026-07-15T08:08:51","modified_gmt":"2026-07-15T11:08:51","slug":"horror-en-misiones-una-madre-asesino-a-su-hijo-de-8-anos-y-el-padre-denuncia-que-la-justicia-llego-demasiado-tarde","status":"publish","type":"post","link":"https:\/\/elliberador.com\/index.php\/2026\/07\/15\/horror-en-misiones-una-madre-asesino-a-su-hijo-de-8-anos-y-el-padre-denuncia-que-la-justicia-llego-demasiado-tarde\/","title":{"rendered":"Horror en Misiones: una madre asesin\u00f3 a su hijo de 8 a\u00f1os y el padre denuncia que la Justicia lleg\u00f3 demasiado tarde"},"content":{"rendered":"\n<p class=\"wp-block-paragraph\">Una tragedia conmociona a la provincia de <strong>Misiones <\/strong>y vuelve a poner bajo la lupa el funcionamiento del sistema judicial en los conflictos familiares. <strong>Una mujer fue detenida acusada de asesinar a su hijo de ocho a\u00f1os<\/strong>, un ni\u00f1o con retraso madurativo cuya situaci\u00f3n era conocida por la Justicia debido a un prolongado conflicto entre sus padres.<\/p>\n\n\n\n<p class=\"wp-block-paragraph\">El padre del menor sostuvo que hab\u00eda presentado denuncias y advertencias sobre el riesgo que atravesaba su hijo, pero afirm\u00f3 que <strong>las medidas judiciales nunca llegaron a tiempo<\/strong>.<\/p>\n\n\n\n<p class=\"wp-block-paragraph\">Seg\u00fan su testimonio, los feriados y la demora en la actuaci\u00f3n de los organismos competentes terminaron siendo determinantes para que no pudiera evitarse el desenlace fatal.<\/p>\n\n\n\n<p class=\"wp-block-paragraph\">La investigaci\u00f3n intenta reconstruir las \u00faltimas horas del ni\u00f1o y establecer cu\u00e1l era el estado de salud mental de la mujer al momento del hecho.<\/p>\n\n\n\n<p class=\"wp-block-paragraph\">Mientras tanto, los peritos analizan distintos elementos secuestrados en la vivienda y toman declaraci\u00f3n a familiares, vecinos y profesionales que hab\u00edan intervenido anteriormente en el caso.<\/p>\n\n\n\n<p class=\"wp-block-paragraph\">El crimen reabri\u00f3 el debate sobre la rapidez con la que act\u00faan los tribunales de familia cuando existen denuncias por violencia, problemas psiqui\u00e1tricos o situaciones de vulnerabilidad que involucran a menores.<\/p>\n\n\n\n<p class=\"wp-block-paragraph\">La Justicia deber\u00e1 determinar ahora si existieron fallas institucionales que pudieron haber contribuido a que el caso terminara de la peor manera.<\/p>\n\n\n\n<p class=\"wp-block-paragraph\">La mujer permanece detenida mientras avanza la causa por homicidio agravado.<\/p>\n\n\n\n<p class=\"wp-block-paragraph\"><\/p>\n","protected":false},"excerpt":{"rendered":"<p>El ni\u00f1o ten\u00eda retraso madurativo. La familia asegura que hab\u00eda advertido reiteradamente sobre la gravedad de la situaci\u00f3n y responsabiliz\u00f3 a las demoras judiciales por no haber evitado la tragedia. La investigaci\u00f3n busca determinar las circunstancias del crimen.<\/p>\n","protected":false},"author":2,"featured_media":10635,"comment_status":"open","ping_status":"open","sticky":false,"template":"","format":"standard","meta":{"_acf_changed":false,"advanced_seo_description":"","jetpack_seo_html_title":"","jetpack_seo_noindex":false,"jetpack_seo_schema_type":"","_jetpack_newsletter_access":"","_jetpack_dont_email_post_to_subs":false,"_jetpack_newsletter_tier_id":0,"_jetpack_memberships_contains_paywalled_content":false,"_jetpack_feature_clip_id":0,"_jetpack_memberships_contains_paid_content":false,"footnotes":"","jetpack_post_was_ever_published":false},"categories":[59],"tags":[1921,20,1959,1958,334,1957,1960],"class_list":["post-10630","post","type-post","status-publish","format-standard","has-post-thumbnail","hentry","category-justicia","tag-asesinato","tag-destacados","tag-hijo","tag-homicidio","tag-justicia","tag-misiones","tag-mujer"],"acf":[],"jetpack_featured_media_url":"https:\/\/elliberador.com\/wp-content\/uploads\/2026\/07\/Mujer-asesino-hijo-Misiones.webp","jetpack_sharing_enabled":true,"_links":{"self":[{"href":"https:\/\/elliberador.com\/index.php\/wp-json\/wp\/v2\/posts\/10630","targetHints":{"allow":["GET"]}}],"collection":[{"href":"https:\/\/elliberador.com\/index.php\/wp-json\/wp\/v2\/posts"}],"about":[{"href":"https:\/\/elliberador.com\/index.php\/wp-json\/wp\/v2\/types\/post"}],"author":[{"embeddable":true,"href":"https:\/\/elliberador.com\/index.php\/wp-json\/wp\/v2\/users\/2"}],"replies":[{"embeddable":true,"href":"https:\/\/elliberador.com\/index.php\/wp-json\/wp\/v2\/comments?post=10630"}],"version-history":[{"count":1,"href":"https:\/\/elliberador.com\/index.php\/wp-json\/wp\/v2\/posts\/10630\/revisions"}],"predecessor-version":[{"id":10636,"href":"https:\/\/elliberador.com\/index.php\/wp-json\/wp\/v2\/posts\/10630\/revisions\/10636"}],"wp:featuredmedia":[{"embeddable":true,"href":"https:\/\/elliberador.com\/index.php\/wp-json\/wp\/v2\/media\/10635"}],"wp:attachment":[{"href":"https:\/\/elliberador.com\/index.php\/wp-json\/wp\/v2\/media?parent=10630"}],"wp:term":[{"taxonomy":"category","embeddable":true,"href":"https:\/\/elliberador.com\/index.php\/wp-json\/wp\/v2\/categories?post=10630"},{"taxonomy":"post_tag","embeddable":true,"href":"https:\/\/elliberador.com\/index.php\/wp-json\/wp\/v2\/tags?post=10630"}],"curies":[{"name":"wp","href":"https:\/\/api.w.org\/{rel}","templated":true}]}}