{"id":10631,"date":"2026-07-15T08:15:56","date_gmt":"2026-07-15T11:15:56","guid":{"rendered":"https:\/\/elliberador.com\/?p=10631"},"modified":"2026-07-15T08:15:57","modified_gmt":"2026-07-15T11:15:57","slug":"el-banco-central-logro-una-compra-record-desde-que-asumio-milei-y-sumo-us532-millones-en-un-dia","status":"publish","type":"post","link":"https:\/\/elliberador.com\/index.php\/2026\/07\/15\/el-banco-central-logro-una-compra-record-desde-que-asumio-milei-y-sumo-us532-millones-en-un-dia\/","title":{"rendered":"El Banco Central logr\u00f3 una compra r\u00e9cord desde que asumi\u00f3 Milei y sum\u00f3 u$s532 millones en un d\u00eda"},"content":{"rendered":"\n<p class=\"wp-block-paragraph\">El <strong>Banco Central de la Rep\u00fablica Argentina (BCRA)<\/strong> registr\u00f3 este martes la mayor compra diaria de divisas desde el inicio del gobierno de Javier Milei y marc\u00f3 un nuevo r\u00e9cord en el proceso de recomposici\u00f3n de reservas. La autoridad monetaria adquiri\u00f3 <strong>u$s532 millones<\/strong>, el saldo comprador m\u00e1s importante de la actual gesti\u00f3n y el m\u00e1s elevado desde diciembre de 2022.<\/p>\n\n\n\n<p class=\"wp-block-paragraph\">Con este resultado, el organismo encaden\u00f3 <strong>126 ruedas consecutivas con saldo positivo<\/strong>, una marca in\u00e9dita durante los \u00faltimos a\u00f1os de la econom\u00eda argentina.<\/p>\n\n\n\n<p class=\"wp-block-paragraph\">Adem\u00e1s, las compras acumuladas durante 2026 ya superan los <strong>u$s12.000 millones<\/strong>, fortaleciendo la posici\u00f3n de reservas internacionales y consolidando uno de los principales objetivos del programa econ\u00f3mico del Gobierno.<\/p>\n\n\n\n<p class=\"wp-block-paragraph\">El fortalecimiento del Banco Central constituye uno de los pilares del plan de estabilizaci\u00f3n impulsado por la administraci\u00f3n libertaria, que combin\u00f3 equilibrio fiscal, reducci\u00f3n de la emisi\u00f3n monetaria y una pol\u00edtica cambiaria orientada a reconstruir la confianza.<\/p>\n\n\n\n<p class=\"wp-block-paragraph\">El aumento sostenido de reservas tambi\u00e9n mejora la capacidad del pa\u00eds para afrontar compromisos financieros y reduce la vulnerabilidad frente a eventuales shocks externos.<\/p>\n\n\n\n<p class=\"wp-block-paragraph\">Desde el Gobierno sostienen que estos resultados reflejan la recuperaci\u00f3n de la credibilidad econ\u00f3mica y el ingreso genuino de divisas, muy diferente del esquema de controles y emisi\u00f3n que predomin\u00f3 durante los gobiernos kirchneristas.<\/p>\n\n\n\n<p class=\"wp-block-paragraph\">La compra r\u00e9cord se produjo en una jornada en la que el mercado mostr\u00f3 una importante liquidaci\u00f3n de exportaciones, favorecida por la estabilidad macroecon\u00f3mica y el nuevo marco de incentivos impulsado por el Ejecutivo.<\/p>\n\n\n\n<p class=\"wp-block-paragraph\">Para el equipo econ\u00f3mico encabezado por Luis Caputo, la recomposici\u00f3n de reservas constituye una condici\u00f3n indispensable para consolidar la baja de la inflaci\u00f3n, fortalecer el peso y avanzar hacia una econom\u00eda con menor intervenci\u00f3n estatal y mayor previsibilidad para las inversiones.<\/p>\n\n\n\n<p class=\"wp-block-paragraph\"><\/p>\n","protected":false},"excerpt":{"rendered":"<p>La autoridad monetaria adquiri\u00f3 u$s532 millones en una sola jornada, la cifra m\u00e1s alta desde que Javier Milei lleg\u00f3 a la Presidencia y la mayor desde diciembre de 2022. En lo que va del a\u00f1o ya acumul\u00f3 m\u00e1s de u$s12.000 millones.<\/p>\n","protected":false},"author":2,"featured_media":8294,"comment_status":"open","ping_status":"open","sticky":false,"template":"","format":"standard","meta":{"_acf_changed":false,"advanced_seo_description":"","jetpack_seo_html_title":"","jetpack_seo_noindex":false,"jetpack_seo_schema_type":"","_jetpack_newsletter_access":"","_jetpack_dont_email_post_to_subs":false,"_jetpack_newsletter_tier_id":0,"_jetpack_memberships_contains_paywalled_content":false,"_jetpack_feature_clip_id":0,"_jetpack_memberships_contains_paid_content":false,"footnotes":"","jetpack_post_was_ever_published":false},"categories":[2],"tags":[789,867,1961,20,119,56,1435],"class_list":["post-10631","post","type-post","status-publish","format-standard","has-post-thumbnail","hentry","category-economia","tag-banco-central","tag-bcra","tag-compras","tag-destacados","tag-javier-milei","tag-milei","tag-reservas"],"acf":[],"jetpack_featured_media_url":"https:\/\/elliberador.com\/wp-content\/uploads\/2026\/05\/bcra-dolares.webp","jetpack_sharing_enabled":true,"_links":{"self":[{"href":"https:\/\/elliberador.com\/index.php\/wp-json\/wp\/v2\/posts\/10631","targetHints":{"allow":["GET"]}}],"collection":[{"href":"https:\/\/elliberador.com\/index.php\/wp-json\/wp\/v2\/posts"}],"about":[{"href":"https:\/\/elliberador.com\/index.php\/wp-json\/wp\/v2\/types\/post"}],"author":[{"embeddable":true,"href":"https:\/\/elliberador.com\/index.php\/wp-json\/wp\/v2\/users\/2"}],"replies":[{"embeddable":true,"href":"https:\/\/elliberador.com\/index.php\/wp-json\/wp\/v2\/comments?post=10631"}],"version-history":[{"count":1,"href":"https:\/\/elliberador.com\/index.php\/wp-json\/wp\/v2\/posts\/10631\/revisions"}],"predecessor-version":[{"id":10637,"href":"https:\/\/elliberador.com\/index.php\/wp-json\/wp\/v2\/posts\/10631\/revisions\/10637"}],"wp:featuredmedia":[{"embeddable":true,"href":"https:\/\/elliberador.com\/index.php\/wp-json\/wp\/v2\/media\/8294"}],"wp:attachment":[{"href":"https:\/\/elliberador.com\/index.php\/wp-json\/wp\/v2\/media?parent=10631"}],"wp:term":[{"taxonomy":"category","embeddable":true,"href":"https:\/\/elliberador.com\/index.php\/wp-json\/wp\/v2\/categories?post=10631"},{"taxonomy":"post_tag","embeddable":true,"href":"https:\/\/elliberador.com\/index.php\/wp-json\/wp\/v2\/tags?post=10631"}],"curies":[{"name":"wp","href":"https:\/\/api.w.org\/{rel}","templated":true}]}}