{"id":10632,"date":"2026-07-15T08:01:40","date_gmt":"2026-07-15T11:01:40","guid":{"rendered":"https:\/\/elliberador.com\/?p=10632"},"modified":"2026-07-15T08:02:32","modified_gmt":"2026-07-15T11:02:32","slug":"milei-acelera-la-revolucion-aerea-argentina-firma-un-acuerdo-historico-de-cielos-abiertos-con-brasil-chile-y-paraguay","status":"publish","type":"post","link":"https:\/\/elliberador.com\/index.php\/2026\/07\/15\/milei-acelera-la-revolucion-aerea-argentina-firma-un-acuerdo-historico-de-cielos-abiertos-con-brasil-chile-y-paraguay\/","title":{"rendered":"Milei acelera la revoluci\u00f3n a\u00e9rea: Argentina firma un acuerdo hist\u00f3rico de cielos abiertos con Brasil, Chile y Paraguay"},"content":{"rendered":"\n<p class=\"wp-block-paragraph\">La administraci\u00f3n de <strong>Javier Milei <\/strong>profundiz\u00f3 este martes su agenda de apertura econ\u00f3mica con la firma de un memor\u00e1ndum de entendimiento junto a <strong>Brasil<\/strong>, <strong>Chile <\/strong>y <strong>Paraguay <\/strong>para avanzar en la creaci\u00f3n del denominado <strong>Cielo \u00danico Sudamericano<\/strong>.<\/p>\n\n\n\n<p class=\"wp-block-paragraph\">El acuerdo, bautizado como <strong>Acuerdo de Liberalizaci\u00f3n A\u00e9rea Sudamericana (ALAS)<\/strong>, constituye el primer paso para eliminar restricciones hist\u00f3ricas sobre el transporte a\u00e9reo regional y permitir que las compa\u00f1\u00edas operen con mayor libertad entre los pa\u00edses firmantes.<\/p>\n\n\n\n<p class=\"wp-block-paragraph\">La propuesta se inspira en el modelo europeo de cielos abiertos, que durante d\u00e9cadas impuls\u00f3 una fuerte expansi\u00f3n de la conectividad, el ingreso de nuevas aerol\u00edneas y una importante reducci\u00f3n en las tarifas para los pasajeros.<\/p>\n\n\n\n<p class=\"wp-block-paragraph\">El objetivo del Gobierno argentino es avanzar hacia un mercado m\u00e1s competitivo, dejando atr\u00e1s d\u00e9cadas de regulaciones que limitaron la oferta y protegieron posiciones dominantes dentro del sector aerocomercial.<\/p>\n\n\n\n<p class=\"wp-block-paragraph\">El memor\u00e1ndum establece el compromiso de los cuatro pa\u00edses para armonizar normas t\u00e9cnicas, facilitar la operaci\u00f3n de las compa\u00f1\u00edas a\u00e9reas y promover una mayor integraci\u00f3n regional mediante la liberalizaci\u00f3n del espacio a\u00e9reo.<\/p>\n\n\n\n<p class=\"wp-block-paragraph\">La iniciativa tambi\u00e9n busca favorecer el desarrollo del turismo, impulsar el comercio y facilitar el transporte de cargas dentro del Mercosur ampliado.<\/p>\n\n\n\n<p class=\"wp-block-paragraph\">Desde el Ejecutivo sostienen que una mayor competencia permitir\u00e1 incrementar las frecuencias, abrir nuevas rutas y ofrecer m\u00e1s alternativas para los pasajeros, replicando experiencias exitosas implementadas en otras regiones del mundo.<\/p>\n\n\n\n<p class=\"wp-block-paragraph\">La pol\u00edtica de cielos abiertos constituye uno de los ejes de la estrategia de desregulaci\u00f3n impulsada por Milei desde el inicio de su mandato. En los \u00faltimos meses, Argentina firm\u00f3 acuerdos similares con distintos pa\u00edses y avanz\u00f3 en reformas destinadas a flexibilizar el funcionamiento del sector aeron\u00e1utico.<\/p>\n\n\n\n<p class=\"wp-block-paragraph\">El desaf\u00edo ahora ser\u00e1 transformar el memor\u00e1ndum en acuerdos operativos concretos que permitan una integraci\u00f3n efectiva del mercado a\u00e9reo sudamericano.<\/p>\n\n\n\n<p class=\"wp-block-paragraph\"><\/p>\n","protected":false},"excerpt":{"rendered":"<p>El Gobierno nacional dio un nuevo paso en su pol\u00edtica de desregulaci\u00f3n al suscribir un memor\u00e1ndum con tres pa\u00edses de la regi\u00f3n para avanzar hacia un mercado aerocomercial integrado. La iniciativa busca multiplicar la oferta de vuelos, aumentar la competencia y reducir los costos para los pasajeros.<\/p>\n","protected":false},"author":2,"featured_media":5506,"comment_status":"open","ping_status":"open","sticky":false,"template":"","format":"standard","meta":{"_acf_changed":false,"advanced_seo_description":"","jetpack_seo_html_title":"","jetpack_seo_noindex":false,"jetpack_seo_schema_type":"","_jetpack_newsletter_access":"","_jetpack_dont_email_post_to_subs":false,"_jetpack_newsletter_tier_id":0,"_jetpack_memberships_contains_paywalled_content":false,"_jetpack_feature_clip_id":0,"_jetpack_memberships_contains_paid_content":false,"footnotes":"","jetpack_post_was_ever_published":false},"categories":[923,1],"tags":[1955,96,532,1954,20,56,276,1842],"class_list":["post-10632","post","type-post","status-publish","format-standard","has-post-thumbnail","hentry","category-desregulacion","category-sin-categoria","tag-aerocomercial","tag-argentina","tag-aviones","tag-cielos-abiertos","tag-destacados","tag-milei","tag-politica","tag-vuelos"],"acf":[],"jetpack_featured_media_url":"https:\/\/elliberador.com\/wp-content\/uploads\/2025\/12\/Milei-cielos-abiertos-Rosario.webp","jetpack_sharing_enabled":true,"_links":{"self":[{"href":"https:\/\/elliberador.com\/index.php\/wp-json\/wp\/v2\/posts\/10632","targetHints":{"allow":["GET"]}}],"collection":[{"href":"https:\/\/elliberador.com\/index.php\/wp-json\/wp\/v2\/posts"}],"about":[{"href":"https:\/\/elliberador.com\/index.php\/wp-json\/wp\/v2\/types\/post"}],"author":[{"embeddable":true,"href":"https:\/\/elliberador.com\/index.php\/wp-json\/wp\/v2\/users\/2"}],"replies":[{"embeddable":true,"href":"https:\/\/elliberador.com\/index.php\/wp-json\/wp\/v2\/comments?post=10632"}],"version-history":[{"count":1,"href":"https:\/\/elliberador.com\/index.php\/wp-json\/wp\/v2\/posts\/10632\/revisions"}],"predecessor-version":[{"id":10633,"href":"https:\/\/elliberador.com\/index.php\/wp-json\/wp\/v2\/posts\/10632\/revisions\/10633"}],"wp:featuredmedia":[{"embeddable":true,"href":"https:\/\/elliberador.com\/index.php\/wp-json\/wp\/v2\/media\/5506"}],"wp:attachment":[{"href":"https:\/\/elliberador.com\/index.php\/wp-json\/wp\/v2\/media?parent=10632"}],"wp:term":[{"taxonomy":"category","embeddable":true,"href":"https:\/\/elliberador.com\/index.php\/wp-json\/wp\/v2\/categories?post=10632"},{"taxonomy":"post_tag","embeddable":true,"href":"https:\/\/elliberador.com\/index.php\/wp-json\/wp\/v2\/tags?post=10632"}],"curies":[{"name":"wp","href":"https:\/\/api.w.org\/{rel}","templated":true}]}}