{"id":11995,"date":"2026-09-01T19:23:11","date_gmt":"2026-09-01T22:23:11","guid":{"rendered":"https:\/\/elliberador.com\/?p=11995"},"modified":"2026-09-01T22:09:31","modified_gmt":"2026-09-02T01:09:31","slug":"el-entramado-millonario-de-consultoras-amigas-de-maximiliano-pullaro-bots-pauta-dibujo-de-estadisticas-y-mas","status":"publish","type":"post","link":"https:\/\/elliberador.com\/index.php\/2026\/09\/01\/el-entramado-millonario-de-consultoras-amigas-de-maximiliano-pullaro-bots-pauta-dibujo-de-estadisticas-y-mas\/","title":{"rendered":"El entramado millonario de consultoras amigas de Maximiliano Pullaro: bots, pauta, dibujo de estadisticas y m\u00e1s"},"content":{"rendered":"\n<p class=\"wp-block-paragraph\"><strong>Smart Consumer S.A(Prosumia),Smart Data S.A.S., AdYouWish S.R.L., GyC comunicaciones, Managment &nbsp;&amp;<a href=\"https:\/\/myfconsultora.com.ar\/\"> <\/a>Fit y P&amp;P Social Media S.R.L.<\/strong> son las consultoras estrellas que manejan la imagen de Maximiliano Pullaro. Estas firmas ofrecen servicios de segmentaci\u00f3n pol\u00edtica, an\u00e1lisis de opini\u00f3n y desarrollo de campa\u00f1as en redes sociales. Son las responsables de ejercer <strong>fuertes despliegues de operaciones de influencia digital, la articulaci\u00f3n de redes de bots, manipulaci\u00f3n de datos, dibuje de estad\u00edsticas y la ejecuci\u00f3n de maniobras sospechosas en el entorno online.<\/strong>&nbsp;<\/p>\n\n\n\n<p class=\"wp-block-paragraph\"><strong>Guillermo Seita<\/strong> es el operador politico y \u201cestratega clave\u201d, asesor\u00f3 a Pullaro durante su campa\u00f1a y posteriormente continu\u00f3 vinculado a su gesti\u00f3n, es el consultor que dibuja la imagen de los gobernadores en las estadisticas y les adjudica multiples bots a las publicaciones y pautas millonarias, adem\u00e1s est\u00e1 involucrado de manera personal en los armados de los gobernadores ya que fue quien \u201ccre\u00f3\u201d el espacio \u201cProvincias unidas\u201d permitiendo que se involucre tambien de manera personal en los armados de otros gobernadores.<\/p>\n\n\n\n<p class=\"wp-block-paragraph\">M\u00e1s de la mitad del presupuesto de campa\u00f1a en Santa Fe de Provincias Unidas (PU), el frente encabezado por el gobernador Maximiliano Pullaro, termin\u00f3 en manos de Smart Consumer SA la cual recibi\u00f3 aproximadamente <strong>$450 millones en 2025 <\/strong>destinados exclusivamente a publicidad en redes sociales, a pesar de los deficientes resultados electorales de la coalici\u00f3n.<\/p>\n\n\n\n<p class=\"wp-block-paragraph\"><strong>&nbsp;<\/strong>La firma <strong>Prosumia<\/strong>, es propiedad de Smart Consumer S.A, una de las empresas del mencionado consultor pol\u00edtico Guillermo Seita con su socio, Gast\u00f3n Douek,(famoso por ser el \u201crey de trolls\u201d en una campa\u00f1a de Mexico y en la campa\u00f1a de Chubut), conocidos ambos por su experiencia en campa\u00f1as sucias y modificar datos a favor de quien les pague, tambi\u00e9n tienen el apodo de \u00absicarios de las redes\u00bb.<\/p>\n\n\n\n<div class=\"wp-block-jetpack-slideshow aligncenter\" data-effect=\"slide\" style=\"--aspect-ratio:calc(783 \/ 459)\"><div class=\"wp-block-jetpack-slideshow_container swiper\"><ul class=\"wp-block-jetpack-slideshow_swiper-wrapper swiper-wrapper\"><li class=\"wp-block-jetpack-slideshow_slide swiper-slide\"><figure><img fetchpriority=\"high\" decoding=\"async\" width=\"783\" height=\"459\" alt=\"\" class=\"wp-block-jetpack-slideshow_image wp-image-11997\" data-id=\"11997\" data-aspect-ratio=\"783 \/ 459\" src=\"https:\/\/elliberador.com\/wp-content\/uploads\/2026\/09\/image-3-edited.png\" srcset=\"https:\/\/elliberador.com\/wp-content\/uploads\/2026\/09\/image-3-edited.png 783w, https:\/\/elliberador.com\/wp-content\/uploads\/2026\/09\/image-3-edited-300x176.png 300w, https:\/\/elliberador.com\/wp-content\/uploads\/2026\/09\/image-3-edited-768x450.png 768w\" sizes=\"(max-width: 783px) 100vw, 783px\" \/><\/figure><\/li><\/ul><a class=\"wp-block-jetpack-slideshow_button-prev swiper-button-prev swiper-button-white\" role=\"button\"><\/a><a class=\"wp-block-jetpack-slideshow_button-next swiper-button-next swiper-button-white\" role=\"button\"><\/a><a aria-label=\"Pause Slideshow\" class=\"wp-block-jetpack-slideshow_button-pause\" role=\"button\"><\/a><div class=\"wp-block-jetpack-slideshow_pagination swiper-pagination swiper-pagination-white\"><\/div><\/div><\/div>\n\n\n\n<p class=\"wp-block-paragraph\">Seg\u00fan un primer contrato, en Santa Fe,las firmas Smart Consumer y managment&amp;fit fueron adjudicadas en 2022 :<\/p>\n\n\n\n<div data-wp-interactive=\"core\/file\" class=\"wp-block-file\"><object data-wp-bind--hidden=\"!state.hasPdfPreview\" hidden class=\"wp-block-file__embed\" data=\"https:\/\/elliberador.com\/wp-content\/uploads\/2026\/09\/ACTAAPER_LP_41_22-2.pdf\" type=\"application\/pdf\" style=\"width:100%;height:600px\" aria-label=\"Incrustado de Contrato 2022.\"><\/object><a id=\"wp-block-file--media-8858819d-4fc1-47a3-8993-be66c4797063\" href=\"https:\/\/elliberador.com\/wp-content\/uploads\/2026\/09\/ACTAAPER_LP_41_22-2.pdf\">Contrato 2022<\/a><a href=\"https:\/\/elliberador.com\/wp-content\/uploads\/2026\/09\/ACTAAPER_LP_41_22-2.pdf\" class=\"wp-block-file__button wp-element-button\" download aria-describedby=\"wp-block-file--media-8858819d-4fc1-47a3-8993-be66c4797063\">Descarga<\/a><\/div>\n\n\n\n<figure class=\"wp-block-image size-full is-resized\"><img decoding=\"async\" width=\"389\" height=\"282\" src=\"https:\/\/elliberador.com\/wp-content\/uploads\/2026\/09\/image-5.png\" alt=\"\" class=\"wp-image-12009\" style=\"aspect-ratio:1.3794326241134751;width:389px;height:auto\" srcset=\"https:\/\/elliberador.com\/wp-content\/uploads\/2026\/09\/image-5.png 389w, https:\/\/elliberador.com\/wp-content\/uploads\/2026\/09\/image-5-300x217.png 300w\" sizes=\"(max-width: 389px) 100vw, 389px\" \/><\/figure>\n\n\n\n<div data-wp-interactive=\"core\/file\" class=\"wp-block-file\"><object data-wp-bind--hidden=\"!state.hasPdfPreview\" hidden class=\"wp-block-file__embed\" data=\"https:\/\/elliberador.com\/wp-content\/uploads\/2026\/09\/OF45-SMART-CONSUMER-SA-3.pdf\" type=\"application\/pdf\" style=\"width:100%;height:600px\" aria-label=\"Incrustado de Uno de los convenios Prov.SF- SMART CONSUMER SA.\"><\/object><a id=\"wp-block-file--media-7450f9b8-f679-42bb-a3e4-5b5c2cce25fc\" href=\"https:\/\/elliberador.com\/wp-content\/uploads\/2026\/09\/OF45-SMART-CONSUMER-SA-3.pdf\">Uno de los convenios Prov.SF- SMART CONSUMER SA<\/a><a href=\"https:\/\/elliberador.com\/wp-content\/uploads\/2026\/09\/OF45-SMART-CONSUMER-SA-3.pdf\" class=\"wp-block-file__button wp-element-button\" download aria-describedby=\"wp-block-file--media-7450f9b8-f679-42bb-a3e4-5b5c2cce25fc\">Descarga<\/a><\/div>\n\n\n\n<p class=\"wp-block-paragraph\">Estas son algunas facturas de los <strong>paquetes de bots vendidos por Smart Consumer a<\/strong><b> Santa Fe por 20 millones:<\/b><\/p>\n\n\n\n<div class=\"wp-block-jetpack-slideshow aligncenter\" data-effect=\"slide\" style=\"--aspect-ratio:calc(1113 \/ 1538)\"><div class=\"wp-block-jetpack-slideshow_container swiper\"><ul class=\"wp-block-jetpack-slideshow_swiper-wrapper swiper-wrapper\"><li class=\"wp-block-jetpack-slideshow_slide swiper-slide\"><figure><img decoding=\"async\" width=\"1113\" height=\"1538\" alt=\"\" class=\"wp-block-jetpack-slideshow_image wp-image-11998\" data-id=\"11998\" data-aspect-ratio=\"1113 \/ 1538\" src=\"https:\/\/elliberador.com\/wp-content\/uploads\/2026\/09\/WhatsApp-Image-2026-09-01-at-5.41.31-PM-2.jpeg\" srcset=\"https:\/\/elliberador.com\/wp-content\/uploads\/2026\/09\/WhatsApp-Image-2026-09-01-at-5.41.31-PM-2.jpeg 1113w, https:\/\/elliberador.com\/wp-content\/uploads\/2026\/09\/WhatsApp-Image-2026-09-01-at-5.41.31-PM-2-217x300.jpeg 217w, https:\/\/elliberador.com\/wp-content\/uploads\/2026\/09\/WhatsApp-Image-2026-09-01-at-5.41.31-PM-2-741x1024.jpeg 741w, https:\/\/elliberador.com\/wp-content\/uploads\/2026\/09\/WhatsApp-Image-2026-09-01-at-5.41.31-PM-2-768x1061.jpeg 768w, https:\/\/elliberador.com\/wp-content\/uploads\/2026\/09\/WhatsApp-Image-2026-09-01-at-5.41.31-PM-2-1024x1415.jpeg 1024w, https:\/\/elliberador.com\/wp-content\/uploads\/2026\/09\/WhatsApp-Image-2026-09-01-at-5.41.31-PM-2-1112x1536.jpeg 1112w\" sizes=\"(max-width: 1113px) 100vw, 1113px\" \/><\/figure><\/li><li class=\"wp-block-jetpack-slideshow_slide swiper-slide\"><figure><img loading=\"lazy\" decoding=\"async\" width=\"1140\" height=\"1563\" alt=\"\" class=\"wp-block-jetpack-slideshow_image wp-image-12001\" data-id=\"12001\" data-aspect-ratio=\"1140 \/ 1563\" src=\"https:\/\/elliberador.com\/wp-content\/uploads\/2026\/09\/WhatsApp-Image-2026-09-01-at-5.41.31-PM.jpeg\" srcset=\"https:\/\/elliberador.com\/wp-content\/uploads\/2026\/09\/WhatsApp-Image-2026-09-01-at-5.41.31-PM.jpeg 1140w, https:\/\/elliberador.com\/wp-content\/uploads\/2026\/09\/WhatsApp-Image-2026-09-01-at-5.41.31-PM-219x300.jpeg 219w, https:\/\/elliberador.com\/wp-content\/uploads\/2026\/09\/WhatsApp-Image-2026-09-01-at-5.41.31-PM-747x1024.jpeg 747w, https:\/\/elliberador.com\/wp-content\/uploads\/2026\/09\/WhatsApp-Image-2026-09-01-at-5.41.31-PM-768x1053.jpeg 768w, https:\/\/elliberador.com\/wp-content\/uploads\/2026\/09\/WhatsApp-Image-2026-09-01-at-5.41.31-PM-1120x1536.jpeg 1120w, https:\/\/elliberador.com\/wp-content\/uploads\/2026\/09\/WhatsApp-Image-2026-09-01-at-5.41.31-PM-1024x1404.jpeg 1024w\" sizes=\"(max-width: 1140px) 100vw, 1140px\" \/><\/figure><\/li><li class=\"wp-block-jetpack-slideshow_slide swiper-slide\"><figure><img loading=\"lazy\" decoding=\"async\" width=\"1113\" height=\"1538\" alt=\"\" class=\"wp-block-jetpack-slideshow_image wp-image-12000\" data-id=\"12000\" data-aspect-ratio=\"1113 \/ 1538\" src=\"https:\/\/elliberador.com\/wp-content\/uploads\/2026\/09\/WhatsApp-Image-2026-09-01-at-5.41.30-PM-1.jpeg\" srcset=\"https:\/\/elliberador.com\/wp-content\/uploads\/2026\/09\/WhatsApp-Image-2026-09-01-at-5.41.30-PM-1.jpeg 1113w, https:\/\/elliberador.com\/wp-content\/uploads\/2026\/09\/WhatsApp-Image-2026-09-01-at-5.41.30-PM-1-217x300.jpeg 217w, https:\/\/elliberador.com\/wp-content\/uploads\/2026\/09\/WhatsApp-Image-2026-09-01-at-5.41.30-PM-1-741x1024.jpeg 741w, https:\/\/elliberador.com\/wp-content\/uploads\/2026\/09\/WhatsApp-Image-2026-09-01-at-5.41.30-PM-1-768x1061.jpeg 768w, https:\/\/elliberador.com\/wp-content\/uploads\/2026\/09\/WhatsApp-Image-2026-09-01-at-5.41.30-PM-1-1112x1536.jpeg 1112w, https:\/\/elliberador.com\/wp-content\/uploads\/2026\/09\/WhatsApp-Image-2026-09-01-at-5.41.30-PM-1-1024x1415.jpeg 1024w\" sizes=\"(max-width: 1113px) 100vw, 1113px\" \/><\/figure><\/li><li class=\"wp-block-jetpack-slideshow_slide swiper-slide\"><figure><img loading=\"lazy\" decoding=\"async\" width=\"1100\" height=\"1529\" alt=\"\" class=\"wp-block-jetpack-slideshow_image wp-image-12002\" data-id=\"12002\" data-aspect-ratio=\"1100 \/ 1529\" src=\"https:\/\/elliberador.com\/wp-content\/uploads\/2026\/09\/WhatsApp-Image-2026-09-01-at-5.41.30-PM.jpeg\" srcset=\"https:\/\/elliberador.com\/wp-content\/uploads\/2026\/09\/WhatsApp-Image-2026-09-01-at-5.41.30-PM.jpeg 1100w, https:\/\/elliberador.com\/wp-content\/uploads\/2026\/09\/WhatsApp-Image-2026-09-01-at-5.41.30-PM-216x300.jpeg 216w, https:\/\/elliberador.com\/wp-content\/uploads\/2026\/09\/WhatsApp-Image-2026-09-01-at-5.41.30-PM-737x1024.jpeg 737w, https:\/\/elliberador.com\/wp-content\/uploads\/2026\/09\/WhatsApp-Image-2026-09-01-at-5.41.30-PM-768x1068.jpeg 768w, https:\/\/elliberador.com\/wp-content\/uploads\/2026\/09\/WhatsApp-Image-2026-09-01-at-5.41.30-PM-1024x1423.jpeg 1024w\" sizes=\"(max-width: 1100px) 100vw, 1100px\" \/><\/figure><\/li><\/ul><a class=\"wp-block-jetpack-slideshow_button-prev swiper-button-prev swiper-button-white\" role=\"button\"><\/a><a class=\"wp-block-jetpack-slideshow_button-next swiper-button-next swiper-button-white\" role=\"button\"><\/a><a aria-label=\"Pause Slideshow\" class=\"wp-block-jetpack-slideshow_button-pause\" role=\"button\"><\/a><div class=\"wp-block-jetpack-slideshow_pagination swiper-pagination swiper-pagination-white\"><\/div><\/div><\/div>\n\n\n\n<p class=\"wp-block-paragraph\">Seita tambi\u00e9n es cofundador de <strong>Management &amp; Fit<\/strong>, donde se <strong>realiza encuestas sobre la imagen y desempe\u00f1o de Pullaro<\/strong>. En julio de 2026, por ejemplo, difundi\u00f3 un estudio que mostraba que el <strong>50,8% de los santafesinos respaldar\u00eda la continuidad del gobierno provincial<\/strong>, otra donde el<strong> 43,9%<\/strong> consideraba que la seguridad hab\u00eda mejorado y otra donde lo reelegirian como gobernador, generalmente sus encuestas ubican a Pullaro liderando en imagen y aprobaci\u00f3n.<\/p>\n\n\n\n<div class=\"wp-block-jetpack-slideshow aligncenter\" data-effect=\"slide\"><div class=\"wp-block-jetpack-slideshow_container swiper\"><ul class=\"wp-block-jetpack-slideshow_swiper-wrapper swiper-wrapper\"><li class=\"wp-block-jetpack-slideshow_slide swiper-slide\"><figure><img loading=\"lazy\" decoding=\"async\" width=\"1024\" height=\"429\" alt=\"\" class=\"wp-block-jetpack-slideshow_image wp-image-12003\" data-id=\"12003\" src=\"https:\/\/elliberador.com\/wp-content\/uploads\/2026\/09\/image-4-1024x429.png\" srcset=\"https:\/\/elliberador.com\/wp-content\/uploads\/2026\/09\/image-4-1024x429.png 1024w, https:\/\/elliberador.com\/wp-content\/uploads\/2026\/09\/image-4-300x126.png 300w, https:\/\/elliberador.com\/wp-content\/uploads\/2026\/09\/image-4-767x321.png 767w, https:\/\/elliberador.com\/wp-content\/uploads\/2026\/09\/image-4-1022x428.png 1022w, https:\/\/elliberador.com\/wp-content\/uploads\/2026\/09\/image-4.png 1309w\" sizes=\"(max-width: 1024px) 100vw, 1024px\" \/><\/figure><\/li><li class=\"wp-block-jetpack-slideshow_slide swiper-slide\"><figure><img loading=\"lazy\" decoding=\"async\" width=\"782\" height=\"615\" alt=\"\" class=\"wp-block-jetpack-slideshow_image wp-image-12006\" data-id=\"12006\" data-aspect-ratio=\"782 \/ 615\" src=\"https:\/\/elliberador.com\/wp-content\/uploads\/2026\/09\/Captura-de-pantalla-2026-09-01-175011.png\" srcset=\"https:\/\/elliberador.com\/wp-content\/uploads\/2026\/09\/Captura-de-pantalla-2026-09-01-175011.png 782w, https:\/\/elliberador.com\/wp-content\/uploads\/2026\/09\/Captura-de-pantalla-2026-09-01-175011-300x236.png 300w, https:\/\/elliberador.com\/wp-content\/uploads\/2026\/09\/Captura-de-pantalla-2026-09-01-175011-768x604.png 768w\" sizes=\"(max-width: 782px) 100vw, 782px\" \/><\/figure><\/li><li class=\"wp-block-jetpack-slideshow_slide swiper-slide\"><figure><img loading=\"lazy\" decoding=\"async\" width=\"713\" height=\"504\" alt=\"\" class=\"wp-block-jetpack-slideshow_image wp-image-12005\" data-id=\"12005\" data-aspect-ratio=\"713 \/ 504\" src=\"https:\/\/elliberador.com\/wp-content\/uploads\/2026\/09\/Captura-de-pantalla-2026-09-01-174816.png\" srcset=\"https:\/\/elliberador.com\/wp-content\/uploads\/2026\/09\/Captura-de-pantalla-2026-09-01-174816.png 713w, https:\/\/elliberador.com\/wp-content\/uploads\/2026\/09\/Captura-de-pantalla-2026-09-01-174816-300x212.png 300w\" sizes=\"(max-width: 713px) 100vw, 713px\" \/><\/figure><\/li><li class=\"wp-block-jetpack-slideshow_slide swiper-slide\"><figure><img loading=\"lazy\" decoding=\"async\" width=\"704\" height=\"501\" alt=\"\" class=\"wp-block-jetpack-slideshow_image wp-image-12007\" data-id=\"12007\" data-aspect-ratio=\"704 \/ 501\" src=\"https:\/\/elliberador.com\/wp-content\/uploads\/2026\/09\/Captura-de-pantalla-2026-09-01-174746.png\" srcset=\"https:\/\/elliberador.com\/wp-content\/uploads\/2026\/09\/Captura-de-pantalla-2026-09-01-174746.png 704w, https:\/\/elliberador.com\/wp-content\/uploads\/2026\/09\/Captura-de-pantalla-2026-09-01-174746-300x213.png 300w\" sizes=\"(max-width: 704px) 100vw, 704px\" \/><\/figure><\/li><\/ul><a class=\"wp-block-jetpack-slideshow_button-prev swiper-button-prev swiper-button-white\" role=\"button\"><\/a><a class=\"wp-block-jetpack-slideshow_button-next swiper-button-next swiper-button-white\" role=\"button\"><\/a><a aria-label=\"Pause Slideshow\" class=\"wp-block-jetpack-slideshow_button-pause\" role=\"button\"><\/a><div class=\"wp-block-jetpack-slideshow_pagination swiper-pagination swiper-pagination-white\"><\/div><\/div><\/div>\n\n\n\n<p class=\"wp-block-paragraph\">Otra consultora popular y pol\u00e9mica es<strong> GyC Comunicaciones<\/strong>, tambi\u00e9n famosa por sus encuestas:<\/p>\n\n\n\n<div class=\"wp-block-jetpack-slideshow aligncenter\" data-effect=\"slide\" style=\"--aspect-ratio:calc(393 \/ 286)\"><div class=\"wp-block-jetpack-slideshow_container swiper\"><ul class=\"wp-block-jetpack-slideshow_swiper-wrapper swiper-wrapper\"><li class=\"wp-block-jetpack-slideshow_slide swiper-slide\"><figure><img loading=\"lazy\" decoding=\"async\" width=\"393\" height=\"286\" alt=\"\" class=\"wp-block-jetpack-slideshow_image wp-image-12021\" data-id=\"12021\" data-aspect-ratio=\"393 \/ 286\" src=\"https:\/\/elliberador.com\/wp-content\/uploads\/2026\/09\/image-7.png\" srcset=\"https:\/\/elliberador.com\/wp-content\/uploads\/2026\/09\/image-7.png 393w, https:\/\/elliberador.com\/wp-content\/uploads\/2026\/09\/image-7-300x218.png 300w\" sizes=\"(max-width: 393px) 100vw, 393px\" \/><\/figure><\/li><li class=\"wp-block-jetpack-slideshow_slide swiper-slide\"><figure><img loading=\"lazy\" decoding=\"async\" width=\"593\" height=\"1008\" alt=\"\" class=\"wp-block-jetpack-slideshow_image wp-image-12025\" data-id=\"12025\" data-aspect-ratio=\"593 \/ 1008\" src=\"https:\/\/elliberador.com\/wp-content\/uploads\/2026\/09\/WhatsApp-Image-2026-09-01-at-5.27.31-PM-2-2.jpeg\" srcset=\"https:\/\/elliberador.com\/wp-content\/uploads\/2026\/09\/WhatsApp-Image-2026-09-01-at-5.27.31-PM-2-2.jpeg 593w, https:\/\/elliberador.com\/wp-content\/uploads\/2026\/09\/WhatsApp-Image-2026-09-01-at-5.27.31-PM-2-2-176x300.jpeg 176w\" sizes=\"(max-width: 593px) 100vw, 593px\" \/><\/figure><\/li><li class=\"wp-block-jetpack-slideshow_slide swiper-slide\"><figure><img loading=\"lazy\" decoding=\"async\" width=\"527\" height=\"1007\" alt=\"\" class=\"wp-block-jetpack-slideshow_image wp-image-12022\" data-id=\"12022\" data-aspect-ratio=\"527 \/ 1007\" src=\"https:\/\/elliberador.com\/wp-content\/uploads\/2026\/09\/WhatsApp-Image-2026-09-01-at-5.27.31-PM-1-2.jpeg\" srcset=\"https:\/\/elliberador.com\/wp-content\/uploads\/2026\/09\/WhatsApp-Image-2026-09-01-at-5.27.31-PM-1-2.jpeg 527w, https:\/\/elliberador.com\/wp-content\/uploads\/2026\/09\/WhatsApp-Image-2026-09-01-at-5.27.31-PM-1-2-157x300.jpeg 157w\" sizes=\"(max-width: 527px) 100vw, 527px\" \/><\/figure><\/li><li class=\"wp-block-jetpack-slideshow_slide swiper-slide\"><figure><img loading=\"lazy\" decoding=\"async\" width=\"604\" height=\"1007\" alt=\"\" class=\"wp-block-jetpack-slideshow_image wp-image-12024\" data-id=\"12024\" data-aspect-ratio=\"604 \/ 1007\" src=\"https:\/\/elliberador.com\/wp-content\/uploads\/2026\/09\/WhatsApp-Image-2026-09-01-at-5.27.31-PM-4.jpeg\" srcset=\"https:\/\/elliberador.com\/wp-content\/uploads\/2026\/09\/WhatsApp-Image-2026-09-01-at-5.27.31-PM-4.jpeg 604w, https:\/\/elliberador.com\/wp-content\/uploads\/2026\/09\/WhatsApp-Image-2026-09-01-at-5.27.31-PM-4-180x300.jpeg 180w\" sizes=\"(max-width: 604px) 100vw, 604px\" \/><\/figure><\/li><li class=\"wp-block-jetpack-slideshow_slide swiper-slide\"><figure><img loading=\"lazy\" decoding=\"async\" width=\"1179\" height=\"701\" alt=\"\" class=\"wp-block-jetpack-slideshow_image wp-image-12023\" data-id=\"12023\" data-aspect-ratio=\"1179 \/ 701\" src=\"https:\/\/elliberador.com\/wp-content\/uploads\/2026\/09\/WhatsApp-Image-2026-09-01-at-5.54.09-PM-1.jpeg\" srcset=\"https:\/\/elliberador.com\/wp-content\/uploads\/2026\/09\/WhatsApp-Image-2026-09-01-at-5.54.09-PM-1.jpeg 1179w, https:\/\/elliberador.com\/wp-content\/uploads\/2026\/09\/WhatsApp-Image-2026-09-01-at-5.54.09-PM-1-300x178.jpeg 300w, https:\/\/elliberador.com\/wp-content\/uploads\/2026\/09\/WhatsApp-Image-2026-09-01-at-5.54.09-PM-1-1024x609.jpeg 1024w, https:\/\/elliberador.com\/wp-content\/uploads\/2026\/09\/WhatsApp-Image-2026-09-01-at-5.54.09-PM-1-768x457.jpeg 768w\" sizes=\"(max-width: 1179px) 100vw, 1179px\" \/><\/figure><\/li><li class=\"wp-block-jetpack-slideshow_slide swiper-slide\"><figure><img loading=\"lazy\" decoding=\"async\" width=\"903\" height=\"412\" alt=\"\" class=\"wp-block-jetpack-slideshow_image wp-image-12047\" data-id=\"12047\" data-aspect-ratio=\"903 \/ 412\" src=\"https:\/\/elliberador.com\/wp-content\/uploads\/2026\/09\/gycc.png\" srcset=\"https:\/\/elliberador.com\/wp-content\/uploads\/2026\/09\/gycc.png 903w, https:\/\/elliberador.com\/wp-content\/uploads\/2026\/09\/gycc-300x137.png 300w, https:\/\/elliberador.com\/wp-content\/uploads\/2026\/09\/gycc-768x350.png 768w\" sizes=\"(max-width: 903px) 100vw, 903px\" \/><\/figure><\/li><li class=\"wp-block-jetpack-slideshow_slide swiper-slide\"><figure><img loading=\"lazy\" decoding=\"async\" width=\"895\" height=\"505\" alt=\"\" class=\"wp-block-jetpack-slideshow_image wp-image-12048\" data-id=\"12048\" data-aspect-ratio=\"895 \/ 505\" src=\"https:\/\/elliberador.com\/wp-content\/uploads\/2026\/09\/gyc.png\" srcset=\"https:\/\/elliberador.com\/wp-content\/uploads\/2026\/09\/gyc.png 895w, https:\/\/elliberador.com\/wp-content\/uploads\/2026\/09\/gyc-300x169.png 300w, https:\/\/elliberador.com\/wp-content\/uploads\/2026\/09\/gyc-768x433.png 768w\" sizes=\"(max-width: 895px) 100vw, 895px\" \/><\/figure><\/li><li class=\"wp-block-jetpack-slideshow_slide swiper-slide\"><figure><img loading=\"lazy\" decoding=\"async\" width=\"912\" height=\"303\" alt=\"\" class=\"wp-block-jetpack-slideshow_image wp-image-12049\" data-id=\"12049\" data-aspect-ratio=\"912 \/ 303\" src=\"https:\/\/elliberador.com\/wp-content\/uploads\/2026\/09\/Captura-de-pantalla-2026-09-01-gyc.png\" srcset=\"https:\/\/elliberador.com\/wp-content\/uploads\/2026\/09\/Captura-de-pantalla-2026-09-01-gyc.png 912w, https:\/\/elliberador.com\/wp-content\/uploads\/2026\/09\/Captura-de-pantalla-2026-09-01-gyc-300x100.png 300w, https:\/\/elliberador.com\/wp-content\/uploads\/2026\/09\/Captura-de-pantalla-2026-09-01-gyc-768x255.png 768w\" sizes=\"(max-width: 912px) 100vw, 912px\" \/><\/figure><\/li><\/ul><a class=\"wp-block-jetpack-slideshow_button-prev swiper-button-prev swiper-button-white\" role=\"button\"><\/a><a class=\"wp-block-jetpack-slideshow_button-next swiper-button-next swiper-button-white\" role=\"button\"><\/a><a aria-label=\"Pause Slideshow\" class=\"wp-block-jetpack-slideshow_button-pause\" role=\"button\"><\/a><div class=\"wp-block-jetpack-slideshow_pagination swiper-pagination swiper-pagination-white\"><\/div><\/div><\/div>\n\n\n\n<p class=\"wp-block-paragraph\">Documentaci\u00f3n oficial que demuestra que<strong> P&amp;P Social Media y Adyouwish srl<\/strong> tambien forman parte como proveedoras de la Provincia de Santa Fe:<\/p>\n\n\n\n<figure class=\"wp-block-image size-large is-resized\"><img loading=\"lazy\" decoding=\"async\" width=\"1024\" height=\"482\" src=\"https:\/\/elliberador.com\/wp-content\/uploads\/2026\/09\/image-8-1024x482.png\" alt=\"\" class=\"wp-image-12029\" style=\"aspect-ratio:2.119718309859155;width:602px;height:auto\" srcset=\"https:\/\/elliberador.com\/wp-content\/uploads\/2026\/09\/image-8-1024x482.png 1024w, https:\/\/elliberador.com\/wp-content\/uploads\/2026\/09\/image-8-300x141.png 300w, https:\/\/elliberador.com\/wp-content\/uploads\/2026\/09\/image-8-766x361.png 766w, https:\/\/elliberador.com\/wp-content\/uploads\/2026\/09\/image-8-1023x482.png 1023w, https:\/\/elliberador.com\/wp-content\/uploads\/2026\/09\/image-8.png 1108w\" sizes=\"(max-width: 1024px) 100vw, 1024px\" \/><\/figure>\n\n\n\n<figure class=\"wp-block-image size-full is-resized\"><img loading=\"lazy\" decoding=\"async\" width=\"989\" height=\"235\" src=\"https:\/\/elliberador.com\/wp-content\/uploads\/2026\/09\/image-9.png\" alt=\"\" class=\"wp-image-12030\" style=\"aspect-ratio:4.20979020979021;width:602px;height:auto\" srcset=\"https:\/\/elliberador.com\/wp-content\/uploads\/2026\/09\/image-9.png 989w, https:\/\/elliberador.com\/wp-content\/uploads\/2026\/09\/image-9-300x71.png 300w, https:\/\/elliberador.com\/wp-content\/uploads\/2026\/09\/image-9-766x182.png 766w\" sizes=\"(max-width: 989px) 100vw, 989px\" \/><\/figure>\n\n\n\n<p class=\"wp-block-paragraph\"><strong>EXISTE UN PATR\u00d3N DE MISMA CONTRATACI\u00d3N EN OTRAS PROVINCIAS<\/strong><\/p>\n\n\n\n<p class=\"wp-block-paragraph\">Guillermo Seita, al ser el armador politico de Provincias Unidas, tiene poder y se mueve libremente en la politica de diferentes provincias, haciendo que el fen\u00f3meno no se limite a Santa Fe sino que alcanza tambi\u00e9n a Chubut, Chaco, C\u00f3rdoba, Corrientes, Tierra del Fuego,jujuy y La Rioja. <\/p>\n\n\n\n<p class=\"wp-block-paragraph\">Opera el mismo grupo reducido de empresas (Smart Consumer, Prosumia, Smart Data, AdYouWish y P&amp;P Social Media) ofreciendo servicios de comunicaci\u00f3n, datos y campa\u00f1as digitales, vinculados a los gobernadores con el siguiente esquema:<\/p>\n\n\n\n<ul class=\"wp-block-list\">\n<li><strong>Concentraci\u00f3n de proveedores:<\/strong> Se evidencia la repetici\u00f3n de las mismas empresas consultoras en diversas jurisdicciones de manera simult\u00e1nea, compartiendo en varios casos v\u00ednculos pol\u00edticos o societarios.<\/li>\n\n\n\n<li><strong>Servicios prestados:<\/strong> Las firmas concentran contratos enfocados en estrategia pol\u00edtica, an\u00e1lisis de datos, estudios de opini\u00f3n p\u00fablica, encuestas, muchos bots, millonaria pauta digital y gesti\u00f3n de redes sociales.<\/li>\n\n\n\n<li><strong>Foco y espacio pol\u00edtico:<\/strong> Este entramado se vincula directamente al frente pol\u00edtico <strong>\u201cProvincias Unidas\u201d<\/strong>, integrado por gobernadores como Maximiliano Pullaro (Santa Fe), Mart\u00edn Llaryora (C\u00f3rdoba), Ignacio Torres (Chubut), Carlos Sadir (Jujuy) y Claudio Vidal (Santa Cruz) y se evidencia mucho gasto volcado a estas mismas empresas en Chaco.<\/li>\n\n\n\n<li><strong>Irregularidades:<\/strong> Las contrataciones generan severas cuestionamientos debido a la escasa transparencia en los procesos de adjudicaci\u00f3n, as\u00ed como por denuncias que se\u00f1alan el uso de miles de cuentas automatizadas (bots), la ejecuci\u00f3n de campa\u00f1as digitales de influencia y maniobras de manipulaci\u00f3n de la opini\u00f3n p\u00fablica.<\/li>\n<\/ul>\n\n\n\n<p class=\"wp-block-paragraph\"><strong>Chubut- Ignacio Torres<\/strong>: <\/p>\n\n\n\n<p class=\"wp-block-paragraph\"> En Chubut aparecen <strong>Smart Consumer S.A. y Prosumia<\/strong>, empresas vinculadas a Guillermo Seita y Gast\u00f3n Douek. Smart Consumer recibi\u00f3 en 2024 un contrato de <strong>$543,4 millones por \u201cservicio integral de comunicaci\u00f3n\u201d<\/strong>, y en 2025 otro de <strong>$3.020 millones por \u201cservicio integral de tecnolog\u00eda digital\u201d<\/strong>. Adem\u00e1s, Prosumia fue contratada por Loter\u00eda del Chubut por <strong>$600 millones durante 12 meses<\/strong> para publicidad digital de juegos de azar.<\/p>\n\n\n\n<ul class=\"wp-block-list\">\n<li>M\u00e1s de <strong>$543 millones<\/strong> por \u201cservicio integral de comunicaci\u00f3n\u201d<\/li>\n\n\n\n<li><strong>$600 millones<\/strong> por publicidad digital<\/li>\n\n\n\n<li>M\u00e1s de <strong>$3.000 millones<\/strong> por servicios tecnol\u00f3gicos en apenas cinco meses<\/li>\n<\/ul>\n\n\n\n<p class=\"wp-block-paragraph\">-En total: <strong>m\u00e1s de $4.000 millones en un per\u00edodo muy corto<\/strong>, en su mayor\u00eda mediante <strong>contrataciones directas<\/strong>.<\/p>\n\n\n\n<figure class=\"wp-block-image size-full is-resized\"><img loading=\"lazy\" decoding=\"async\" width=\"914\" height=\"409\" src=\"https:\/\/elliberador.com\/wp-content\/uploads\/2026\/09\/image-10.png\" alt=\"\" class=\"wp-image-12033\" style=\"aspect-ratio:2.2379182156133828;width:602px;height:auto\" srcset=\"https:\/\/elliberador.com\/wp-content\/uploads\/2026\/09\/image-10.png 914w, https:\/\/elliberador.com\/wp-content\/uploads\/2026\/09\/image-10-767x343.png 767w, https:\/\/elliberador.com\/wp-content\/uploads\/2026\/09\/image-10-300x134.png 300w\" sizes=\"(max-width: 914px) 100vw, 914px\" \/><\/figure>\n\n\n\n<figure class=\"wp-block-image size-full is-resized\"><img loading=\"lazy\" decoding=\"async\" width=\"416\" height=\"680\" src=\"https:\/\/elliberador.com\/wp-content\/uploads\/2026\/09\/image-12.png\" alt=\"\" class=\"wp-image-12045\" style=\"aspect-ratio:0.6123595505617978;width:327px;height:auto\" srcset=\"https:\/\/elliberador.com\/wp-content\/uploads\/2026\/09\/image-12.png 416w, https:\/\/elliberador.com\/wp-content\/uploads\/2026\/09\/image-12-184x300.png 184w\" sizes=\"(max-width: 416px) 100vw, 416px\" \/><figcaption class=\"wp-element-caption\">el escandalo de la consultora lleg\u00f3 al tribunal de cuentas<\/figcaption><\/figure>\n\n\n\n<p class=\"wp-block-paragraph\"><strong>Chaco \u2014 Leandro Zdero<\/strong>:<\/p>\n\n\n\n<p class=\"wp-block-paragraph\">El gobierno chaque\u00f1o contrat\u00f3, a trav\u00e9s del Fideicomiso de Administraci\u00f3n de Pautas Publicitarias Oficiales (FAPPO), a <strong>P&amp;P Social Media, AdYouWish, Smart Consumer y Smart Data<\/strong>, apareciendo tambien en 2025 en la contrataci\u00f3n publicitaria de la Loter\u00eda Chaque\u00f1a.<br> Esas cuatro empresas habr\u00edan representado <strong>m\u00e1s de $2.625 millones en 14 meses<\/strong>.<\/p>\n\n\n\n<p class=\"wp-block-paragraph\">Bajo el fideicomiso FAPPO:<\/p>\n\n\n\n<ul class=\"wp-block-list\">\n<li>Entre $2.600 y $3.800 millones en 14 meses<\/li>\n\n\n\n<li>Pagos mensuales:\n<ul class=\"wp-block-list\">\n<li>entre $8M y $45M por empresa (facturadas varias veces)<\/li>\n<\/ul>\n<\/li>\n<\/ul>\n\n\n\n<div class=\"wp-block-jetpack-slideshow aligncenter\" data-effect=\"slide\"><div class=\"wp-block-jetpack-slideshow_container swiper\"><ul class=\"wp-block-jetpack-slideshow_swiper-wrapper swiper-wrapper\"><li class=\"wp-block-jetpack-slideshow_slide swiper-slide\"><figure><img loading=\"lazy\" decoding=\"async\" width=\"800\" height=\"804\" alt=\"\" class=\"wp-block-jetpack-slideshow_image wp-image-12034\" data-id=\"12034\" src=\"https:\/\/elliberador.com\/wp-content\/uploads\/2026\/09\/image-11.png\" srcset=\"https:\/\/elliberador.com\/wp-content\/uploads\/2026\/09\/image-11.png 800w, https:\/\/elliberador.com\/wp-content\/uploads\/2026\/09\/image-11-70x70.png 70w, https:\/\/elliberador.com\/wp-content\/uploads\/2026\/09\/image-11-299x300.png 299w, https:\/\/elliberador.com\/wp-content\/uploads\/2026\/09\/image-11-767x771.png 767w\" sizes=\"(max-width: 800px) 100vw, 800px\" \/><\/figure><\/li><li class=\"wp-block-jetpack-slideshow_slide swiper-slide\"><figure><img loading=\"lazy\" decoding=\"async\" width=\"1280\" height=\"563\" alt=\"\" class=\"wp-block-jetpack-slideshow_image wp-image-12038\" data-id=\"12038\" data-aspect-ratio=\"1280 \/ 563\" src=\"https:\/\/elliberador.com\/wp-content\/uploads\/2026\/09\/publi.jpg\" srcset=\"https:\/\/elliberador.com\/wp-content\/uploads\/2026\/09\/publi.jpg 1280w, https:\/\/elliberador.com\/wp-content\/uploads\/2026\/09\/publi-300x132.jpg 300w, https:\/\/elliberador.com\/wp-content\/uploads\/2026\/09\/publi-1024x450.jpg 1024w, https:\/\/elliberador.com\/wp-content\/uploads\/2026\/09\/publi-768x338.jpg 768w\" sizes=\"(max-width: 1280px) 100vw, 1280px\" \/><\/figure><\/li><li class=\"wp-block-jetpack-slideshow_slide swiper-slide\"><figure><img loading=\"lazy\" decoding=\"async\" width=\"1280\" height=\"1074\" alt=\"\" class=\"wp-block-jetpack-slideshow_image wp-image-12040\" data-id=\"12040\" data-aspect-ratio=\"1280 \/ 1074\" src=\"https:\/\/elliberador.com\/wp-content\/uploads\/2026\/09\/publi-4.jpg\" srcset=\"https:\/\/elliberador.com\/wp-content\/uploads\/2026\/09\/publi-4.jpg 1280w, https:\/\/elliberador.com\/wp-content\/uploads\/2026\/09\/publi-4-300x252.jpg 300w, https:\/\/elliberador.com\/wp-content\/uploads\/2026\/09\/publi-4-1024x859.jpg 1024w, https:\/\/elliberador.com\/wp-content\/uploads\/2026\/09\/publi-4-768x644.jpg 768w\" sizes=\"(max-width: 1280px) 100vw, 1280px\" \/><\/figure><\/li><li class=\"wp-block-jetpack-slideshow_slide swiper-slide\"><figure><img loading=\"lazy\" decoding=\"async\" width=\"1280\" height=\"822\" alt=\"\" class=\"wp-block-jetpack-slideshow_image wp-image-12039\" data-id=\"12039\" data-aspect-ratio=\"1280 \/ 822\" src=\"https:\/\/elliberador.com\/wp-content\/uploads\/2026\/09\/publi-5.jpg\" srcset=\"https:\/\/elliberador.com\/wp-content\/uploads\/2026\/09\/publi-5.jpg 1280w, https:\/\/elliberador.com\/wp-content\/uploads\/2026\/09\/publi-5-300x193.jpg 300w, https:\/\/elliberador.com\/wp-content\/uploads\/2026\/09\/publi-5-1024x658.jpg 1024w, https:\/\/elliberador.com\/wp-content\/uploads\/2026\/09\/publi-5-768x493.jpg 768w\" sizes=\"(max-width: 1280px) 100vw, 1280px\" \/><\/figure><\/li><li class=\"wp-block-jetpack-slideshow_slide swiper-slide\"><figure><img loading=\"lazy\" decoding=\"async\" width=\"1280\" height=\"1160\" alt=\"\" class=\"wp-block-jetpack-slideshow_image wp-image-12041\" data-id=\"12041\" data-aspect-ratio=\"1280 \/ 1160\" src=\"https:\/\/elliberador.com\/wp-content\/uploads\/2026\/09\/publi-3.jpg\" srcset=\"https:\/\/elliberador.com\/wp-content\/uploads\/2026\/09\/publi-3.jpg 1280w, https:\/\/elliberador.com\/wp-content\/uploads\/2026\/09\/publi-3-300x272.jpg 300w, https:\/\/elliberador.com\/wp-content\/uploads\/2026\/09\/publi-3-1024x928.jpg 1024w, https:\/\/elliberador.com\/wp-content\/uploads\/2026\/09\/publi-3-768x696.jpg 768w\" sizes=\"(max-width: 1280px) 100vw, 1280px\" \/><\/figure><\/li><\/ul><a class=\"wp-block-jetpack-slideshow_button-prev swiper-button-prev swiper-button-white\" role=\"button\"><\/a><a class=\"wp-block-jetpack-slideshow_button-next swiper-button-next swiper-button-white\" role=\"button\"><\/a><a aria-label=\"Pause Slideshow\" class=\"wp-block-jetpack-slideshow_button-pause\" role=\"button\"><\/a><div class=\"wp-block-jetpack-slideshow_pagination swiper-pagination swiper-pagination-white\"><\/div><\/div><\/div>\n\n\n\n<p class=\"wp-block-paragraph\"><strong>C\u00f3rdoba \u2014 Mart\u00edn Llaryora<\/strong><\/p>\n\n\n\n<p class=\"wp-block-paragraph\">En C\u00f3rdoba, los registros muestran que Smart Consumer viene recibiendo pagos desde hace a\u00f1os, con montos crecientes durante las gestiones. Smart Consumer tiene un contrato con el gobierno de Mart\u00edn Llaryora y figura entre los gastos de campa\u00f1a de 2019 del frente \u201cHacemos por C\u00f3rdoba\u201d, cuando el candidato era Juan Schiaretti.<\/p>\n\n\n\n<p class=\"wp-block-paragraph\">La provincia ten\u00eda presupuestados al menos <strong>$38.000 millones de publicidad oficial para 2025<\/strong> y, hasta octubre de ese a\u00f1o, se hab\u00edan identificado alrededor de 1.500 proveedores, incluyendo numerosas consultoras y agencias digitales donde aparece <strong>Smart Consumer<\/strong>, anteriormente el registro de gastos en publicidad por a\u00f1o fue as\u00ed:<\/p>\n\n\n\n<p class=\"wp-block-paragraph\">-2024: $19.599.972<\/p>\n\n\n\n<p class=\"wp-block-paragraph\">-2023: $179.635.400<\/p>\n\n\n\n<p class=\"wp-block-paragraph\">-2022: $91.051.941<\/p>\n\n\n\n<p class=\"wp-block-paragraph\">-2021: $73.998.000<\/p>\n\n\n\n<p class=\"wp-block-paragraph\">-2020: $68.429.666<\/p>\n\n\n\n<p class=\"wp-block-paragraph\">-2019: $48.454.109<\/p>\n\n\n\n<p class=\"wp-block-paragraph\">-2018: $43.348.159<\/p>\n\n\n\n<p class=\"wp-block-paragraph\">-2017: $4.835.924<\/p>\n\n\n\n<p class=\"wp-block-paragraph\"><strong>Tierra del Fuego \u2014 Gustavo Melella<\/strong><\/p>\n\n\n\n<p class=\"wp-block-paragraph\">Las mismas cuatro firmas fueron contratadas por el Gobierno de Tierra del Fuego desde 2023 bajo la modalidad de <strong>\u201cgastos de publicidad\u201d<\/strong>.<\/p>\n\n\n\n<h3 class=\"wp-block-heading\"><strong>Las preguntas que Santa Fe todav\u00eda no respondi\u00f3<\/strong><\/h3>\n\n\n\n<p class=\"wp-block-paragraph\">En Santa Fe, la presencia de estas firmas en el sistema de proveedores es un hecho comprobado, pero la informaci\u00f3n p\u00fablica disponible no permite reconstruir a\u00fan el volumen total de recursos adjudicados ni los contratos espec\u00edficos vinculados a ese entramado.<\/p>\n\n\n\n<p class=\"wp-block-paragraph\">Despu\u00e9s de revisar contratos, registros y antecedentes de otras provincias, quedan una serie de preguntas abiertas que hoy no tienen respuesta p\u00fablica concluyente:<\/p>\n\n\n\n<ul class=\"wp-block-list\">\n<li>\u00bfCu\u00e1nto gast\u00f3 efectivamente la Provincia de Santa Fe en publicidad oficial y comunicaci\u00f3n digital vinculada a este entramado de empresas?<\/li>\n\n\n\n<li>\u00bfQu\u00e9 servicios concretos se prestaron y c\u00f3mo se evaluaron sus resultados?<\/li>\n\n\n\n<li>\u00bfHubo licitaciones competitivas o predomin\u00f3 la contrataci\u00f3n directa?<\/li>\n\n\n\n<li>\u00bfExisten auditor\u00edas independientes sobre campa\u00f1as digitales, encuestas y monitoreo de opini\u00f3n?<\/li>\n\n\n\n<li>\u00bfQu\u00e9 mecanismos separan la comunicaci\u00f3n institucional de la propaganda partidaria?<\/li>\n\n\n\n<li>\u00bfPor qu\u00e9 la informaci\u00f3n disponible es mucho m\u00e1s limitada en Santa Fe?<\/li>\n\n\n\n<li>\u00bfPor que no se publica nada en el portal oficial del gobierno de santa fe? \u00bfAcaso esto no deber\u00eda ser informaci\u00f3n p\u00fablica y estar publicada de acuerdo a la ley de transparencia?<\/li>\n<\/ul>\n\n\n\n<p class=\"wp-block-paragraph\"><\/p>\n","protected":false},"excerpt":{"rendered":"<p>\u00bfAlguna vez te preguntaste de donde salen los numeros de las estadisticas que no coinciden con la realidad? \u00bfnotaste la cantidad de cuentas falsas en redes? \u00bfte llamaron por telefono para hacerte una encuesta donde solo podes hablar a favor de un espacio politico? \u00bfves la cantidad de publicidad de ese partido? Este es el entramado millonario de consultoras politicas que dibujan la imagen del poder.<\/p>\n","protected":false},"author":2,"featured_media":12052,"comment_status":"open","ping_status":"open","sticky":false,"template":"","format":"standard","meta":{"_acf_changed":false,"advanced_seo_description":"","jetpack_seo_html_title":"","jetpack_seo_noindex":false,"jetpack_seo_schema_type":"","_jetpack_newsletter_access":"","_jetpack_dont_email_post_to_subs":false,"_jetpack_newsletter_tier_id":0,"_jetpack_memberships_contains_paywalled_content":false,"_jetpack_feature_clip_id":0,"_jetpack_memberships_contains_paid_content":false,"footnotes":"","jetpack_post_was_ever_published":false},"categories":[598],"tags":[20,99,66],"class_list":["post-11995","post","type-post","status-publish","format-standard","has-post-thumbnail","hentry","category-santa-fe","tag-destacados","tag-pullaro","tag-santa-fe"],"acf":[],"jetpack_featured_media_url":"https:\/\/elliberador.com\/wp-content\/uploads\/2026\/09\/watermarked_img_11355579758282109349.jpg","jetpack_sharing_enabled":true,"_links":{"self":[{"href":"https:\/\/elliberador.com\/index.php\/wp-json\/wp\/v2\/posts\/11995","targetHints":{"allow":["GET"]}}],"collection":[{"href":"https:\/\/elliberador.com\/index.php\/wp-json\/wp\/v2\/posts"}],"about":[{"href":"https:\/\/elliberador.com\/index.php\/wp-json\/wp\/v2\/types\/post"}],"author":[{"embeddable":true,"href":"https:\/\/elliberador.com\/index.php\/wp-json\/wp\/v2\/users\/2"}],"replies":[{"embeddable":true,"href":"https:\/\/elliberador.com\/index.php\/wp-json\/wp\/v2\/comments?post=11995"}],"version-history":[{"count":3,"href":"https:\/\/elliberador.com\/index.php\/wp-json\/wp\/v2\/posts\/11995\/revisions"}],"predecessor-version":[{"id":12055,"href":"https:\/\/elliberador.com\/index.php\/wp-json\/wp\/v2\/posts\/11995\/revisions\/12055"}],"wp:featuredmedia":[{"embeddable":true,"href":"https:\/\/elliberador.com\/index.php\/wp-json\/wp\/v2\/media\/12052"}],"wp:attachment":[{"href":"https:\/\/elliberador.com\/index.php\/wp-json\/wp\/v2\/media?parent=11995"}],"wp:term":[{"taxonomy":"category","embeddable":true,"href":"https:\/\/elliberador.com\/index.php\/wp-json\/wp\/v2\/categories?post=11995"},{"taxonomy":"post_tag","embeddable":true,"href":"https:\/\/elliberador.com\/index.php\/wp-json\/wp\/v2\/tags?post=11995"}],"curies":[{"name":"wp","href":"https:\/\/api.w.org\/{rel}","templated":true}]}}