{"id":12087,"date":"2026-09-03T10:19:21","date_gmt":"2026-09-03T13:19:21","guid":{"rendered":"https:\/\/elliberador.com\/?p=12087"},"modified":"2026-09-03T10:19:23","modified_gmt":"2026-09-03T13:19:23","slug":"odeur-en-rafaela-50-000-millones-y-una-cuenta-que-no-termina","status":"publish","type":"post","link":"https:\/\/elliberador.com\/index.php\/2026\/09\/03\/odeur-en-rafaela-50-000-millones-y-una-cuenta-que-no-termina\/","title":{"rendered":"Ode$ur en Rafaela: $50.000 millones y una cuenta que no termina"},"content":{"rendered":"\n<p class=\"wp-block-paragraph\">El Gobierno de la provincia de Santa Fe destin\u00f3 una inversi\u00f3n total de <strong>$49.289.887.536,59<\/strong> a obras e infraestructura para la ciudad de Rafaela de cara a los <strong>XIII Juegos Suramericanos Odesur 2026<\/strong>.<\/p>\n\n\n\n<p class=\"wp-block-paragraph\">Los fondos se distribuyen de la siguiente forma:<\/p>\n\n\n\n<p class=\"wp-block-paragraph\"><strong>Microestadio Multiprop\u00f3sito:<\/strong> cerca de <strong>$14.000 millones<\/strong> para un estadio con capacidad para 3.000 personas.<\/p>\n\n\n\n<p class=\"wp-block-paragraph\"><strong>Vel\u00f3dromo:<\/strong> m\u00e1s de <strong>$10.900 millones<\/strong> invertidos en la pista internacional y su estructura cubierta.<\/p>\n\n\n\n<p class=\"wp-block-paragraph\"><strong>Pistas de BMX y skate:<\/strong> una inversi\u00f3n superior a <strong>$4.349 millones<\/strong> en el nuevo polo deportivo del oeste rafaelino.<\/p>\n\n\n\n<p class=\"wp-block-paragraph\"><strong>Infraestructura complementaria:<\/strong> trabajos viales, servicios y mejoras urbanas en el sector.<\/p>\n\n\n\n<p class=\"wp-block-paragraph\">La Municipalidad de Rafaela aport\u00f3 de su presupuesto casi <strong>$1.000 millones m\u00e1s<\/strong>, por lo que la cuenta para el contribuyente en este tema ronda, redondeando, los:<\/p>\n\n\n\n<p class=\"wp-block-paragraph\"><strong>$50.000.000.000.<\/strong><\/p>\n\n\n\n<p class=\"wp-block-paragraph\">En letras: <strong>cincuenta mil millones de pesos<\/strong>.<\/p>\n\n\n\n<p class=\"wp-block-paragraph\">Hubo tambi\u00e9n aportes privados para construir la Villa Suramericana, donde podr\u00e1n alojarse los participantes. Despu\u00e9s del evento, los departamentos podr\u00edan venderse para recuperar esa inversi\u00f3n, una operaci\u00f3n que, tal vez, podr\u00eda dejar p\u00e9rdidas para quien dispuso del capital.<\/p>\n\n\n\n<p class=\"wp-block-paragraph\">El cronograma considerado para la sede de Rafaela abarca <strong>14 d\u00edas<\/strong>, con cuatro actividades cuyos per\u00edodos de entrenamiento y competencia, l\u00f3gicamente, se superponen:<\/p>\n\n\n\n<figure class=\"wp-block-table\"><table class=\"has-fixed-layout mtr-table mtr-tr-th\"><tbody><tr><th data-mtr-content=\"Actividad\" class=\"mtr-th-tag\"><div class=\"mtr-cell-content\">Actividad<\/div><\/th><th data-mtr-content=\"D\u00edas de entrenamiento\" class=\"mtr-th-tag\"><div class=\"mtr-cell-content\">D\u00edas de entrenamiento<\/div><\/th><th data-mtr-content=\"D\u00edas de competencia\" class=\"mtr-th-tag\"><div class=\"mtr-cell-content\">D\u00edas de competencia<\/div><\/th><\/tr><tr><td data-mtr-content=\"Actividad\" class=\"mtr-td-tag\"><div class=\"mtr-cell-content\">Boxeo<\/div><\/td><td data-mtr-content=\"D\u00edas de entrenamiento\" class=\"mtr-td-tag\"><div class=\"mtr-cell-content\">1<\/div><\/td><td data-mtr-content=\"D\u00edas de competencia\" class=\"mtr-td-tag\"><div class=\"mtr-cell-content\">6<\/div><\/td><\/tr><tr><td data-mtr-content=\"Actividad\" class=\"mtr-td-tag\"><div class=\"mtr-cell-content\">Ciclismo, en sus distintas modalidades<\/div><\/td><td data-mtr-content=\"D\u00edas de entrenamiento\" class=\"mtr-td-tag\"><div class=\"mtr-cell-content\">8<\/div><\/td><td data-mtr-content=\"D\u00edas de competencia\" class=\"mtr-td-tag\"><div class=\"mtr-cell-content\">11<\/div><\/td><\/tr><tr><td data-mtr-content=\"Actividad\" class=\"mtr-td-tag\"><div class=\"mtr-cell-content\">Skate<\/div><\/td><td data-mtr-content=\"D\u00edas de entrenamiento\" class=\"mtr-td-tag\"><div class=\"mtr-cell-content\">1,5<\/div><\/td><td data-mtr-content=\"D\u00edas de competencia\" class=\"mtr-td-tag\"><div class=\"mtr-cell-content\">2<\/div><\/td><\/tr><tr><td data-mtr-content=\"Actividad\" class=\"mtr-td-tag\"><div class=\"mtr-cell-content\">P\u00e1del<\/div><\/td><td data-mtr-content=\"D\u00edas de entrenamiento\" class=\"mtr-td-tag\"><div class=\"mtr-cell-content\">1,5<\/div><\/td><td data-mtr-content=\"D\u00edas de competencia\" class=\"mtr-td-tag\"><div class=\"mtr-cell-content\">4<\/div><\/td><\/tr><tr><td data-mtr-content=\"Actividad\" class=\"mtr-td-tag\"><div class=\"mtr-cell-content\"><strong>Total acumulado por actividad<\/strong><\/div><\/td><td data-mtr-content=\"D\u00edas de entrenamiento\" class=\"mtr-td-tag\"><div class=\"mtr-cell-content\"><strong>12<\/strong><\/div><\/td><td data-mtr-content=\"D\u00edas de competencia\" class=\"mtr-td-tag\"><div class=\"mtr-cell-content\"><strong>23<\/strong><\/div><\/td><\/tr><\/tbody><\/table><\/figure>\n\n\n\n<p class=\"wp-block-paragraph\">La suma da <strong>12 jornadas de entrenamiento y 23 de competencia por actividad<\/strong>, no 23 d\u00edas distintos de calendario.<\/p>\n\n\n\n<p class=\"wp-block-paragraph\">Si dividimos la inversi\u00f3n total por esas 23 jornadas, la cuenta es:<\/p>\n\n\n\n<p class=\"wp-block-paragraph\"><strong>$50.000.000.000 \u00f7 23 = aproximadamente $2.174 millones.<\/strong><\/p>\n\n\n\n<p class=\"wp-block-paragraph\">Es decir, <strong>m\u00e1s de dos mil cien millones de pesos por cada jornada de competencia computada<\/strong>.<\/p>\n\n\n\n<p class=\"wp-block-paragraph\">Esta divisi\u00f3n permite dimensionar la inversi\u00f3n frente a la duraci\u00f3n del evento, aunque <strong>no representa el costo operativo de cada competencia<\/strong>, porque incluye infraestructura que seguir\u00e1 utiliz\u00e1ndose despu\u00e9s de los Juegos.<\/p>\n\n\n\n<p class=\"wp-block-paragraph\">Convengamos que esas construcciones van a quedar en la ciudad y que algunos las llaman <strong>patrimonio<\/strong>. Pero tambi\u00e9n requerir\u00e1n gastos de mantenimiento. Si esos egresos se cubren con el presupuesto municipal, el contribuyente deber\u00e1 seguir aportando en los pr\u00f3ximos a\u00f1os, salvo que se generen ingresos suficientes para solventarlos o que, donde resulte posible, se vendan los bienes intentando recuperar lo invertido.<\/p>\n\n\n\n<p class=\"wp-block-paragraph\">Este concepto de <strong>poco respeto por el contribuyente<\/strong> se encuentra muy arraigado en la mentalidad de muchos pol\u00edticos.<\/p>\n\n\n\n<p class=\"wp-block-paragraph\">Se podr\u00edan nombrar varios episodios, sin que sean los \u00fanicos:<\/p>\n\n\n\n<p class=\"wp-block-paragraph\"><strong>1. La intenci\u00f3n de concurrir como ciudad a una exposici\u00f3n en Tecn\u00f3polis.<\/strong><\/p>\n\n\n\n<p class=\"wp-block-paragraph\">Durante un gobierno kirchnerista se impuls\u00f3 la participaci\u00f3n conjunta de la ciudad en <strong>Tecn\u00f3polis<\/strong>, cuando, a mi juicio, aquello era fundamentalmente publicidad pol\u00edtica. Se promovi\u00f3 desde el poder la participaci\u00f3n de entidades, organismos y empresas, con un gasto importante, en buena medida a cargo del contribuyente. La iniciativa no se concret\u00f3 totalmente, ya que una entidad no estuvo de acuerdo.<\/p>\n\n\n\n<p class=\"wp-block-paragraph\"><strong>2. La UNRaf.<\/strong><\/p>\n\n\n\n<p class=\"wp-block-paragraph\">La <strong>Universidad Nacional de Rafaela<\/strong>, cuya creaci\u00f3n considero innecesaria e inconsistente desde el punto de vista educativo, es otro ejemplo. El terreno se present\u00f3 como una \u201cdonaci\u00f3n\u201d, mientras que la construcci\u00f3n y el mantenimiento se financian con recursos p\u00fablicos.<\/p>\n\n\n\n<p class=\"wp-block-paragraph\">El presupuesto aprobado para 2026 supera los <strong>$7.000 millones<\/strong>: asciende a <strong>$7.122.495.956<\/strong>, con un <strong>95% destinado a gastos en personal<\/strong> en la distribuci\u00f3n aprobada por objeto del gasto. Muy interesante para tener \u201cempleos\u201d que ofrecer y gestiones que contratar.<\/p>\n\n\n\n<p class=\"wp-block-paragraph\"><strong>3. El Viejo Mercado.<\/strong><\/p>\n\n\n\n<p class=\"wp-block-paragraph\">El complejo museol\u00f3gico y la biblioteca constituyen otro caso cuyo formato de realizaci\u00f3n, a mi juicio, no ofreci\u00f3 toda la transparencia necesaria ni respet\u00f3 suficientemente al contribuyente.<\/p>\n\n\n\n<p class=\"wp-block-paragraph\">Una parte importante del costo de construcci\u00f3n termin\u00f3 siendo absorbida por la Municipalidad. Adem\u00e1s, pese a las sugerencias de generar actividad privada \u2014como locales comerciales suficientes para cubrir con sus alquileres el mantenimiento mensual\u2014, <strong>todos los meses el contribuyente debe aportar para sostenerlo<\/strong>.<\/p>\n\n\n\n<p class=\"wp-block-paragraph\"><strong>4. El acuerdo entre la Municipalidad de Rafaela, APADIR y los terrenos del ferrocarril.<\/strong><\/p>\n\n\n\n<p class=\"wp-block-paragraph\">Los terrenos ferroviarios fueron cedidos al municipio, que celebr\u00f3 un acuerdo con <strong>APADIR<\/strong>, una entidad sin fines de lucro. El esquema contemplaba un aporte econ\u00f3mico, la construcci\u00f3n de un parque integrador y la concesi\u00f3n de un espacio para instalar un pub-restaurante, cuyo alquiler permitir\u00eda financiar los objetivos de la instituci\u00f3n.<\/p>\n\n\n\n<p class=\"wp-block-paragraph\">La entidad comunic\u00f3 en <strong>2024<\/strong> que no continuar\u00eda con el convenio. El mantenimiento del parque ya hab\u00eda quedado a cargo del municipio.<\/p>\n\n\n\n<p class=\"wp-block-paragraph\">Sintetizando: <strong>dinero y bienes del contribuyente administrados mediante acuerdos que deben ofrecer plena transparencia<\/strong>. Las condiciones de las concesiones, el destino de los fondos y el cumplimiento de los objetivos de las entidades involucradas merecen explicaciones claras. La participaci\u00f3n de una organizaci\u00f3n sin fines de lucro no elimina esa obligaci\u00f3n ni vuelve innecesario el control sobre el uso de recursos p\u00fablicos.<\/p>\n\n\n\n<p class=\"wp-block-paragraph\">Si todo esto sucede en Rafaela, que es una excelente ciudad y que, seg\u00fan <strong>Gustavo Lazzari<\/strong>, puede ser un ejemplo, junto con Jun\u00edn, de c\u00f3mo deber\u00eda estar organizado el pa\u00eds, no quiero ni pensar c\u00f3mo debe ser en ciudades m\u00e1s grandes, como Santa Fe y Rosario.<\/p>\n\n\n\n<p class=\"wp-block-paragraph\">Eso es lo que hay que reducir al m\u00ednimo: <strong>el Estado elefanti\u00e1sico<\/strong>, con integrantes a quienes no les importa el esfuerzo del contribuyente.<\/p>\n\n\n\n<p class=\"wp-block-paragraph\"><strong>Todo tiene un hilo en com\u00fan. Solo hay que mirar qui\u00e9nes toman las decisiones y bajo qu\u00e9 conceptos.<\/strong><\/p>\n\n\n\n<p class=\"wp-block-paragraph\">La <strong>batalla cultural<\/strong> en este sentido debe ser permanente. Y estos episodios deben recordarse siempre, especialmente a la hora de votar.<\/p>\n\n\n\n<p class=\"wp-block-paragraph\"><\/p>\n","protected":false},"excerpt":{"rendered":"<p>La inversi\u00f3n para los Juegos Suramericanos dejar\u00e1 obras, pero tambi\u00e9n gastos de mantenimiento. Una mirada cr\u00edtica sobre el costo para los contribuyentes y otras decisiones p\u00fablicas que merecen ser revisadas.<\/p>\n","protected":false},"author":2,"featured_media":12102,"comment_status":"open","ping_status":"open","sticky":false,"template":"","format":"standard","meta":{"_acf_changed":false,"advanced_seo_description":"","jetpack_seo_html_title":"","jetpack_seo_noindex":false,"jetpack_seo_schema_type":"","_jetpack_newsletter_access":"","_jetpack_dont_email_post_to_subs":false,"_jetpack_newsletter_tier_id":0,"_jetpack_memberships_contains_paywalled_content":false,"_jetpack_feature_clip_id":0,"_jetpack_memberships_contains_paid_content":false,"footnotes":"","jetpack_post_was_ever_published":false},"categories":[38],"tags":[20,2091,165],"class_list":["post-12087","post","type-post","status-publish","format-standard","has-post-thumbnail","hentry","category-regionales","tag-destacados","tag-odesur","tag-rafaela"],"acf":[],"jetpack_featured_media_url":"https:\/\/elliberador.com\/wp-content\/uploads\/2026\/09\/ODESUR-Rafaela.webp","jetpack_sharing_enabled":true,"_links":{"self":[{"href":"https:\/\/elliberador.com\/index.php\/wp-json\/wp\/v2\/posts\/12087","targetHints":{"allow":["GET"]}}],"collection":[{"href":"https:\/\/elliberador.com\/index.php\/wp-json\/wp\/v2\/posts"}],"about":[{"href":"https:\/\/elliberador.com\/index.php\/wp-json\/wp\/v2\/types\/post"}],"author":[{"embeddable":true,"href":"https:\/\/elliberador.com\/index.php\/wp-json\/wp\/v2\/users\/2"}],"replies":[{"embeddable":true,"href":"https:\/\/elliberador.com\/index.php\/wp-json\/wp\/v2\/comments?post=12087"}],"version-history":[{"count":1,"href":"https:\/\/elliberador.com\/index.php\/wp-json\/wp\/v2\/posts\/12087\/revisions"}],"predecessor-version":[{"id":12088,"href":"https:\/\/elliberador.com\/index.php\/wp-json\/wp\/v2\/posts\/12087\/revisions\/12088"}],"wp:featuredmedia":[{"embeddable":true,"href":"https:\/\/elliberador.com\/index.php\/wp-json\/wp\/v2\/media\/12102"}],"wp:attachment":[{"href":"https:\/\/elliberador.com\/index.php\/wp-json\/wp\/v2\/media?parent=12087"}],"wp:term":[{"taxonomy":"category","embeddable":true,"href":"https:\/\/elliberador.com\/index.php\/wp-json\/wp\/v2\/categories?post=12087"},{"taxonomy":"post_tag","embeddable":true,"href":"https:\/\/elliberador.com\/index.php\/wp-json\/wp\/v2\/tags?post=12087"}],"curies":[{"name":"wp","href":"https:\/\/api.w.org\/{rel}","templated":true}]}}