{"id":12103,"date":"2026-09-03T11:19:52","date_gmt":"2026-09-03T14:19:52","guid":{"rendered":"https:\/\/elliberador.com\/?p=12103"},"modified":"2026-09-03T11:19:54","modified_gmt":"2026-09-03T14:19:54","slug":"un-destacamento-abandonado-y-la-desidia-provincial-a-la-vista-la-realidad-de-la-policia-en-pozo-de-los-indios-departamento-vera","status":"publish","type":"post","link":"https:\/\/elliberador.com\/index.php\/2026\/09\/03\/un-destacamento-abandonado-y-la-desidia-provincial-a-la-vista-la-realidad-de-la-policia-en-pozo-de-los-indios-departamento-vera\/","title":{"rendered":"Un destacamento abandonado y la desidia provincial a la vista: la realidad de la Polic\u00eda en Pozo de los Indios- departamento Vera"},"content":{"rendered":"\n<p class=\"wp-block-paragraph\">Vecinos denuncian que el Destacamento N.\u00ba 9 permanece cerrado, sin personal y en un estado de deterioro alarmante. <strong>La situaci\u00f3n vuelve a poner en evidencia la distancia entre los anuncios oficiales y la realidad que viven numerosas comunidades del interior santafesino.<\/strong><\/p>\n\n\n\n<p class=\"wp-block-paragraph\">Hay im\u00e1genes que dicen m\u00e1s que cualquier discurso. Paredes deterioradas, humedad, grietas, sectores abandonados y un edificio que evidencia a\u00f1os de falta de mantenimiento. Esa es la postal que presenta actualmente el Destacamento N.\u00ba 9 de Pozo de los Indios, localidad perteneciente al distrito Garabato, en el departamento Vera.<\/p>\n\n\n\n<div class=\"wp-block-jetpack-slideshow aligncenter\" data-effect=\"slide\" style=\"--aspect-ratio:calc(225 \/ 300)\"><div class=\"wp-block-jetpack-slideshow_container swiper\"><ul class=\"wp-block-jetpack-slideshow_swiper-wrapper swiper-wrapper\"><li class=\"wp-block-jetpack-slideshow_slide swiper-slide\"><figure><img fetchpriority=\"high\" decoding=\"async\" width=\"225\" height=\"300\" alt=\"\" class=\"wp-block-jetpack-slideshow_image wp-image-12109\" data-id=\"12109\" data-aspect-ratio=\"225 \/ 300\" src=\"https:\/\/elliberador.com\/wp-content\/uploads\/2026\/09\/7b5d34cb-1.jpg\"\/><\/figure><\/li><li class=\"wp-block-jetpack-slideshow_slide swiper-slide\"><figure><img decoding=\"async\" width=\"225\" height=\"300\" alt=\"\" class=\"wp-block-jetpack-slideshow_image wp-image-12111\" data-id=\"12111\" data-aspect-ratio=\"225 \/ 300\" src=\"https:\/\/elliberador.com\/wp-content\/uploads\/2026\/09\/d80c3417-1c2c-1.jpg\"\/><\/figure><\/li><li class=\"wp-block-jetpack-slideshow_slide swiper-slide\"><figure><img decoding=\"async\" width=\"225\" height=\"300\" alt=\"\" class=\"wp-block-jetpack-slideshow_image wp-image-12104\" data-id=\"12104\" data-aspect-ratio=\"225 \/ 300\" src=\"https:\/\/elliberador.com\/wp-content\/uploads\/2026\/09\/ffa0bf37-4399-.jpg\"\/><\/figure><\/li><li class=\"wp-block-jetpack-slideshow_slide swiper-slide\"><figure><img loading=\"lazy\" decoding=\"async\" width=\"225\" height=\"300\" alt=\"\" class=\"wp-block-jetpack-slideshow_image wp-image-12110\" data-id=\"12110\" data-aspect-ratio=\"225 \/ 300\" src=\"https:\/\/elliberador.com\/wp-content\/uploads\/2026\/09\/a9e740f2-51-1.jpg\"\/><\/figure><\/li><li class=\"wp-block-jetpack-slideshow_slide swiper-slide\"><figure><img loading=\"lazy\" decoding=\"async\" width=\"225\" height=\"300\" alt=\"\" class=\"wp-block-jetpack-slideshow_image wp-image-12112\" data-id=\"12112\" data-aspect-ratio=\"225 \/ 300\" src=\"https:\/\/elliberador.com\/wp-content\/uploads\/2026\/09\/4cece381-fe02-1-1.jpg\"\/><\/figure><\/li><\/ul><a class=\"wp-block-jetpack-slideshow_button-prev swiper-button-prev swiper-button-white\" role=\"button\"><\/a><a class=\"wp-block-jetpack-slideshow_button-next swiper-button-next swiper-button-white\" role=\"button\"><\/a><a aria-label=\"Pause Slideshow\" class=\"wp-block-jetpack-slideshow_button-pause\" role=\"button\"><\/a><div class=\"wp-block-jetpack-slideshow_pagination swiper-pagination swiper-pagination-white\"><\/div><\/div><\/div>\n\n\n\n<p class=\"wp-block-paragraph\">Pero el problema no se limita al estado edilicio. La denuncia de los habitantes es todav\u00eda m\u00e1s grave<strong>: hace a\u00f1os que no existir\u00eda una presencia policial permanente en el lugar.<\/strong><\/p>\n\n\n\n<p class=\"wp-block-paragraph\">La situaci\u00f3n sali\u00f3 nuevamente a la luz luego de que vecinos de la localidad cuestionaran p\u00fablicamente un comunicado difundido por la Unidad Regional XIX, en el que se informaba sobre un reconocimiento otorgado por la Provincia a un efectivo policial que no presta servicio en la cabecera departamental.<\/p>\n\n\n\n<p class=\"wp-block-paragraph\">La contradicci\u00f3n no tard\u00f3 en generar indignaci\u00f3n entre los habitantes.<\/p>\n\n\n\n<p class=\"wp-block-paragraph\">\u201c\u00bfPolic\u00eda ac\u00e1? Por favor, hace tanto tiempo que la comisar\u00eda est\u00e1 re abandonada, da pena ver ese edificio c\u00f3mo se encuentra\u201d, expres\u00f3 una vecina. Otro testimonio fue todav\u00eda m\u00e1s contundente: los habitantes aseguran haber perdido la cuenta del tiempo que hace que no trabaja un polic\u00eda de manera permanente en el pueblo.<\/p>\n\n\n\n<p class=\"wp-block-paragraph\"><strong>La pregunta, entonces, resulta inevitable: \u00bfc\u00f3mo puede reconocerse a un polic\u00eda por prestar servicio en una dependencia donde los propios vecinos aseguran que no existe presencia policial permanente?<\/strong><\/p>\n\n\n\n<p class=\"wp-block-paragraph\">La respuesta deber\u00eda ser brindada por la conducci\u00f3n policial y, fundamentalmente, <strong>por el Gobierno de la Provincia de Santa Fe.<\/strong><\/p>\n\n\n\n<p class=\"wp-block-paragraph\">La seguridad no comienza solamente con un patrullero o con un uniforme. Tambi\u00e9n comienza por garantizar que quienes tienen la responsabilidad de proteger a los vecinos cuenten con un lugar de trabajo digno y m\u00ednimamente adecuado para cumplir sus funciones.<\/p>\n\n\n\n<p class=\"wp-block-paragraph\">Un destacamento policial no puede convertirse en un edificio abandonado.<\/p>\n\n\n\n<p class=\"wp-block-paragraph\">Y mucho menos puede aceptarse que una comunidad del interior santafesino permanezca durante a\u00f1os sin una presencia efectiva y permanente del Estado.<\/p>\n\n\n\n<p class=\"wp-block-paragraph\">Cuando las paredes se deterioran, cuando la humedad avanza, cuando faltan recursos y cuando ni siquiera existe claridad sobre qui\u00e9n presta servicio en una dependencia, el abandono deja de ser \u00fanicamente edilicio: tambi\u00e9n se convierte en abandono institucional.<\/p>\n\n\n\n<h2 class=\"wp-block-heading\">Un Gobierno provincial que no puede mirar para otro lado<\/h2>\n\n\n\n<p class=\"wp-block-paragraph\">La seguridad se demuestra con presencia.<\/p>\n\n\n\n<p class=\"wp-block-paragraph\">Y esa presencia tiene que ser concreta: polic\u00edas, recursos, infraestructura, mantenimiento y capacidad de respuesta.<\/p>\n\n\n\n<p class=\"wp-block-paragraph\">No se puede pedir a los vecinos que conf\u00eden en las instituciones mientras observan c\u00f3mo se deteriora el lugar que deber\u00eda representar la presencia policial en su comunidad.<\/p>\n\n\n\n<p class=\"wp-block-paragraph\">Tampoco se puede exigir a los efectivos que arriesguen su vida y cumplan tareas fundamentales para la seguridad p\u00fablica mientras se los destina, eventualmente, a trabajar en condiciones que no re\u00fanen los est\u00e1ndares m\u00ednimos de dignidad y funcionamiento.<\/p>\n","protected":false},"excerpt":{"rendered":"<p>Vecinos denuncian que el Destacamento N.&ordm; 9 permanece cerrado, sin personal y en un estado&#8230;<\/p>\n","protected":false},"author":2,"featured_media":12113,"comment_status":"open","ping_status":"open","sticky":false,"template":"","format":"standard","meta":{"_acf_changed":false,"advanced_seo_description":"","jetpack_seo_html_title":"","jetpack_seo_noindex":false,"jetpack_seo_schema_type":"","_jetpack_newsletter_access":"","_jetpack_dont_email_post_to_subs":false,"_jetpack_newsletter_tier_id":0,"_jetpack_memberships_contains_paywalled_content":false,"_jetpack_feature_clip_id":0,"_jetpack_memberships_contains_paid_content":false,"footnotes":"","jetpack_post_was_ever_published":false},"categories":[598],"tags":[20,99,66],"class_list":["post-12103","post","type-post","status-publish","format-standard","has-post-thumbnail","hentry","category-santa-fe","tag-destacados","tag-pullaro","tag-santa-fe"],"acf":[],"jetpack_featured_media_url":"https:\/\/elliberador.com\/wp-content\/uploads\/2026\/09\/215678_mediana.jpg","jetpack_sharing_enabled":true,"_links":{"self":[{"href":"https:\/\/elliberador.com\/index.php\/wp-json\/wp\/v2\/posts\/12103","targetHints":{"allow":["GET"]}}],"collection":[{"href":"https:\/\/elliberador.com\/index.php\/wp-json\/wp\/v2\/posts"}],"about":[{"href":"https:\/\/elliberador.com\/index.php\/wp-json\/wp\/v2\/types\/post"}],"author":[{"embeddable":true,"href":"https:\/\/elliberador.com\/index.php\/wp-json\/wp\/v2\/users\/2"}],"replies":[{"embeddable":true,"href":"https:\/\/elliberador.com\/index.php\/wp-json\/wp\/v2\/comments?post=12103"}],"version-history":[{"count":1,"href":"https:\/\/elliberador.com\/index.php\/wp-json\/wp\/v2\/posts\/12103\/revisions"}],"predecessor-version":[{"id":12114,"href":"https:\/\/elliberador.com\/index.php\/wp-json\/wp\/v2\/posts\/12103\/revisions\/12114"}],"wp:featuredmedia":[{"embeddable":true,"href":"https:\/\/elliberador.com\/index.php\/wp-json\/wp\/v2\/media\/12113"}],"wp:attachment":[{"href":"https:\/\/elliberador.com\/index.php\/wp-json\/wp\/v2\/media?parent=12103"}],"wp:term":[{"taxonomy":"category","embeddable":true,"href":"https:\/\/elliberador.com\/index.php\/wp-json\/wp\/v2\/categories?post=12103"},{"taxonomy":"post_tag","embeddable":true,"href":"https:\/\/elliberador.com\/index.php\/wp-json\/wp\/v2\/tags?post=12103"}],"curies":[{"name":"wp","href":"https:\/\/api.w.org\/{rel}","templated":true}]}}