{"id":12115,"date":"2026-09-03T12:37:14","date_gmt":"2026-09-03T15:37:14","guid":{"rendered":"https:\/\/elliberador.com\/?p=12115"},"modified":"2026-09-03T18:08:27","modified_gmt":"2026-09-03T21:08:27","slug":"parches-y-piedras-en-el-camino-denuncian-el-deplorable-estado-de-la-ruta-66-entre-carlos-pellegrini-y-canada-rosquin","status":"publish","type":"post","link":"https:\/\/elliberador.com\/index.php\/2026\/09\/03\/parches-y-piedras-en-el-camino-denuncian-el-deplorable-estado-de-la-ruta-66-entre-carlos-pellegrini-y-canada-rosquin\/","title":{"rendered":"Parches y piedras en el camino: denuncian el deplorable estado de la Ruta 66 entre Carlos Pellegrini y Ca\u00f1ada Rosqu\u00edn"},"content":{"rendered":"\n<p class=\"wp-block-paragraph\">El estado de la <strong>Ruta Provincial 66, en el tramo que une Carlos Pellegrini con Ca\u00f1ada Rosqu\u00edn<\/strong>, genera preocupaci\u00f3n entre quienes la transitan habitualmente. A los cuestionamientos por los baches se sumaron cr\u00edticas por los arreglos realizados durante los \u00faltimos d\u00edas: seg\u00fan denunciaron vecinos, las intervenciones dejaron <strong>piedras sueltas sobre la calzada<\/strong>, que son levantadas por autos y camiones y pueden impactar contra otros veh\u00edculos.<\/p>\n\n\n\n<p class=\"wp-block-paragraph\"><strong><em>El Liberador <\/em><\/strong>dialog\u00f3 con vecinos del corredor, quienes manifestaron su preocupaci\u00f3n por las condiciones de una v\u00eda clave para conectar ambas localidades del centro-oeste santafesino. Los testimonios recogidos describieron reparaciones que consideran superficiales y plantearon dudas sobre cu\u00e1nto tiempo resistir\u00e1n.<\/p>\n\n\n\n<p class=\"wp-block-paragraph\">Uno de los vecinos pidi\u00f3 mantener su identidad en reserva por temor a tener problemas despu\u00e9s de hacer p\u00fablico el reclamo. Su cuestionamiento fue contundente: <strong>\u00abYo no hab\u00eda visto nunca un arreglo as\u00ed de mal\u00bb<\/strong>.<\/p>\n\n\n\n<figure class=\"wp-block-image size-large\"><img fetchpriority=\"high\" decoding=\"async\" width=\"1024\" height=\"461\" src=\"https:\/\/elliberador.com\/wp-content\/uploads\/2026\/09\/Estado-Ruta-66-1024x461.jpeg\" alt=\"\" class=\"wp-image-12134\" srcset=\"https:\/\/elliberador.com\/wp-content\/uploads\/2026\/09\/Estado-Ruta-66-1024x461.jpeg 1024w, https:\/\/elliberador.com\/wp-content\/uploads\/2026\/09\/Estado-Ruta-66-767x345.jpeg 767w, https:\/\/elliberador.com\/wp-content\/uploads\/2026\/09\/Estado-Ruta-66-300x135.jpeg 300w, https:\/\/elliberador.com\/wp-content\/uploads\/2026\/09\/Estado-Ruta-66-1022x460.jpeg 1022w, https:\/\/elliberador.com\/wp-content\/uploads\/2026\/09\/Estado-Ruta-66.jpeg 1280w\" sizes=\"(max-width: 1024px) 100vw, 1024px\" \/><\/figure>\n\n\n\n<h2 class=\"wp-block-heading\">Piedras sobre la ruta y da\u00f1os en los veh\u00edculos<\/h2>\n\n\n\n<p class=\"wp-block-paragraph\">Seg\u00fan relat\u00f3, esta semana observ\u00f3 trabajos de bacheo mientras viajaba hacia Carlos Pellegrini. Describi\u00f3 rellenos con piedras y una cobertura asf\u00e1ltica que, de acuerdo con su apreciaci\u00f3n, era demasiado delgada y dejaba desniveles respecto de la calzada.<\/p>\n\n\n\n<p class=\"wp-block-paragraph\">Apunt\u00f3 adem\u00e1s, tanto a la terminaci\u00f3n de los trabajos como la cantidad de material suelto que qued\u00f3 sobre la ruta. Tambi\u00e9n cont\u00f3 que, mientras circulaba a unos <strong>60 kil\u00f3metros por hora<\/strong>, una piedra impact\u00f3 contra su parabrisas y lo marc\u00f3.<\/p>\n\n\n\n<p class=\"wp-block-paragraph\">La preocupaci\u00f3n no pasa solamente por la incomodidad de transitar entre pozos. Seg\u00fan los testimonios, <strong>el paso de camiones y autom\u00f3viles levanta las piedras que quedan dispersas<\/strong>, lo que expone a otros conductores a impactos y da\u00f1os.<\/p>\n\n\n\n<p class=\"wp-block-paragraph\">As\u00ed, quienes utilizan el corredor advierten que los trabajos destinados a mejorar la circulaci\u00f3n est\u00e1n dejando un problema adicional sobre el pavimento.<\/p>\n\n\n\n<figure class=\"wp-block-image size-large\"><img decoding=\"async\" width=\"1024\" height=\"461\" src=\"https:\/\/elliberador.com\/wp-content\/uploads\/2026\/09\/Estado-Ruta-66-I-1024x461.jpeg\" alt=\"\" class=\"wp-image-12135\" srcset=\"https:\/\/elliberador.com\/wp-content\/uploads\/2026\/09\/Estado-Ruta-66-I-1024x461.jpeg 1024w, https:\/\/elliberador.com\/wp-content\/uploads\/2026\/09\/Estado-Ruta-66-I-300x135.jpeg 300w, https:\/\/elliberador.com\/wp-content\/uploads\/2026\/09\/Estado-Ruta-66-I-767x345.jpeg 767w, https:\/\/elliberador.com\/wp-content\/uploads\/2026\/09\/Estado-Ruta-66-I-1022x460.jpeg 1022w, https:\/\/elliberador.com\/wp-content\/uploads\/2026\/09\/Estado-Ruta-66-I.jpeg 1280w\" sizes=\"(max-width: 1024px) 100vw, 1024px\" \/><\/figure>\n\n\n\n<h2 class=\"wp-block-heading\">\u00abEso no dura ni para las elecciones\u00bb<\/h2>\n\n\n\n<p class=\"wp-block-paragraph\">La durabilidad de las reparaciones fue otro de los puntos centrales del reclamo. Otro grupo de vecinos consider\u00f3 que los trabajos no resuelven el deterioro de fondo. \u00abEste arreglo as\u00ed como est\u00e1 no dura ni para las elecciones\u00bb, ironizaron.<\/p>\n\n\n\n<p class=\"wp-block-paragraph\">La expresi\u00f3n refleja el malestar de quienes aseguran encontrarse, una y otra vez, con intervenciones que ofrecen una respuesta transitoria. \u00abEs como pintar una pared cuyo revoque se est\u00e1 desprendiendo. Se cubre el deterioro, pero el problema permanece\u00bb, establecieron como paralelismo y enfatizaron: \u00ab<strong>Todos los parches que se hacen son justamente eso, parches que duran muy poco<\/strong>\u00ab.<\/p>\n\n\n\n<h2 class=\"wp-block-heading\">Una respuesta que debe verse sobre el asfalto<\/h2>\n\n\n\n<p class=\"wp-block-paragraph\">El reclamo pone el foco a su vez en una responsabilidad b\u00e1sica de la administraci\u00f3n provincial: mantener las rutas en condiciones y procurar que las tareas de conservaci\u00f3n no sumen riesgos para quienes circulan.<\/p>\n\n\n\n<p class=\"wp-block-paragraph\">Para los vecinos consultados, <strong>no alcanza con tapar los pozos si despu\u00e9s deben seguir esquivando desniveles y soportando piedrazos<\/strong>. La preocupaci\u00f3n est\u00e1 puesta en las condiciones de circulaci\u00f3n y en la calidad de una respuesta que consideran insuficiente.<\/p>\n\n\n\n<p class=\"wp-block-paragraph\">En este tramo de la Ruta 66, el malestar tiene una explicaci\u00f3n sencilla: quienes necesitan viajar entre Carlos Pellegrini y Ca\u00f1ada Rosqu\u00edn esperan una soluci\u00f3n duradera. <strong>La Provincia debe responder con una calzada segura, no con parches que los vecinos ya miran con desconfianza<\/strong>.<\/p>\n","protected":false},"excerpt":{"rendered":"<p>Vecinos de la zona encendieron el reclamo y apuntaron contra la Provincia. Exigen soluciones que no se desarmen al paso de los veh\u00edculos.<\/p>\n","protected":false},"author":2,"featured_media":12133,"comment_status":"open","ping_status":"open","sticky":false,"template":"","format":"standard","meta":{"_acf_changed":false,"advanced_seo_description":"","jetpack_seo_html_title":"","jetpack_seo_noindex":false,"jetpack_seo_schema_type":"","_jetpack_newsletter_access":"","_jetpack_dont_email_post_to_subs":false,"_jetpack_newsletter_tier_id":0,"_jetpack_memberships_contains_paywalled_content":false,"_jetpack_feature_clip_id":0,"_jetpack_memberships_contains_paid_content":false,"footnotes":"","jetpack_post_was_ever_published":false},"categories":[1737],"tags":[2439,2438,20,2437,66],"class_list":["post-12115","post","type-post","status-publish","format-standard","has-post-thumbnail","hentry","category-rutas","tag-canada-rosquin","tag-carlos-pellegrini","tag-destacados","tag-ruta-66","tag-santa-fe"],"acf":[],"jetpack_featured_media_url":"https:\/\/elliberador.com\/wp-content\/uploads\/2026\/09\/Estado-Ruta-66.webp","jetpack_sharing_enabled":true,"_links":{"self":[{"href":"https:\/\/elliberador.com\/index.php\/wp-json\/wp\/v2\/posts\/12115","targetHints":{"allow":["GET"]}}],"collection":[{"href":"https:\/\/elliberador.com\/index.php\/wp-json\/wp\/v2\/posts"}],"about":[{"href":"https:\/\/elliberador.com\/index.php\/wp-json\/wp\/v2\/types\/post"}],"author":[{"embeddable":true,"href":"https:\/\/elliberador.com\/index.php\/wp-json\/wp\/v2\/users\/2"}],"replies":[{"embeddable":true,"href":"https:\/\/elliberador.com\/index.php\/wp-json\/wp\/v2\/comments?post=12115"}],"version-history":[{"count":3,"href":"https:\/\/elliberador.com\/index.php\/wp-json\/wp\/v2\/posts\/12115\/revisions"}],"predecessor-version":[{"id":12136,"href":"https:\/\/elliberador.com\/index.php\/wp-json\/wp\/v2\/posts\/12115\/revisions\/12136"}],"wp:featuredmedia":[{"embeddable":true,"href":"https:\/\/elliberador.com\/index.php\/wp-json\/wp\/v2\/media\/12133"}],"wp:attachment":[{"href":"https:\/\/elliberador.com\/index.php\/wp-json\/wp\/v2\/media?parent=12115"}],"wp:term":[{"taxonomy":"category","embeddable":true,"href":"https:\/\/elliberador.com\/index.php\/wp-json\/wp\/v2\/categories?post=12115"},{"taxonomy":"post_tag","embeddable":true,"href":"https:\/\/elliberador.com\/index.php\/wp-json\/wp\/v2\/tags?post=12115"}],"curies":[{"name":"wp","href":"https:\/\/api.w.org\/{rel}","templated":true}]}}