{"id":12120,"date":"2026-09-03T16:20:34","date_gmt":"2026-09-03T19:20:34","guid":{"rendered":"https:\/\/elliberador.com\/?p=12120"},"modified":"2026-09-03T16:20:36","modified_gmt":"2026-09-03T19:20:36","slug":"milei-llamo-a-organizar-una-alianza-internacional-de-derecha-para-enfrentar-a-la-izquierda","status":"publish","type":"post","link":"https:\/\/elliberador.com\/index.php\/2026\/09\/03\/milei-llamo-a-organizar-una-alianza-internacional-de-derecha-para-enfrentar-a-la-izquierda\/","title":{"rendered":"Milei llam\u00f3 a organizar una alianza internacional de derecha para enfrentar a la izquierda"},"content":{"rendered":"\n<p class=\"wp-block-paragraph\"><strong>Javier Milei reclam\u00f3 una mayor organizaci\u00f3n internacional de la derecha<\/strong> durante su participaci\u00f3n en el V Encuentro Regional del Foro Madrid, celebrado este jueves en Santiago de Chile. Su mensaje apunt\u00f3 a transformar las afinidades ideol\u00f3gicas en una cooperaci\u00f3n sostenida entre pa\u00edses y dirigentes.<\/p>\n\n\n\n<p class=\"wp-block-paragraph\">Ante los asistentes, el mandatario sostuvo que <strong>\u201cla derecha tambi\u00e9n se tiene que organizar\u201d<\/strong>. Argument\u00f3 que la izquierda desarroll\u00f3 durante d\u00e9cadas estructuras que trascienden las fronteras y que sus adversarios deben responder con una articulaci\u00f3n equivalente.<\/p>\n\n\n\n<p class=\"wp-block-paragraph\">La convocatoria incluy\u00f3 un pedido de respaldo mutuo entre gobiernos amigos y de atenci\u00f3n a las coincidencias fundamentales por encima de las diferencias internas.<\/p>\n\n\n\n<h2 class=\"wp-block-heading\">La batalla pol\u00edtica no termina con una elecci\u00f3n<\/h2>\n\n\n\n<p class=\"wp-block-paragraph\">Milei advirti\u00f3 que los sectores desplazados del poder conservan capacidad de acci\u00f3n. Los acus\u00f3 de promover desestabilizaci\u00f3n, generar temor y utilizar espacios institucionales y medi\u00e1ticos para recuperar influencia.<\/p>\n\n\n\n<p class=\"wp-block-paragraph\">Frente a ese escenario, defendi\u00f3 la necesidad de sostener la disputa cultural junto con las reformas econ\u00f3micas. <strong>\u201cAl mal organizado se lo vence con el bien organizado\u201d<\/strong>, afirm\u00f3.<\/p>\n\n\n\n<p class=\"wp-block-paragraph\">El Presidente tambi\u00e9n interpret\u00f3 los cambios pol\u00edticos en <strong>Per\u00fa, Colombia y Ecuador<\/strong> como se\u00f1ales de una expansi\u00f3n regional de las ideas que impulsa. Present\u00f3 esa lectura como una oportunidad para fortalecer los v\u00ednculos entre sus referentes.<\/p>\n\n\n\n<h2 class=\"wp-block-heading\">Defensa del rumbo econ\u00f3mico<\/h2>\n\n\n\n<p class=\"wp-block-paragraph\">En otro tramo de su exposici\u00f3n, Milei reivindic\u00f3 el programa argentino y asegur\u00f3 que resisti\u00f3 las presiones que enfrent\u00f3. Sin embargo, reconoci\u00f3 que esas tensiones tuvieron consecuencias sobre la actividad y los precios: habl\u00f3 de meses de desaceleraci\u00f3n y de un repunte inflacionario que, seg\u00fan sostuvo, el Gobierno est\u00e1 revirtiendo.<\/p>\n\n\n\n<p class=\"wp-block-paragraph\">Su planteo vincul\u00f3 <strong>libertad econ\u00f3mica, comercio y seguridad<\/strong> como bases de una agenda compartida. Insisti\u00f3 en que sostener esas pol\u00edticas requiere voluntad y coordinaci\u00f3n, adem\u00e1s de victorias en las urnas.<\/p>\n\n\n\n<p class=\"wp-block-paragraph\">El encuentro fue organizado por la <strong>Fundaci\u00f3n Disenso<\/strong>. Entre los participantes estuvieron Jos\u00e9 Antonio Kast, Sarah Rogers y representantes pol\u00edticos de distintos pa\u00edses. Karina Milei y Pablo Quirno acompa\u00f1aron al mandatario argentino.<\/p>\n\n\n\n<p class=\"wp-block-paragraph\">El mensaje central fue una convocatoria a pasar de las coincidencias discursivas a una acci\u00f3n conjunta: <strong>organizarse para defender las reformas y sostenerlas en el tiempo<\/strong>.<\/p>\n\n\n\n<p class=\"wp-block-paragraph\"><\/p>\n","protected":false},"excerpt":{"rendered":"<p>Desde Santiago de Chile, el Presidente pidi\u00f3 superar las diferencias entre aliados y coordinar una estrategia com\u00fan. Defendi\u00f3 su programa econ\u00f3mico y advirti\u00f3 que los triunfos electorales no garantizan la continuidad de las reformas.<\/p>\n","protected":false},"author":2,"featured_media":12124,"comment_status":"open","ping_status":"open","sticky":false,"template":"","format":"standard","meta":{"_acf_changed":false,"advanced_seo_description":"","jetpack_seo_html_title":"","jetpack_seo_noindex":false,"jetpack_seo_schema_type":"","_jetpack_newsletter_access":"","_jetpack_dont_email_post_to_subs":false,"_jetpack_newsletter_tier_id":0,"_jetpack_memberships_contains_paywalled_content":false,"_jetpack_feature_clip_id":0,"_jetpack_memberships_contains_paid_content":false,"footnotes":"","jetpack_post_was_ever_published":false},"categories":[4],"tags":[20,119,2440,56],"class_list":["post-12120","post","type-post","status-publish","format-standard","has-post-thumbnail","hentry","category-politica","tag-destacados","tag-javier-milei","tag-jose-kast","tag-milei"],"acf":[],"jetpack_featured_media_url":"https:\/\/elliberador.com\/wp-content\/uploads\/2026\/09\/Milei-Chile-discurso.webp","jetpack_sharing_enabled":true,"_links":{"self":[{"href":"https:\/\/elliberador.com\/index.php\/wp-json\/wp\/v2\/posts\/12120","targetHints":{"allow":["GET"]}}],"collection":[{"href":"https:\/\/elliberador.com\/index.php\/wp-json\/wp\/v2\/posts"}],"about":[{"href":"https:\/\/elliberador.com\/index.php\/wp-json\/wp\/v2\/types\/post"}],"author":[{"embeddable":true,"href":"https:\/\/elliberador.com\/index.php\/wp-json\/wp\/v2\/users\/2"}],"replies":[{"embeddable":true,"href":"https:\/\/elliberador.com\/index.php\/wp-json\/wp\/v2\/comments?post=12120"}],"version-history":[{"count":1,"href":"https:\/\/elliberador.com\/index.php\/wp-json\/wp\/v2\/posts\/12120\/revisions"}],"predecessor-version":[{"id":12125,"href":"https:\/\/elliberador.com\/index.php\/wp-json\/wp\/v2\/posts\/12120\/revisions\/12125"}],"wp:featuredmedia":[{"embeddable":true,"href":"https:\/\/elliberador.com\/index.php\/wp-json\/wp\/v2\/media\/12124"}],"wp:attachment":[{"href":"https:\/\/elliberador.com\/index.php\/wp-json\/wp\/v2\/media?parent=12120"}],"wp:term":[{"taxonomy":"category","embeddable":true,"href":"https:\/\/elliberador.com\/index.php\/wp-json\/wp\/v2\/categories?post=12120"},{"taxonomy":"post_tag","embeddable":true,"href":"https:\/\/elliberador.com\/index.php\/wp-json\/wp\/v2\/tags?post=12120"}],"curies":[{"name":"wp","href":"https:\/\/api.w.org\/{rel}","templated":true}]}}