{"id":12121,"date":"2026-09-03T16:18:01","date_gmt":"2026-09-03T19:18:01","guid":{"rendered":"https:\/\/elliberador.com\/?p=12121"},"modified":"2026-09-03T16:18:03","modified_gmt":"2026-09-03T19:18:03","slug":"milei-se-reunio-con-kast-en-la-moneda-y-reforzo-su-apuesta-por-una-derecha-unida","status":"publish","type":"post","link":"https:\/\/elliberador.com\/index.php\/2026\/09\/03\/milei-se-reunio-con-kast-en-la-moneda-y-reforzo-su-apuesta-por-una-derecha-unida\/","title":{"rendered":"Milei se reuni\u00f3 con Kast en La Moneda y reforz\u00f3 su apuesta por una derecha unida"},"content":{"rendered":"\n<p class=\"wp-block-paragraph\"><strong>Javier Milei y Jos\u00e9 Antonio Kast se reunieron este jueves al mediod\u00eda en el Palacio de La Moneda<\/strong>, en una jornada que combin\u00f3 contactos diplom\u00e1ticos y definiciones pol\u00edticas del mandatario argentino en Santiago de Chile.<\/p>\n\n\n\n<p class=\"wp-block-paragraph\">El encuentro entre ambos presidentes dur\u00f3 menos de 50 minutos y concluy\u00f3 <strong>sin declaraciones p\u00fablicas<\/strong>. No se ofreci\u00f3 una exposici\u00f3n conjunta sobre los asuntos abordados durante la conversaci\u00f3n.<\/p>\n\n\n\n<p class=\"wp-block-paragraph\">La visita coincidi\u00f3 con el <strong>V Encuentro Regional del Foro Madrid<\/strong>, organizado por la Fundaci\u00f3n Disenso, que reuni\u00f3 a funcionarios, legisladores y representantes de organizaciones iberoamericanas.<\/p>\n\n\n\n<h2 class=\"wp-block-heading\">Contactos con Estados Unidos<\/h2>\n\n\n\n<p class=\"wp-block-paragraph\">La agenda de Milei tambi\u00e9n contempl\u00f3 una reuni\u00f3n con <strong>Sarah Rogers, subsecretaria de Estado para la Diplomacia P\u00fablica de Estados Unidos<\/strong>. Participaron de esa conversaci\u00f3n la secretaria general de la Presidencia, <strong>Karina Milei<\/strong>, y el canciller <strong>Pablo Quirno<\/strong>.<\/p>\n\n\n\n<p class=\"wp-block-paragraph\">En su intervenci\u00f3n ante el foro, el Presidente defendi\u00f3 la necesidad de construir una coordinaci\u00f3n m\u00e1s estrecha entre los sectores de derecha. Plante\u00f3 que la confrontaci\u00f3n ideol\u00f3gica supera las fronteras nacionales y reclam\u00f3 privilegiar las coincidencias entre aliados.<\/p>\n\n\n\n<p class=\"wp-block-paragraph\">As\u00ed, la jornada en Chile reuni\u00f3 dos dimensiones de su agenda exterior: <strong>el v\u00ednculo con gobiernos afines y la b\u00fasqueda de una organizaci\u00f3n pol\u00edtica internacional alrededor de las ideas de la libertad<\/strong>.<\/p>\n\n\n\n<p class=\"wp-block-paragraph\"><\/p>\n","protected":false},"excerpt":{"rendered":"<p>El Presidente mantuvo un encuentro con su par chileno durante su visita a Santiago. Su agenda tambi\u00e9n incluy\u00f3 una reuni\u00f3n con una funcionaria estadounidense y un llamado a fortalecer la coordinaci\u00f3n internacional en defensa de la libertad.<\/p>\n","protected":false},"author":2,"featured_media":12122,"comment_status":"open","ping_status":"open","sticky":false,"template":"","format":"standard","meta":{"_acf_changed":false,"advanced_seo_description":"","jetpack_seo_html_title":"","jetpack_seo_noindex":false,"jetpack_seo_schema_type":"","_jetpack_newsletter_access":"","_jetpack_dont_email_post_to_subs":false,"_jetpack_newsletter_tier_id":0,"_jetpack_memberships_contains_paywalled_content":false,"_jetpack_feature_clip_id":0,"_jetpack_memberships_contains_paid_content":false,"footnotes":"","jetpack_post_was_ever_published":false},"categories":[4],"tags":[20,119,2440,326,56,2441],"class_list":["post-12121","post","type-post","status-publish","format-standard","has-post-thumbnail","hentry","category-politica","tag-destacados","tag-javier-milei","tag-jose-kast","tag-kast","tag-milei","tag-visita-chile"],"acf":[],"jetpack_featured_media_url":"https:\/\/elliberador.com\/wp-content\/uploads\/2026\/09\/Milei-Kast-en-Chile.webp","jetpack_sharing_enabled":true,"_links":{"self":[{"href":"https:\/\/elliberador.com\/index.php\/wp-json\/wp\/v2\/posts\/12121","targetHints":{"allow":["GET"]}}],"collection":[{"href":"https:\/\/elliberador.com\/index.php\/wp-json\/wp\/v2\/posts"}],"about":[{"href":"https:\/\/elliberador.com\/index.php\/wp-json\/wp\/v2\/types\/post"}],"author":[{"embeddable":true,"href":"https:\/\/elliberador.com\/index.php\/wp-json\/wp\/v2\/users\/2"}],"replies":[{"embeddable":true,"href":"https:\/\/elliberador.com\/index.php\/wp-json\/wp\/v2\/comments?post=12121"}],"version-history":[{"count":1,"href":"https:\/\/elliberador.com\/index.php\/wp-json\/wp\/v2\/posts\/12121\/revisions"}],"predecessor-version":[{"id":12123,"href":"https:\/\/elliberador.com\/index.php\/wp-json\/wp\/v2\/posts\/12121\/revisions\/12123"}],"wp:featuredmedia":[{"embeddable":true,"href":"https:\/\/elliberador.com\/index.php\/wp-json\/wp\/v2\/media\/12122"}],"wp:attachment":[{"href":"https:\/\/elliberador.com\/index.php\/wp-json\/wp\/v2\/media?parent=12121"}],"wp:term":[{"taxonomy":"category","embeddable":true,"href":"https:\/\/elliberador.com\/index.php\/wp-json\/wp\/v2\/categories?post=12121"},{"taxonomy":"post_tag","embeddable":true,"href":"https:\/\/elliberador.com\/index.php\/wp-json\/wp\/v2\/tags?post=12121"}],"curies":[{"name":"wp","href":"https:\/\/api.w.org\/{rel}","templated":true}]}}