{"id":12126,"date":"2026-09-03T17:13:23","date_gmt":"2026-09-03T20:13:23","guid":{"rendered":"https:\/\/elliberador.com\/?p=12126"},"modified":"2026-09-04T14:29:54","modified_gmt":"2026-09-04T17:29:54","slug":"corrupcion-en-entre-rios-quedo-firme-la-condena-a-ocho-anos-contra-el-exgobernador-kirchnerista-sergio-urribarri","status":"publish","type":"post","link":"https:\/\/elliberador.com\/index.php\/2026\/09\/03\/corrupcion-en-entre-rios-quedo-firme-la-condena-a-ocho-anos-contra-el-exgobernador-kirchnerista-sergio-urribarri\/","title":{"rendered":"Corrupci\u00f3n en Entre R\u00edos: qued\u00f3 firme la condena a ocho a\u00f1os contra el exgobernador kirchnerista Sergio Urribarri"},"content":{"rendered":"\n<p class=\"wp-block-paragraph\">El <strong>exgobernador kirchnerista de Entre R\u00edos, Sergio Urribarri<\/strong>, qued\u00f3 con una condena firme a <strong>ocho a\u00f1os de prisi\u00f3n<\/strong> despu\u00e9s de que la Corte Suprema de Justicia de la Naci\u00f3n declarara inadmisibles los recursos extraordinarios presentados en la causa por corrupci\u00f3n vinculada con el manejo de fondos provinciales.<\/p>\n\n\n\n<p class=\"wp-block-paragraph\">La decisi\u00f3n, conocida este <strong>jueves 3 de septiembre<\/strong>, fue adoptada por los jueces <strong>Horacio Rosatti, Carlos Rosenkrantz y Ricardo Lorenzetti<\/strong>. Adem\u00e1s de la pena de prisi\u00f3n, qued\u00f3 firme la <strong>inhabilitaci\u00f3n absoluta perpetua para ejercer cargos p\u00fablicos<\/strong>.<\/p>\n\n\n\n<p class=\"wp-block-paragraph\">La sentencia original hab\u00eda sido dictada el <strong>7 de abril de 2022<\/strong> por el Tribunal de Juicio y Apelaciones de Paran\u00e1. El proceso examin\u00f3 distintas contrataciones estatales y el uso de recursos p\u00fablicos para favorecer intereses particulares y la proyecci\u00f3n pol\u00edtica del entonces gobernador.<\/p>\n\n\n\n<h2 class=\"wp-block-heading\">Publicidad oficial y fondos para su proyecto presidencial<\/h2>\n\n\n\n<p class=\"wp-block-paragraph\">El juicio reuni\u00f3 diferentes maniobras relacionadas con la contrataci\u00f3n de publicidad, carteler\u00eda y actividades de promoci\u00f3n financiadas por la provincia.<\/p>\n\n\n\n<p class=\"wp-block-paragraph\">Entre los hechos juzgados estuvo la instalaci\u00f3n de un <strong>parador en Mar del Plata por $14 millones<\/strong>, vinculado con la promoci\u00f3n del proyecto presidencial de Urribarri, conocido como el <strong>\u201cSue\u00f1o Entrerriano\u201d<\/strong>.<\/p>\n\n\n\n<p class=\"wp-block-paragraph\">Tambi\u00e9n se analizaron las contrataciones con <strong>Global Means<\/strong>, que recibi\u00f3 asignaciones publicitarias antes de su existencia legal, y el funcionamiento de las firmas <strong>Tep SRL y Next SRL<\/strong>, relacionadas con el negocio de la publicidad estatal y con el entorno de su cu\u00f1ado, <strong>Juan Pablo Aguilera<\/strong>.<\/p>\n\n\n\n<p class=\"wp-block-paragraph\">Otro de los episodios involucr\u00f3 pagos a <strong>Nelly Entertainment<\/strong> por tres piezas audiovisuales destinadas a la Cumbre del Mercosur realizada en Paran\u00e1 en 2014.<\/p>\n\n\n\n<p class=\"wp-block-paragraph\">La resoluci\u00f3n de la Corte tambi\u00e9n dej\u00f3 firmes las condenas de otros implicados, entre ellos Aguilera y el exministro de Cultura y Comunicaci\u00f3n provincial, <strong>Pedro B\u00e1ez<\/strong>.<\/p>\n\n\n\n<h2 class=\"wp-block-heading\">Qu\u00e9 cambia con el fallo<\/h2>\n\n\n\n<p class=\"wp-block-paragraph\">El m\u00e1ximo tribunal aplic\u00f3 el <strong>art\u00edculo 280 del C\u00f3digo Procesal Civil y Comercial de la Naci\u00f3n<\/strong> para desestimar los recursos. Eso significa que no realiz\u00f3 una nueva valoraci\u00f3n de las pruebas ni revis\u00f3 nuevamente el fondo de la condena.<\/p>\n\n\n\n<p class=\"wp-block-paragraph\">El efecto de la decisi\u00f3n es que <strong>la sentencia provincial qued\u00f3 firme y corresponde avanzar con su ejecuci\u00f3n<\/strong>. La resoluci\u00f3n de la Corte no contiene, por s\u00ed misma, una orden de detenci\u00f3n: esas actuaciones deben instrumentarse en la Justicia entrerriana.<\/p>\n\n\n\n<p class=\"wp-block-paragraph\">Urribarri gobern\u00f3 Entre R\u00edos entre <strong>2007 y 2015<\/strong> y posteriormente fue embajador argentino en Israel durante la presidencia de Alberto Fern\u00e1ndez. Renunci\u00f3 a ese cargo diplom\u00e1tico en 2022, tras conocerse la sentencia inicial.<\/p>\n\n\n\n<p class=\"wp-block-paragraph\">Ahora, el exmandatario kirchnerista enfrenta una condena firme por corrupci\u00f3n y una prohibici\u00f3n permanente para volver a ocupar cargos p\u00fablicos.<\/p>\n\n\n\n<p class=\"wp-block-paragraph\"><\/p>\n","protected":false},"excerpt":{"rendered":"<p>La Corte Suprema rechaz\u00f3 los recursos de las defensas y dej\u00f3 firme la sentencia contra el exmandatario entrerriano por peculado y negociaciones incompatibles con la funci\u00f3n p\u00fablica. La pena incluye la inhabilitaci\u00f3n absoluta perpetua para ejercer cargos p\u00fablicos.<\/p>\n","protected":false},"author":2,"featured_media":12131,"comment_status":"open","ping_status":"open","sticky":false,"template":"","format":"standard","meta":{"_acf_changed":false,"advanced_seo_description":"","jetpack_seo_html_title":"","jetpack_seo_noindex":false,"jetpack_seo_schema_type":"","_jetpack_newsletter_access":"","_jetpack_dont_email_post_to_subs":false,"_jetpack_newsletter_tier_id":0,"_jetpack_memberships_contains_paywalled_content":false,"_jetpack_feature_clip_id":0,"_jetpack_memberships_contains_paid_content":false,"footnotes":"","jetpack_post_was_ever_published":false},"categories":[59,1972],"tags":[],"class_list":["post-12126","post","type-post","status-publish","format-standard","has-post-thumbnail","hentry","category-justicia","category-kirchnerismo"],"acf":[],"jetpack_featured_media_url":"https:\/\/elliberador.com\/wp-content\/uploads\/2026\/09\/Cristina-y-Urribarri.webp","jetpack_sharing_enabled":true,"_links":{"self":[{"href":"https:\/\/elliberador.com\/index.php\/wp-json\/wp\/v2\/posts\/12126","targetHints":{"allow":["GET"]}}],"collection":[{"href":"https:\/\/elliberador.com\/index.php\/wp-json\/wp\/v2\/posts"}],"about":[{"href":"https:\/\/elliberador.com\/index.php\/wp-json\/wp\/v2\/types\/post"}],"author":[{"embeddable":true,"href":"https:\/\/elliberador.com\/index.php\/wp-json\/wp\/v2\/users\/2"}],"replies":[{"embeddable":true,"href":"https:\/\/elliberador.com\/index.php\/wp-json\/wp\/v2\/comments?post=12126"}],"version-history":[{"count":1,"href":"https:\/\/elliberador.com\/index.php\/wp-json\/wp\/v2\/posts\/12126\/revisions"}],"predecessor-version":[{"id":12132,"href":"https:\/\/elliberador.com\/index.php\/wp-json\/wp\/v2\/posts\/12126\/revisions\/12132"}],"wp:featuredmedia":[{"embeddable":true,"href":"https:\/\/elliberador.com\/index.php\/wp-json\/wp\/v2\/media\/12131"}],"wp:attachment":[{"href":"https:\/\/elliberador.com\/index.php\/wp-json\/wp\/v2\/media?parent=12126"}],"wp:term":[{"taxonomy":"category","embeddable":true,"href":"https:\/\/elliberador.com\/index.php\/wp-json\/wp\/v2\/categories?post=12126"},{"taxonomy":"post_tag","embeddable":true,"href":"https:\/\/elliberador.com\/index.php\/wp-json\/wp\/v2\/tags?post=12126"}],"curies":[{"name":"wp","href":"https:\/\/api.w.org\/{rel}","templated":true}]}}