{"id":12127,"date":"2026-09-03T17:10:33","date_gmt":"2026-09-03T20:10:33","guid":{"rendered":"https:\/\/elliberador.com\/?p=12127"},"modified":"2026-09-03T17:10:35","modified_gmt":"2026-09-03T20:10:35","slug":"hallaron-muerto-a-un-exfuncionario-k-de-gils-carbo-que-debia-enfrentar-un-juicio-por-corrupcion","status":"publish","type":"post","link":"https:\/\/elliberador.com\/index.php\/2026\/09\/03\/hallaron-muerto-a-un-exfuncionario-k-de-gils-carbo-que-debia-enfrentar-un-juicio-por-corrupcion\/","title":{"rendered":"Hallaron muerto a un exfuncionario K de Gils Carb\u00f3 que deb\u00eda enfrentar un juicio por corrupci\u00f3n"},"content":{"rendered":"\n<p class=\"wp-block-paragraph\"><strong>Guillermo Alfredo Bellingi, de 55 a\u00f1os<\/strong>, fue hallado muerto en la localidad platense de Villa Elisa, a pocas semanas del inicio del juicio oral que deb\u00eda afrontar por su intervenci\u00f3n en una operaci\u00f3n inmobiliaria de la Procuraci\u00f3n General de la Naci\u00f3n.<\/p>\n\n\n\n<p class=\"wp-block-paragraph\">El exfuncionario se hab\u00eda desempe\u00f1ado como subdirector general del organismo durante la gesti\u00f3n de <strong>Alejandra Gils Carb\u00f3<\/strong>, quien tambi\u00e9n fue enviada a juicio por la adquisici\u00f3n del inmueble.<\/p>\n\n\n\n<p class=\"wp-block-paragraph\">La investigaci\u00f3n sobre el fallecimiento qued\u00f3 en manos de la <strong>UFIJ N.\u00ba 6 de La Plata<\/strong>, con intervenci\u00f3n del fiscal Pablo Barraza, bajo la car\u00e1tula de averiguaci\u00f3n de causales de muerte. Entre las hip\u00f3tesis analizadas se encuentra la de un suicidio, aunque todav\u00eda no se inform\u00f3 una conclusi\u00f3n definitiva.<\/p>\n\n\n\n<p class=\"wp-block-paragraph\"><strong>Hasta el momento no se comunicaron evidencias que vinculen su muerte con el proceso judicial que deb\u00eda afrontar.<\/strong><\/p>\n\n\n\n<h2 class=\"wp-block-heading\">La compra millonaria que termin\u00f3 en la Justicia<\/h2>\n\n\n\n<p class=\"wp-block-paragraph\">La causa penal se origin\u00f3 en la adquisici\u00f3n de un edificio ubicado en <strong>Juan Domingo Per\u00f3n 667, en la Ciudad de Buenos Aires<\/strong>, destinado a dependencias de la Procuraci\u00f3n. La operaci\u00f3n se concret\u00f3 en 2013 por <strong>$43.850.000<\/strong>.<\/p>\n\n\n\n<p class=\"wp-block-paragraph\">Los investigadores pusieron el foco en el procedimiento licitatorio, las condiciones establecidas para la compra y las comisiones abonadas a los intermediarios.<\/p>\n\n\n\n<p class=\"wp-block-paragraph\">Uno de los puntos centrales fue la participaci\u00f3n de <strong>Juan Carlos Thill, medio hermano de Bellingi<\/strong>, quien recibi\u00f3 aproximadamente <strong>$3 millones<\/strong> por tareas de asesoramiento vinculadas con la operaci\u00f3n.<\/p>\n\n\n\n<p class=\"wp-block-paragraph\">Seg\u00fan la investigaci\u00f3n, Thill habr\u00eda accedido anticipadamente a informaci\u00f3n de la licitaci\u00f3n. Tambi\u00e9n se examin\u00f3 si Bellingi utiliz\u00f3 su cargo para favorecer a los participantes que finalmente concretaron la venta.<\/p>\n\n\n\n<p class=\"wp-block-paragraph\">La acusaci\u00f3n por esas actuaciones lleg\u00f3 a juicio oral. <strong>Se trataba de responsabilidades penales pendientes de resoluci\u00f3n, no de una condena firme contra Bellingi.<\/strong><\/p>\n\n\n\n<h2 class=\"wp-block-heading\">Una sanci\u00f3n administrativa que ya hab\u00eda quedado firme<\/h2>\n\n\n\n<p class=\"wp-block-paragraph\">El expediente penal no era el \u00fanico antecedente judicial del exfuncionario. En abril de 2026, la <strong>Corte Suprema rechaz\u00f3 el recurso que hab\u00eda presentado contra su exoneraci\u00f3n de la Procuraci\u00f3n<\/strong>, dejando firme esa sanci\u00f3n administrativa.<\/p>\n\n\n\n<p class=\"wp-block-paragraph\">Aquella decisi\u00f3n correspond\u00eda a su desvinculaci\u00f3n del organismo y no constitu\u00eda una sentencia sobre la responsabilidad penal discutida en la causa inmobiliaria.<\/p>\n\n\n\n<p class=\"wp-block-paragraph\">Bellingi tambi\u00e9n era docente de la <strong>Facultad de Ciencias Econ\u00f3micas de la Universidad Nacional de La Plata<\/strong>, que expres\u00f3 p\u00fablicamente su pesar por el fallecimiento.<\/p>\n\n\n\n<p class=\"wp-block-paragraph\">Mientras tanto, la investigaci\u00f3n en La Plata contin\u00faa orientada a determinar las circunstancias de su muerte.<\/p>\n\n\n\n<p class=\"wp-block-paragraph\"><\/p>\n","protected":false},"excerpt":{"rendered":"<p>Guillermo Alfredo Bellingi, exsubdirector de la Procuraci\u00f3n General de la Naci\u00f3n, fue encontrado sin vida en Villa Elisa. Estaba acusado por presuntas irregularidades en la compra de un edificio durante la gesti\u00f3n de Alejandra Gils Carb\u00f3. Las circunstancias de su muerte siguen bajo investigaci\u00f3n.<\/p>\n","protected":false},"author":2,"featured_media":12129,"comment_status":"open","ping_status":"open","sticky":false,"template":"","format":"standard","meta":{"_acf_changed":false,"advanced_seo_description":"","jetpack_seo_html_title":"","jetpack_seo_noindex":false,"jetpack_seo_schema_type":"","_jetpack_newsletter_access":"","_jetpack_dont_email_post_to_subs":false,"_jetpack_newsletter_tier_id":0,"_jetpack_memberships_contains_paywalled_content":false,"_jetpack_feature_clip_id":0,"_jetpack_memberships_contains_paid_content":false,"footnotes":"","jetpack_post_was_ever_published":false},"categories":[1972],"tags":[20,2442,2444,2447,797,2446],"class_list":["post-12127","post","type-post","status-publish","format-standard","has-post-thumbnail","hentry","category-kirchnerismo","tag-destacados","tag-exfuncionario","tag-gils-carbo","tag-guillermo-billingi","tag-la-plata","tag-muerte"],"acf":[],"jetpack_featured_media_url":"https:\/\/elliberador.com\/wp-content\/uploads\/2026\/09\/Bellingi.webp","jetpack_sharing_enabled":true,"_links":{"self":[{"href":"https:\/\/elliberador.com\/index.php\/wp-json\/wp\/v2\/posts\/12127","targetHints":{"allow":["GET"]}}],"collection":[{"href":"https:\/\/elliberador.com\/index.php\/wp-json\/wp\/v2\/posts"}],"about":[{"href":"https:\/\/elliberador.com\/index.php\/wp-json\/wp\/v2\/types\/post"}],"author":[{"embeddable":true,"href":"https:\/\/elliberador.com\/index.php\/wp-json\/wp\/v2\/users\/2"}],"replies":[{"embeddable":true,"href":"https:\/\/elliberador.com\/index.php\/wp-json\/wp\/v2\/comments?post=12127"}],"version-history":[{"count":1,"href":"https:\/\/elliberador.com\/index.php\/wp-json\/wp\/v2\/posts\/12127\/revisions"}],"predecessor-version":[{"id":12130,"href":"https:\/\/elliberador.com\/index.php\/wp-json\/wp\/v2\/posts\/12127\/revisions\/12130"}],"wp:featuredmedia":[{"embeddable":true,"href":"https:\/\/elliberador.com\/index.php\/wp-json\/wp\/v2\/media\/12129"}],"wp:attachment":[{"href":"https:\/\/elliberador.com\/index.php\/wp-json\/wp\/v2\/media?parent=12127"}],"wp:term":[{"taxonomy":"category","embeddable":true,"href":"https:\/\/elliberador.com\/index.php\/wp-json\/wp\/v2\/categories?post=12127"},{"taxonomy":"post_tag","embeddable":true,"href":"https:\/\/elliberador.com\/index.php\/wp-json\/wp\/v2\/tags?post=12127"}],"curies":[{"name":"wp","href":"https:\/\/api.w.org\/{rel}","templated":true}]}}