{"id":12137,"date":"2026-09-03T20:09:55","date_gmt":"2026-09-03T23:09:55","guid":{"rendered":"https:\/\/elliberador.com\/?p=12137"},"modified":"2026-09-03T20:09:57","modified_gmt":"2026-09-03T23:09:57","slug":"japon-abre-las-puertas-a-la-exportacion-de-armas","status":"publish","type":"post","link":"https:\/\/elliberador.com\/index.php\/2026\/09\/03\/japon-abre-las-puertas-a-la-exportacion-de-armas\/","title":{"rendered":"Jap\u00f3n abre las puertas a la exportaci\u00f3n de armas"},"content":{"rendered":"\n<p class=\"wp-block-paragraph\"><strong>Jap\u00f3n <\/strong>dio uno de los pasos m\u00e1s trascendentales de su transformaci\u00f3n en materia de seguridad desde el final de la <strong>Segunda Guerra Mundial <\/strong>al desmantelar las hist\u00f3ricas restricciones a las exportaciones de armamento, en una decisi\u00f3n que podr\u00eda redefinir tanto su industria de defensa como el equilibrio de poder en la regi\u00f3n del Indo-Pac\u00edfico.<\/p>\n\n\n\n<p class=\"wp-block-paragraph\">La decisi\u00f3n, aprobada por el gabinete japon\u00e9s a principios de este a\u00f1o, elimina muchas de las barreras que a\u00fan imped\u00edan a las empresas japonesas exportar equipo militar letal al extranjero. Si bien las exportaciones seguir\u00e1n requiriendo la aprobaci\u00f3n del Gobierno y estar\u00e1n limitadas a pa\u00edses con acuerdos de cooperaci\u00f3n en materia de defensa con Tokio, la reforma pone fin, en la pr\u00e1ctica, a d\u00e9cadas de restricciones autoimpuestas que mantuvieron a una de las industrias de defensa m\u00e1s avanzadas del mundo pr\u00e1cticamente confinada al mercado interno.<\/p>\n\n\n\n<p class=\"wp-block-paragraph\">La nueva pol\u00edtica representa la culminaci\u00f3n de una evoluci\u00f3n gradual que comenz\u00f3 bajo el mandato del ex primer ministro <strong>Shinzo Abe<\/strong>, quien en 2014 sustituy\u00f3 la prohibici\u00f3n casi total de exportar armamento por un marco regulatorio m\u00e1s flexible. Los gobiernos posteriores continuaron relajando las normas, primero permitiendo la exportaci\u00f3n de equipos desarrollados conjuntamente y, m\u00e1s tarde, autorizando la venta de sistemas de defensa completos bajo condiciones estrictamente definidas. Las reformas m\u00e1s recientes constituyen la liberalizaci\u00f3n m\u00e1s amplia hasta la fecha, abriendo la puerta a una gama mucho m\u00e1s extensa de exportaciones militares.<\/p>\n\n\n\n<p class=\"wp-block-paragraph\">Detr\u00e1s de este cambio se encuentra un entorno estrat\u00e9gico en r\u00e1pida transformaci\u00f3n. La acelerada modernizaci\u00f3n militar de China, el aumento de las tensiones en torno a Taiw\u00e1n, la expansi\u00f3n de los programas nucleares y de misiles de Corea del Norte, as\u00ed como las lecciones derivadas de la invasi\u00f3n rusa de Ucrania, convencieron a los responsables pol\u00edticos japoneses de que mantener una industria de defensa exclusivamente orientada al mercado nacional ya no es sostenible ni desde el punto de vista estrat\u00e9gico ni econ\u00f3mico.<\/p>\n\n\n\n<p class=\"wp-block-paragraph\">Para Tokio, la guerra en Ucrania puso de relieve la importancia de la capacidad industrial como un componente esencial de la seguridad nacional. Los conflictos modernos demostraron que las reservas militares pueden agotarse mucho m\u00e1s r\u00e1pido de lo previsto, haciendo que la capacidad de mantener una producci\u00f3n sostenida sea tan importante como la propia tecnolog\u00eda empleada en el campo de batalla. Cada vez m\u00e1s, las autoridades japonesas sostienen que una industria de defensa dependiente \u00fanicamente de las adquisiciones nacionales no puede alcanzar la escala necesaria para seguir siendo competitiva ni resiliente durante crisis prolongadas.<\/p>\n\n\n\n<p class=\"wp-block-paragraph\">Las reformas tambi\u00e9n buscan corregir una debilidad estructural de larga data dentro del sector de defensa japon\u00e9s. A pesar de fabricar algunos de los buques de guerra, radares, misiles y sistemas electr\u00f3nicos m\u00e1s sofisticados del mundo, los fabricantes enfrentaron durante a\u00f1os series de producci\u00f3n limitadas y reducidos m\u00e1rgenes de beneficio debido a que las exportaciones estaban pr\u00e1cticamente prohibidas. En los \u00faltimos a\u00f1os, varios proveedores incluso abandonaron por completo la fabricaci\u00f3n de material de defensa, alimentando la preocupaci\u00f3n de que capacidades industriales cr\u00edticas pudieran deteriorarse gradualmente.<\/p>\n\n\n\n<p class=\"wp-block-paragraph\">Se espera que la apertura de los mercados internacionales permita a las empresas incrementar sus vol\u00famenes de producci\u00f3n, reducir los costos unitarios y generar mayores incentivos para invertir en investigaci\u00f3n y desarrollo. Entre los principales beneficiarios figuran <strong>Mitsubishi Heavy Industries, Kawasaki Heavy Industries, Mitsubishi Electric e IHI Corporation<\/strong>, compa\u00f1\u00edas cuya experiencia abarca desde buques de guerra de \u00faltima generaci\u00f3n y sistemas de misiles hasta tecnolog\u00edas aeroespaciales y capacidades de guerra electr\u00f3nica.<\/p>\n\n\n\n<p class=\"wp-block-paragraph\">El prestigioso sector japon\u00e9s de construcci\u00f3n naval militar, en particular, es ampliamente considerado como una de sus mayores oportunidades de exportaci\u00f3n. La fragata de la clase <strong>Mogami<\/strong> ya despert\u00f3 un considerable inter\u00e9s internacional, mientras que los radares, sensores y tecnolog\u00edas japonesas de defensa antimisiles son cada vez m\u00e1s competitivos en un mercado global que atraviesa su mayor expansi\u00f3n desde la Guerra Fr\u00eda.<\/p>\n\n\n\n<p class=\"wp-block-paragraph\">Asimismo, el programa <strong>Global Combat Air Programme (GCAP)<\/strong>, desarrollado conjuntamente con el Reino Unido e Italia, podr\u00eda proporcionar en el futuro otra plataforma insignia de exportaci\u00f3n mediante un caza de sexta generaci\u00f3n dise\u00f1ado espec\u00edficamente para la cooperaci\u00f3n internacional.<\/p>\n\n\n\n<p class=\"wp-block-paragraph\">Los potenciales compradores se concentran principalmente en la regi\u00f3n del Indo-Pac\u00edfico. Pa\u00edses como Australia, Filipinas, Indonesia, Vietnam e India fortalecieron sus v\u00ednculos de seguridad con Jap\u00f3n a medida que se intensificaron las preocupaciones por la creciente influencia militar de China. Al mismo tiempo, varios Estados de Europa del Este que buscan modernizar sus fuerzas armadas tambi\u00e9n surgieron como posibles clientes.<\/p>\n\n\n\n<p class=\"wp-block-paragraph\">Las reformas se alinean estrechamente con los esfuerzos m\u00e1s amplios de Estados Unidos y sus aliados para fortalecer la cooperaci\u00f3n en materia de industria de defensa. Washington alent\u00f3 de forma constante a Jap\u00f3n a asumir un papel m\u00e1s relevante en materia de seguridad, considerando que una industria de defensa japonesa m\u00e1s robusta resulta fundamental para reforzar las cadenas de suministro aliadas y ampliar la capacidad de disuasi\u00f3n colectiva en Asia.<\/p>\n\n\n\n<p class=\"wp-block-paragraph\">No obstante, todav\u00eda persisten importantes obst\u00e1culos antes de que Jap\u00f3n pueda consolidarse como un gran exportador mundial de armamento. A diferencia de competidores consolidados como Estados Unidos, Francia, Corea del Sur o Israel, las empresas japonesas poseen escasa experiencia en \u00e1reas como la comercializaci\u00f3n internacional, la financiaci\u00f3n de exportaciones o los contratos de mantenimiento a largo plazo, aspectos que con frecuencia resultan tan determinantes para el \u00e9xito como el propio rendimiento tecnol\u00f3gico.<\/p>\n\n\n\n<p class=\"wp-block-paragraph\">Adem\u00e1s, la capacidad productiva nacional ya se encuentra bajo presi\u00f3n debido al mayor programa de rearme emprendido por Jap\u00f3n en varias d\u00e9cadas, lo que deja a los fabricantes con un margen limitado para aumentar r\u00e1pidamente la producci\u00f3n.<\/p>\n\n\n\n<p class=\"wp-block-paragraph\">Las sensibilidades pol\u00edticas tampoco desaparecieron. Aunque la opini\u00f3n p\u00fablica respecto de la pol\u00edtica de defensa cambi\u00f3 considerablemente en los \u00faltimos a\u00f1os, persisten las preocupaciones sobre c\u00f3mo equilibrar las ambiciones comerciales con la hist\u00f3rica identidad de Jap\u00f3n como una naci\u00f3n comprometida con la paz. Pek\u00edn critic\u00f3 duramente las \u00faltimas reformas, acusando a Tokio de abandonar su pacifismo de posguerra, mientras que funcionarios chinos sostienen que la expansi\u00f3n de las exportaciones japonesas de armamento podr\u00eda incrementar las tensiones regionales.<\/p>\n\n\n\n<p class=\"wp-block-paragraph\">Para sus defensores, sin embargo, la nueva pol\u00edtica responde a un ejercicio de realismo estrat\u00e9gico m\u00e1s que a una militarizaci\u00f3n del pa\u00eds. Argumentan que una industria de defensa m\u00e1s s\u00f3lida no solo fortalecer\u00e1 la seguridad nacional de Jap\u00f3n, sino que tambi\u00e9n le permitir\u00e1 contribuir de manera m\u00e1s eficaz a la estabilidad de un Indo-Pac\u00edfico cada vez m\u00e1s disputado.<\/p>\n\n\n\n<p class=\"wp-block-paragraph\">Que Jap\u00f3n termine incorpor\u00e1ndose al grupo de los principales exportadores mundiales de armamento depender\u00e1 menos de la eliminaci\u00f3n de las restricciones legales que de su capacidad para desarrollar la infraestructura comercial, la capacidad industrial y las alianzas internacionales necesarias para competir en un mercado global de defensa cada vez m\u00e1s exigente.<\/p>\n\n\n\n<p class=\"wp-block-paragraph\">Lo que ya parece indiscutible, sin embargo, es que uno de los pilares fundamentales de la pol\u00edtica de seguridad japonesa de la posguerra dio paso a una visi\u00f3n marcadamente distinta del papel que el pa\u00eds aspira a desempe\u00f1ar en el escenario internacional.<\/p>\n\n\n\n<p class=\"wp-block-paragraph\"><\/p>\n","protected":false},"excerpt":{"rendered":"<p>Tokio flexibiliz\u00f3 las restricciones que durante d\u00e9cadas limitaron la venta de equipamiento militar al exterior. La reforma apunta a fortalecer la industria nacional, reducir costos y ampliar la cooperaci\u00f3n con sus aliados en medio de las crecientes tensiones en el Indo-Pac\u00edfico.<\/p>\n","protected":false},"author":2,"featured_media":12138,"comment_status":"open","ping_status":"open","sticky":false,"template":"","format":"standard","meta":{"_acf_changed":false,"advanced_seo_description":"","jetpack_seo_html_title":"","jetpack_seo_noindex":false,"jetpack_seo_schema_type":"","_jetpack_newsletter_access":"","_jetpack_dont_email_post_to_subs":false,"_jetpack_newsletter_tier_id":0,"_jetpack_memberships_contains_paywalled_content":false,"_jetpack_feature_clip_id":0,"_jetpack_memberships_contains_paid_content":false,"footnotes":"","jetpack_post_was_ever_published":false},"categories":[10],"tags":[2414,20,585],"class_list":["post-12137","post","type-post","status-publish","format-standard","has-post-thumbnail","hentry","category-internacionales","tag-armas","tag-destacados","tag-japon"],"acf":[],"jetpack_featured_media_url":"https:\/\/elliberador.com\/wp-content\/uploads\/2026\/09\/Japon-mercado-de-armas-exportaciones.webp","jetpack_sharing_enabled":true,"_links":{"self":[{"href":"https:\/\/elliberador.com\/index.php\/wp-json\/wp\/v2\/posts\/12137","targetHints":{"allow":["GET"]}}],"collection":[{"href":"https:\/\/elliberador.com\/index.php\/wp-json\/wp\/v2\/posts"}],"about":[{"href":"https:\/\/elliberador.com\/index.php\/wp-json\/wp\/v2\/types\/post"}],"author":[{"embeddable":true,"href":"https:\/\/elliberador.com\/index.php\/wp-json\/wp\/v2\/users\/2"}],"replies":[{"embeddable":true,"href":"https:\/\/elliberador.com\/index.php\/wp-json\/wp\/v2\/comments?post=12137"}],"version-history":[{"count":1,"href":"https:\/\/elliberador.com\/index.php\/wp-json\/wp\/v2\/posts\/12137\/revisions"}],"predecessor-version":[{"id":12139,"href":"https:\/\/elliberador.com\/index.php\/wp-json\/wp\/v2\/posts\/12137\/revisions\/12139"}],"wp:featuredmedia":[{"embeddable":true,"href":"https:\/\/elliberador.com\/index.php\/wp-json\/wp\/v2\/media\/12138"}],"wp:attachment":[{"href":"https:\/\/elliberador.com\/index.php\/wp-json\/wp\/v2\/media?parent=12137"}],"wp:term":[{"taxonomy":"category","embeddable":true,"href":"https:\/\/elliberador.com\/index.php\/wp-json\/wp\/v2\/categories?post=12137"},{"taxonomy":"post_tag","embeddable":true,"href":"https:\/\/elliberador.com\/index.php\/wp-json\/wp\/v2\/tags?post=12137"}],"curies":[{"name":"wp","href":"https:\/\/api.w.org\/{rel}","templated":true}]}}