{"id":12145,"date":"2026-09-04T08:04:06","date_gmt":"2026-09-04T11:04:06","guid":{"rendered":"https:\/\/elliberador.com\/?p=12145"},"modified":"2026-09-04T08:47:08","modified_gmt":"2026-09-04T11:47:08","slug":"todo-sobre-la-cadena-nacional-del-presidente-milei-sobre-la-causa-malvinas","status":"publish","type":"post","link":"https:\/\/elliberador.com\/index.php\/2026\/09\/04\/todo-sobre-la-cadena-nacional-del-presidente-milei-sobre-la-causa-malvinas\/","title":{"rendered":"Todo sobre la cadena nacional del Presidente Milei respecto a la Causa Malvinas"},"content":{"rendered":"\n<p class=\"wp-block-paragraph\">Javier Milei decidi\u00f3 colocar nuevamente a la causa Malvinas en el centro de la agenda nacional e internacional. En una cadena nacional emitida este jueves desde el Sal\u00f3n Blanco de la Casa Rosada, el Presidente present\u00f3 un paquete de medidas destinado a reforzar el reclamo argentino sobre las islas y, al mismo tiempo, aumentar la capacidad del Estado para responder frente a actividades vinculadas con la explotaci\u00f3n de recursos naturales en el \u00e1rea.<\/p>\n\n\n\n<p class=\"wp-block-paragraph\">Durante 15 minutos, rodeado por su Gabinete, el titular del Poder Ejecutivo dej\u00f3 una definici\u00f3n pol\u00edtica contundente: <strong>\u201cLas Malvinas son argentinas, por historia y por derecho. No hay discusi\u00f3n al respecto\u201d<\/strong>.<\/p>\n\n\n\n<p class=\"wp-block-paragraph\">A partir de esa premisa, Milei anunci\u00f3 sanciones m\u00e1s duras contra empresas involucradas en proyectos de explotaci\u00f3n de hidrocarburos en las islas, la construcci\u00f3n de una <strong>Base Naval Integrada en Tierra del Fuego<\/strong>, el env\u00edo al Congreso de una <strong>Ley de Defensa de la Soberan\u00eda Nacional<\/strong> y la creaci\u00f3n de un <strong>Consejo de Seguridad Nacional<\/strong> que articular\u00e1 las \u00e1reas de Defensa, Canciller\u00eda, Inteligencia y Econom\u00eda.<\/p>\n\n\n\n<p class=\"wp-block-paragraph\">El mensaje presidencial tuvo adem\u00e1s un fuerte componente geopol\u00edtico. Milei sostuvo que el escenario internacional est\u00e1 cambiando y asegur\u00f3 que existen se\u00f1ales favorables para la posici\u00f3n argentina, especialmente a partir de las declaraciones del presidente de Estados Unidos, <strong>Donald Trump<\/strong>, quien manifest\u00f3 que Washington est\u00e1 revisando su posici\u00f3n hist\u00f3rica respecto de las Malvinas.<\/p>\n\n\n\n<figure class=\"wp-block-embed is-type-video is-provider-youtube wp-block-embed-youtube wp-embed-aspect-16-9 wp-has-aspect-ratio\"><div class=\"wp-block-embed__wrapper\">\n<iframe title=\"Las Malvinas son Argentinas | Cadena Nacional Presidente Javier Milei\" width=\"640\" height=\"360\" src=\"https:\/\/www.youtube.com\/embed\/jzTTOB0jNyQ?feature=oembed\" frameborder=\"0\" allow=\"accelerometer; autoplay; clipboard-write; encrypted-media; gyroscope; picture-in-picture; web-share\" referrerpolicy=\"strict-origin-when-cross-origin\" allowfullscreen><\/iframe>\n<\/div><\/figure>\n\n\n\n<h2 class=\"wp-block-heading\">\u201cLas Malvinas son argentinas\u201d: Milei endureci\u00f3 el reclamo por soberan\u00eda<\/h2>\n\n\n\n<figure class=\"wp-block-image size-full\"><img fetchpriority=\"high\" decoding=\"async\" width=\"698\" height=\"437\" src=\"https:\/\/elliberador.com\/wp-content\/uploads\/2026\/09\/4A7DD0CF-77AC-4629-8D3C-A769AA726F79.png\" alt=\"\" class=\"wp-image-12146\" srcset=\"https:\/\/elliberador.com\/wp-content\/uploads\/2026\/09\/4A7DD0CF-77AC-4629-8D3C-A769AA726F79.png 698w, https:\/\/elliberador.com\/wp-content\/uploads\/2026\/09\/4A7DD0CF-77AC-4629-8D3C-A769AA726F79-300x188.png 300w\" sizes=\"(max-width: 698px) 100vw, 698px\" \/><\/figure>\n\n\n\n<p class=\"wp-block-paragraph\">Desde el comienzo del discurso, el Presidente busc\u00f3 dejar en claro que la cuesti\u00f3n Malvinas constituye, para su Gobierno, una pol\u00edtica de Estado.<\/p>\n\n\n\n<p class=\"wp-block-paragraph\">Milei record\u00f3 que las islas forman parte del territorio argentino desde los or\u00edgenes de la Naci\u00f3n y sostuvo que en 1833 el Reino Unido ocup\u00f3 el archipi\u00e9lago, expuls\u00f3 a las autoridades argentinas e instal\u00f3 una situaci\u00f3n colonial que contin\u00faa hasta la actualidad.<\/p>\n\n\n\n<p class=\"wp-block-paragraph\">Uno de los puntos m\u00e1s contundentes de su intervenci\u00f3n estuvo vinculado con los habitantes de las islas. El Presidente sostuvo que, debido a la situaci\u00f3n hist\u00f3rica de ocupaci\u00f3n, los isle\u00f1os no poseen un derecho leg\u00edtimo a la autodeterminaci\u00f3n y cuestion\u00f3 cualquier argumento basado en referendos realizados en el archipi\u00e9lago.<\/p>\n\n\n\n<p class=\"wp-block-paragraph\">Tambi\u00e9n cit\u00f3 la primera cl\u00e1usula transitoria de la Constituci\u00f3n Nacional, que ratifica la leg\u00edtima e imprescriptible soberan\u00eda argentina sobre las Islas Malvinas, Georgias del Sur y Sandwich del Sur y los espacios mar\u00edtimos e insulares correspondientes.<\/p>\n\n\n\n<p class=\"wp-block-paragraph\">Para Milei, recuperar esos territorios no es una cuesti\u00f3n partidaria ni de una administraci\u00f3n espec\u00edfica: <strong>\u201cLa causa Malvinas no pertenece a un gobierno ni a un partido pol\u00edtico, es una causa nacional\u201d<\/strong>, afirm\u00f3.<\/p>\n\n\n\n<h2 class=\"wp-block-heading\">La amenaza que el Gobierno identifica: el petr\u00f3leo de Sea Lion<\/h2>\n\n\n\n<figure class=\"wp-block-image size-full\"><img decoding=\"async\" width=\"680\" height=\"421\" src=\"https:\/\/elliberador.com\/wp-content\/uploads\/2026\/09\/6512F218-8111-4D6B-9E08-6E96DB37D74D.png\" alt=\"\" class=\"wp-image-12147\" srcset=\"https:\/\/elliberador.com\/wp-content\/uploads\/2026\/09\/6512F218-8111-4D6B-9E08-6E96DB37D74D.png 680w, https:\/\/elliberador.com\/wp-content\/uploads\/2026\/09\/6512F218-8111-4D6B-9E08-6E96DB37D74D-300x186.png 300w\" sizes=\"(max-width: 680px) 100vw, 680px\" \/><\/figure>\n\n\n\n<p class=\"wp-block-paragraph\">El punto central del nuevo escenario planteado por Milei fue la explotaci\u00f3n de hidrocarburos alrededor de las islas.<\/p>\n\n\n\n<p class=\"wp-block-paragraph\">El Presidente denunci\u00f3 que el proyecto <strong>Sea Lion<\/strong>, operado por la <strong>compa\u00f1\u00eda brit\u00e1nica Rockhopper Exploration y la israel\u00ed Navitas Petroleum<\/strong>, avanza hacia la explotaci\u00f3n petrolera offshore y sostuvo que el proyecto representa una amenaza directa para los intereses estrat\u00e9gicos argentinos.<\/p>\n\n\n\n<p class=\"wp-block-paragraph\">Seg\u00fan explic\u00f3, si la Argentina no act\u00faa con rapidez, las compa\u00f1\u00edas podr\u00edan adquirir en los pr\u00f3ximos meses la capacidad material para extraer petr\u00f3leo de una zona cuya soberan\u00eda reclama nuestro pa\u00eds.<\/p>\n\n\n\n<p class=\"wp-block-paragraph\"><strong>\u201cEl Reino Unido ha incumplido sistem\u00e1ticamente\u201d el llamado internacional a evitar acciones unilaterales mientras persista la disputa, sostuvo Milei.<\/strong><\/p>\n\n\n\n<p class=\"wp-block-paragraph\">El proyecto Sea Lion adquiere una relevancia especial por sus dimensiones. De acuerdo con los datos difundidos durante el debate internacional sobre el emprendimiento, el yacimiento podr\u00eda contener alrededor de <strong>1.700 millones de barriles de petr\u00f3leo<\/strong>, una cantidad que convierte al proyecto en uno de los grandes activos energ\u00e9ticos del Atl\u00e1ntico Sur.<\/p>\n\n\n\n<p class=\"wp-block-paragraph\">Para Milei, permitir que esa explotaci\u00f3n avance sin respuesta argentina generar\u00eda un incentivo para que Londres profundice tanto la ocupaci\u00f3n como la explotaci\u00f3n de los recursos naturales.<\/p>\n\n\n\n<blockquote class=\"wp-block-quote is-layout-flow wp-block-quote-is-layout-flow\">\n<p class=\"wp-block-paragraph\">Por eso el Presidente fue categ\u00f3rico: <strong>\u201cLa Argentina no se quedar\u00e1 de brazos cruzados\u201d<\/strong>.<\/p>\n<\/blockquote>\n\n\n\n<h2 class=\"wp-block-heading\">Sanciones m\u00e1s duras: las empresas deber\u00e1n elegir<\/h2>\n\n\n\n<p class=\"wp-block-paragraph\">Una de las principales medidas anunciadas consiste en acelerar y endurecer el r\u00e9gimen de sanciones contra las compa\u00f1\u00edas que participen de proyectos de extracci\u00f3n de hidrocarburos en las islas sin autorizaci\u00f3n argentina.<\/p>\n\n\n\n<p class=\"wp-block-paragraph\">Milei anunci\u00f3 que firmar\u00eda un decreto para darle mayor celeridad a los procedimientos establecidos por la <strong>Ley 26.659<\/strong>, adem\u00e1s de fortalecer los mecanismos de intercambio de informaci\u00f3n entre distintos organismos del Estado.<\/p>\n\n\n\n<p class=\"wp-block-paragraph\">La intenci\u00f3n es detectar con mayor rapidez a las empresas involucradas en proyectos vinculados con la explotaci\u00f3n de recursos en el \u00e1rea reclamada por la Argentina.<\/p>\n\n\n\n<p class=\"wp-block-paragraph\">El Presidente adelant\u00f3 adem\u00e1s que las sanciones no estar\u00e1n dirigidas solamente contra las compa\u00f1\u00edas operadoras. Tambi\u00e9n podr\u00e1n alcanzar a <strong>accionistas, directores, proveedores y otros actores que participen directa o indirectamente<\/strong> de esas iniciativas.<\/p>\n\n\n\n<p class=\"wp-block-paragraph\">El mensaje empresarial de Milei fue expl\u00edcito: quienes trabajen en proyectos vinculados con las islas deber\u00e1n optar entre continuar con esas actividades o mantener negocios en la Argentina.<\/p>\n\n\n\n<p class=\"wp-block-paragraph\"><strong>\u201cNo se pueden hacer las dos cosas\u201d<\/strong><\/p>\n\n\n\n<p class=\"wp-block-paragraph\">El Gobierno buscar\u00e1 que las empresas que participen de operaciones no autorizadas en Malvinas queden inhabilitadas para operar en territorio argentino.<\/p>\n\n\n\n<p class=\"wp-block-paragraph\">La legislaci\u00f3n vigente ya contempla mecanismos de sanci\u00f3n. La Ley 26.659 establece restricciones para la exploraci\u00f3n y explotaci\u00f3n de hidrocarburos sin autorizaci\u00f3n argentina, mientras que posteriores modificaciones incorporaron sanciones econ\u00f3micas y penales.<\/p>\n\n\n\n<p class=\"wp-block-paragraph\">La nueva estrategia de Milei apunta a ampliar y hacer m\u00e1s efectivo ese mecanismo.<\/p>\n\n\n\n<h2 class=\"wp-block-heading\">Una Base Naval Integrada para proyectar a la Argentina sobre el Atl\u00e1ntico Sur<\/h2>\n\n\n\n<figure class=\"wp-block-image size-full\"><img decoding=\"async\" width=\"663\" height=\"455\" src=\"https:\/\/elliberador.com\/wp-content\/uploads\/2026\/09\/B34A31C2-56C4-4F06-B667-C74611DFEF18.png\" alt=\"\" class=\"wp-image-12150\" srcset=\"https:\/\/elliberador.com\/wp-content\/uploads\/2026\/09\/B34A31C2-56C4-4F06-B667-C74611DFEF18.png 663w, https:\/\/elliberador.com\/wp-content\/uploads\/2026\/09\/B34A31C2-56C4-4F06-B667-C74611DFEF18-300x206.png 300w\" sizes=\"(max-width: 663px) 100vw, 663px\" \/><\/figure>\n\n\n\n<p class=\"wp-block-paragraph\">Otro de los grandes anuncios fue la decisi\u00f3n de ampliar los recursos del Ministerio de Defensa para avanzar en la construcci\u00f3n de una <strong>Base Naval Integrada en Tierra del Fuego<\/strong>.<\/p>\n\n\n\n<p class=\"wp-block-paragraph\">Para el Presidente, la obra no ser\u00e1 solamente una infraestructura militar. La plante\u00f3 como una pieza estrat\u00e9gica para aumentar la presencia argentina en el extremo sur del pa\u00eds y fortalecer la capacidad de proyecci\u00f3n sobre el Atl\u00e1ntico Sur.<\/p>\n\n\n\n<p class=\"wp-block-paragraph\">La base tambi\u00e9n tendr\u00e1 como objetivo incrementar las capacidades de telecomunicaciones y mejorar la infraestructura necesaria para sostener una pol\u00edtica de defensa de largo plazo.<\/p>\n\n\n\n<p class=\"wp-block-paragraph\">Milei asegur\u00f3 que esa instalaci\u00f3n permitir\u00e1 transformar a Tierra del Fuego en un <strong>polo log\u00edstico central del Atl\u00e1ntico Sur<\/strong> y que ser\u00e1 fundamental para la proyecci\u00f3n geopol\u00edtica argentina.<\/p>\n\n\n\n<p class=\"wp-block-paragraph\">La decisi\u00f3n ser\u00e1 impulsada mediante un Decreto de Necesidad y Urgencia y se presenta como parte de una pol\u00edtica m\u00e1s amplia de fortalecimiento de las Fuerzas Armadas.<\/p>\n\n\n\n<p class=\"wp-block-paragraph\">Para el Gobierno, la recuperaci\u00f3n de capacidades militares no est\u00e1 vinculada con una estrategia ofensiva, sino con la necesidad de contar con herramientas de disuasi\u00f3n y de defensa de los intereses nacionales.<\/p>\n\n\n\n<h2 class=\"wp-block-heading\">Un Consejo de Seguridad Nacional para una pol\u00edtica estrat\u00e9gica de Estado<\/h2>\n\n\n\n<p class=\"wp-block-paragraph\">El tercer gran eje del anuncio presidencial fue el env\u00edo al Congreso de un proyecto de <strong>Ley de Defensa de la Soberan\u00eda Nacional<\/strong>.<\/p>\n\n\n\n<p class=\"wp-block-paragraph\">La iniciativa tendr\u00e1 tres objetivos centrales.<\/p>\n\n\n\n<p class=\"wp-block-paragraph\">En primer lugar, busca modificar la legislaci\u00f3n vigente para aumentar las sanciones contra empresas y actores vinculados a operaciones no autorizadas en las islas y extender las prohibiciones tambi\u00e9n a proveedores y colaboradores.<\/p>\n\n\n\n<p class=\"wp-block-paragraph\">En segundo lugar, propone crear el <strong>Consejo de Seguridad Nacional<\/strong>, un organismo destinado a coordinar de manera transversal las pol\u00edticas vinculadas con defensa, inteligencia, diplomacia y econom\u00eda.<\/p>\n\n\n\n<p class=\"wp-block-paragraph\">Y, finalmente, incorporar\u00e1 un r\u00e9gimen de protecci\u00f3n de <strong>infraestructuras cr\u00edticas<\/strong>, junto con herramientas para reforzar la protecci\u00f3n aeroespacial y mar\u00edtima del territorio argentino.<\/p>\n\n\n\n<p class=\"wp-block-paragraph\">\u201cSeguridad nacional no es solamente la defensa f\u00edsica de nuestro territorio\u201d, afirm\u00f3, y sostuvo que tambi\u00e9n incluye la capacidad econ\u00f3mica, financiera, energ\u00e9tica y productiva de la Argentina.<\/p>\n\n\n\n<p class=\"wp-block-paragraph\">Para el Presidente, un pa\u00eds econ\u00f3micamente d\u00e9bil no posee capacidad suficiente para defender sus intereses estrat\u00e9gicos.<\/p>\n\n\n\n<h2 class=\"wp-block-heading\">El respaldo de Trump y el nuevo escenario internacional<\/h2>\n\n\n\n<figure class=\"wp-block-video\"><video height=\"360\" style=\"aspect-ratio: 640 \/ 360;\" width=\"640\" controls src=\"https:\/\/elliberador.com\/wp-content\/uploads\/2026\/09\/X2Twitter.com_RpqKi5cO148ph9XE_360p.mp4\"><\/video><\/figure>\n\n\n\n<p class=\"wp-block-paragraph\">Uno de los pasajes pol\u00edticamente m\u00e1s relevantes de la cadena nacional estuvo relacionado con Estados Unidos.<\/p>\n\n\n\n<p class=\"wp-block-paragraph\">Milei asegur\u00f3 que existen <strong>\u201cvientos de cambio favorables\u201d<\/strong> para la posici\u00f3n argentina y destac\u00f3 especialmente las declaraciones de Donald Trump, quien recientemente se\u00f1al\u00f3 que la postura hist\u00f3rica de Estados Unidos respecto de Malvinas se encuentra entre las posiciones que Washington est\u00e1 revisando.<\/p>\n\n\n\n<p class=\"wp-block-paragraph\">El Presidente interpret\u00f3 ese movimiento como una se\u00f1al de que la relaci\u00f3n estrat\u00e9gica entre Buenos Aires y Washington puede tener una importancia creciente para la cuesti\u00f3n Malvinas.<\/p>\n\n\n\n<p class=\"wp-block-paragraph\">Milei destac\u00f3 que la Argentina se encuentra en una posici\u00f3n geogr\u00e1fica y econ\u00f3mica estrat\u00e9gica y asegur\u00f3 que Estados Unidos reconoce al pa\u00eds como un socio confiable y alineado con Occidente.<\/p>\n\n\n\n<p class=\"wp-block-paragraph\">La Casa Rosada busca, de esta manera, que el reclamo argentino deje de ser solamente una disputa bilateral con Londres y pase a formar parte de una discusi\u00f3n geopol\u00edtica m\u00e1s amplia sobre el Atl\u00e1ntico Sur, los recursos naturales, la Ant\u00e1rtida y las nuevas rutas estrat\u00e9gicas del comercio y la energ\u00eda.<\/p>\n\n\n\n<p class=\"wp-block-paragraph\">El Presidente tambi\u00e9n afirm\u00f3 que el mundo se dirige hacia una competencia creciente por los recursos necesarios para sostener el desarrollo tecnol\u00f3gico y econ\u00f3mico de las pr\u00f3ximas d\u00e9cadas.<\/p>\n\n\n\n<p class=\"wp-block-paragraph\">En ese escenario, ubic\u00f3 al Atl\u00e1ntico Sur y a la Ant\u00e1rtida como regiones de importancia creciente.<\/p>\n\n\n\n<h2 class=\"wp-block-heading\">\u201cMalvinas es el futuro\u201d<\/h2>\n\n\n\n<p class=\"wp-block-paragraph\">El discurso de Milei busc\u00f3, adem\u00e1s, cambiar el enfoque tradicional sobre la cuesti\u00f3n Malvinas.<\/p>\n\n\n\n<p class=\"wp-block-paragraph\">El Presidente plante\u00f3 que no se trata solamente de una causa hist\u00f3rica ni de un reclamo vinculado exclusivamente con la Guerra de 1982. Para su administraci\u00f3n, las islas son un componente estrat\u00e9gico del futuro econ\u00f3mico, militar y geopol\u00edtico de la Argentina.<\/p>\n\n\n\n<blockquote class=\"wp-block-quote is-layout-flow wp-block-quote-is-layout-flow\">\n<p class=\"wp-block-paragraph\">\u201cMalvinas es el futuro\u201d<\/p>\n<\/blockquote>\n\n\n\n<p class=\"wp-block-paragraph\">En esa misma l\u00ednea, sostuvo que recuperar las islas requiere convertir a la Argentina en una naci\u00f3n pol\u00edticamente relevante, econ\u00f3micamente influyente y militarmente respetable.<\/p>\n\n\n\n<p class=\"wp-block-paragraph\">Su argumento se apoya en la idea de que la soberan\u00eda efectiva tambi\u00e9n depende de la capacidad de un pa\u00eds para generar riqueza, atraer inversiones, desarrollar recursos naturales, fortalecer su moneda y sostener instituciones capaces de actuar frente a presiones externas.<\/p>\n\n\n\n<p class=\"wp-block-paragraph\">Milei vincul\u00f3 ese proceso con las reformas econ\u00f3micas implementadas durante su gesti\u00f3n, especialmente la eliminaci\u00f3n del cepo, la apertura a inversiones y el r\u00e9gimen de incentivos para grandes inversiones.<\/p>\n\n\n\n<h2 class=\"wp-block-heading\">Un mensaje a la pol\u00edtica: \u201cMalvinas est\u00e1 por encima de las diferencias\u201d<\/h2>\n\n\n\n<p class=\"wp-block-paragraph\">En el tramo final de la cadena nacional, el Presidente realiz\u00f3 un llamado a la unidad pol\u00edtica.<\/p>\n\n\n\n<p class=\"wp-block-paragraph\">Asegur\u00f3 que las diferencias sobre pol\u00edtica econ\u00f3mica, fiscal o cambiaria pueden continuar siendo discutidas, pero sostuvo que la cuesti\u00f3n Malvinas requiere un frente nacional com\u00fan.<\/p>\n\n\n\n<blockquote class=\"wp-block-quote is-layout-flow wp-block-quote-is-layout-flow\">\n<p class=\"wp-block-paragraph\"><strong>\u201cHay causas que est\u00e1n por encima de cualquier diferencia pol\u00edtica. Malvinas es una de ellas\u201d.<\/strong><\/p>\n<\/blockquote>\n\n\n\n<p class=\"wp-block-paragraph\">El mensaje tambi\u00e9n estuvo dirigido a los pa\u00edses aliados de la Argentina. Milei pidi\u00f3 que quienes consideran al pa\u00eds un socio y un amigo no permanezcan indiferentes frente a la explotaci\u00f3n de recursos que la Argentina considera propios.<\/p>\n\n\n\n<p class=\"wp-block-paragraph\">Su convocatoria tuvo como objetivo construir una posici\u00f3n nacional que exceda las divisiones partidarias y acompa\u00f1e el nuevo esquema diplom\u00e1tico y estrat\u00e9gico impulsado por el Gobierno.<\/p>\n\n\n\n<h2 class=\"wp-block-heading\">El mensaje de fondo: recuperar capacidad para defender la soberan\u00eda<\/h2>\n\n\n\n<figure class=\"wp-block-image size-large\"><img loading=\"lazy\" decoding=\"async\" width=\"1024\" height=\"608\" src=\"https:\/\/elliberador.com\/wp-content\/uploads\/2026\/09\/milei-1024x608.png\" alt=\"\" class=\"wp-image-12152\" srcset=\"https:\/\/elliberador.com\/wp-content\/uploads\/2026\/09\/milei-1024x608.png 1024w, https:\/\/elliberador.com\/wp-content\/uploads\/2026\/09\/milei-300x178.png 300w, https:\/\/elliberador.com\/wp-content\/uploads\/2026\/09\/milei-767x456.png 767w, https:\/\/elliberador.com\/wp-content\/uploads\/2026\/09\/milei-1023x608.png 1023w, https:\/\/elliberador.com\/wp-content\/uploads\/2026\/09\/milei.png 1163w\" sizes=\"(max-width: 1024px) 100vw, 1024px\" \/><\/figure>\n\n\n\n<p class=\"wp-block-paragraph\">La cadena nacional mostr\u00f3 a un Milei decidido a convertir la cuesti\u00f3n Malvinas en una pol\u00edtica estrat\u00e9gica vinculada con la defensa, la energ\u00eda, la econom\u00eda y la geopol\u00edtica.<\/p>\n\n\n\n<p class=\"wp-block-paragraph\">La construcci\u00f3n de una base naval en Tierra del Fuego, el endurecimiento del r\u00e9gimen de sanciones contra empresas vinculadas con proyectos hidrocarbur\u00edferos, la creaci\u00f3n de un Consejo de Seguridad Nacional y el intento de aprovechar un eventual cambio de posici\u00f3n de Estados Unidos forman parte de una misma estrategia.<\/p>\n\n\n\n<p class=\"wp-block-paragraph\">El Presidente present\u00f3 estas medidas como el resultado de una nueva etapa para la Argentina: un pa\u00eds que, tras recuperar estabilidad econ\u00f3mica, busca reconstruir sus capacidades estrat\u00e9gicas y volver a disputar espacios de influencia en el Atl\u00e1ntico Sur.<\/p>\n\n\n\n<p class=\"wp-block-paragraph\">Milei cerr\u00f3 su mensaje con una definici\u00f3n que resume el esp\u00edritu de su discurso: <strong>\u201cO nos convertimos en una gran naci\u00f3n capaz de defender de verdad nuestra soberan\u00eda, o persistimos en un sendero de deterioro que nos conducir\u00e1 inevitablemente al sometimiento\u201d<\/strong>.<\/p>\n\n\n\n<blockquote class=\"wp-block-quote is-layout-flow wp-block-quote-is-layout-flow\">\n<p class=\"wp-block-paragraph\"><strong>\u201cHagamos a la Argentina grande nuevamente\u201d<\/strong>.<\/p>\n<\/blockquote>\n","protected":false},"excerpt":{"rendered":"<p>En una cadena nacional de 15 minutos, el Presidente reafirm\u00f3 que \u201clas Malvinas son argentinas, por historia y por derecho\u201d y anunci\u00f3 un paquete de medidas diplom\u00e1ticas, econ\u00f3micas, judiciales y militares para defender el reclamo de soberan\u00eda. El Gobierno apunta contra las empresas que participan del proyecto petrolero Sea Lion, endurecer\u00e1 las sanciones y buscar\u00e1 convertir a Tierra del Fuego en un polo estrat\u00e9gico para la Argentina en el Atl\u00e1ntico Sur.<\/p>\n","protected":false},"author":2,"featured_media":12148,"comment_status":"open","ping_status":"open","sticky":false,"template":"","format":"standard","meta":{"_acf_changed":false,"advanced_seo_description":"","jetpack_seo_html_title":"","jetpack_seo_noindex":false,"jetpack_seo_schema_type":"","_jetpack_newsletter_access":"","_jetpack_dont_email_post_to_subs":false,"_jetpack_newsletter_tier_id":0,"_jetpack_memberships_contains_paywalled_content":false,"_jetpack_feature_clip_id":0,"_jetpack_memberships_contains_paid_content":false,"footnotes":"","jetpack_post_was_ever_published":false},"categories":[913],"tags":[2448,20,694,300,87,119,47,912,56,1274,2449,1185],"class_list":["post-12145","post","type-post","status-publish","format-standard","has-post-thumbnail","hentry","category-malvinas","tag-causa-malvinas","tag-destacados","tag-donald-trump","tag-estados-unidos","tag-israel","tag-javier-milei","tag-la-libertad-avanza","tag-malvinas","tag-milei","tag-reino-unido","tag-sea-lion","tag-uk"],"acf":[],"jetpack_featured_media_url":"https:\/\/elliberador.com\/wp-content\/uploads\/2026\/09\/ChatGPT-Image-4-sept-2026-07_51_47-a.m.webp","jetpack_sharing_enabled":true,"_links":{"self":[{"href":"https:\/\/elliberador.com\/index.php\/wp-json\/wp\/v2\/posts\/12145","targetHints":{"allow":["GET"]}}],"collection":[{"href":"https:\/\/elliberador.com\/index.php\/wp-json\/wp\/v2\/posts"}],"about":[{"href":"https:\/\/elliberador.com\/index.php\/wp-json\/wp\/v2\/types\/post"}],"author":[{"embeddable":true,"href":"https:\/\/elliberador.com\/index.php\/wp-json\/wp\/v2\/users\/2"}],"replies":[{"embeddable":true,"href":"https:\/\/elliberador.com\/index.php\/wp-json\/wp\/v2\/comments?post=12145"}],"version-history":[{"count":2,"href":"https:\/\/elliberador.com\/index.php\/wp-json\/wp\/v2\/posts\/12145\/revisions"}],"predecessor-version":[{"id":12154,"href":"https:\/\/elliberador.com\/index.php\/wp-json\/wp\/v2\/posts\/12145\/revisions\/12154"}],"wp:featuredmedia":[{"embeddable":true,"href":"https:\/\/elliberador.com\/index.php\/wp-json\/wp\/v2\/media\/12148"}],"wp:attachment":[{"href":"https:\/\/elliberador.com\/index.php\/wp-json\/wp\/v2\/media?parent=12145"}],"wp:term":[{"taxonomy":"category","embeddable":true,"href":"https:\/\/elliberador.com\/index.php\/wp-json\/wp\/v2\/categories?post=12145"},{"taxonomy":"post_tag","embeddable":true,"href":"https:\/\/elliberador.com\/index.php\/wp-json\/wp\/v2\/tags?post=12145"}],"curies":[{"name":"wp","href":"https:\/\/api.w.org\/{rel}","templated":true}]}}