{"id":12155,"date":"2026-09-04T09:31:16","date_gmt":"2026-09-04T12:31:16","guid":{"rendered":"https:\/\/elliberador.com\/?p=12155"},"modified":"2026-09-04T09:31:18","modified_gmt":"2026-09-04T12:31:18","slug":"milei-puso-al-reino-unido-frente-al-espejo-y-apunto-contra-su-crisis-migratoria","status":"publish","type":"post","link":"https:\/\/elliberador.com\/index.php\/2026\/09\/04\/milei-puso-al-reino-unido-frente-al-espejo-y-apunto-contra-su-crisis-migratoria\/","title":{"rendered":"Milei puso al Reino Unido frente al espejo y apunt\u00f3 contra su crisis migratoria"},"content":{"rendered":"\n<p class=\"wp-block-paragraph\">El presidente <strong>Javier Milei<\/strong> lanz\u00f3 un duro diagn\u00f3stico sobre la situaci\u00f3n interna del Reino Unido y advirti\u00f3 que el pa\u00eds europeo atraviesa un proceso de deterioro marcado por sus problemas migratorios, demogr\u00e1ficos y econ\u00f3micos.<\/p>\n\n\n\n<p class=\"wp-block-paragraph\">Las declaraciones formaron parte de la cadena nacional emitida este jueves, en la que el mandatario present\u00f3 una serie de medidas vinculadas con la defensa de la soberan\u00eda argentina sobre las <strong>Islas Malvinas<\/strong>.<\/p>\n\n\n\n<p class=\"wp-block-paragraph\">Milei afirm\u00f3 que el Reino Unido enfrenta \u201c<strong>m\u00faltiples crisis de car\u00e1cter migratorio, demogr\u00e1fico y econ\u00f3mico<\/strong>\u201d y consider\u00f3 que algunas de ellas dif\u00edcilmente puedan resolverse. En ese contexto, sostuvo que la potencia europea transita un \u201ccamino de declive\u201d.<\/p>\n\n\n\n<p class=\"wp-block-paragraph\">El Presidente utiliz\u00f3 esa situaci\u00f3n para plantear un contraste entre ambos pa\u00edses. Mientras describi\u00f3 a Gran Breta\u00f1a como una naci\u00f3n afectada por tensiones internas crecientes, present\u00f3 a la Argentina como un territorio estable, con recursos estrat\u00e9gicos y condiciones para transformarse en un socio confiable de Occidente.<\/p>\n\n\n\n<h2 class=\"wp-block-heading\">La presi\u00f3n sobre el sistema migratorio brit\u00e1nico<\/h2>\n\n\n\n<p class=\"wp-block-paragraph\">La inmigraci\u00f3n se convirti\u00f3 durante los \u00faltimos a\u00f1os en uno de los principales problemas de la agenda pol\u00edtica brit\u00e1nica. Las llegadas irregulares a trav\u00e9s del Canal de la Mancha, la acumulaci\u00f3n de solicitudes de asilo y el costo del alojamiento financiado por el Estado provocaron fuertes cuestionamientos a las autoridades.<\/p>\n\n\n\n<p class=\"wp-block-paragraph\">Seg\u00fan las estad\u00edsticas del Ministerio del Interior brit\u00e1nico, durante los doce meses finalizados en marzo de 2026 se registraron <strong>76.714 solicitudes de asilo<\/strong>, correspondientes a 93.525 personas. Aunque esta \u00faltima cifra represent\u00f3 una reducci\u00f3n interanual del 12%, continu\u00f3 muy por encima de los niveles observados antes de 2021.<\/p>\n\n\n\n<p class=\"wp-block-paragraph\">Al finalizar ese mismo per\u00edodo, unas <strong>98.000 personas recib\u00edan asistencia estatal dentro del sistema de asilo<\/strong>. De ese total, alrededor de 21.000 permanec\u00edan alojadas en hoteles costeados por el Gobierno brit\u00e1nico.<\/p>\n\n\n\n<p class=\"wp-block-paragraph\">El n\u00famero de expedientes pendientes de una decisi\u00f3n inicial disminuy\u00f3 considerablemente frente a los m\u00e1ximos registrados en 2023, pero el sistema contin\u00faa sometido a una fuerte presi\u00f3n pol\u00edtica, administrativa y presupuestaria.<\/p>\n\n\n\n<p class=\"wp-block-paragraph\">Milei vincul\u00f3 este escenario con la falta de control sobre las fronteras y con los problemas de seguridad que afectan a distintas naciones europeas. De acuerdo con su planteo, la inmigraci\u00f3n descontrolada termina generando tensiones que exceden la cuesti\u00f3n humanitaria y alcanzan la estabilidad social y econ\u00f3mica.<\/p>\n\n\n\n<h2 class=\"wp-block-heading\">El contraste que traz\u00f3 con la Argentina<\/h2>\n\n\n\n<p class=\"wp-block-paragraph\">Frente al escenario brit\u00e1nico, el mandatario destac\u00f3 las caracter\u00edsticas demogr\u00e1ficas y geogr\u00e1ficas de la Argentina. El Censo 2022 contabiliz\u00f3 <strong>45.892.285 habitantes<\/strong>, de los cuales aproximadamente el 4,2% hab\u00eda nacido en otro pa\u00eds.<\/p>\n\n\n\n<p class=\"wp-block-paragraph\">Para Milei, la ausencia de grandes conflictos migratorios y la disponibilidad de alimentos, energ\u00eda, minerales y territorio colocan al pa\u00eds en una posici\u00f3n privilegiada dentro del nuevo orden internacional.<\/p>\n\n\n\n<p class=\"wp-block-paragraph\">El Gobierno tambi\u00e9n avanz\u00f3 en el endurecimiento del r\u00e9gimen migratorio. El <strong>Decreto 366\/2025<\/strong> estableci\u00f3 controles m\u00e1s estrictos para el ingreso y la permanencia de extranjeros con antecedentes penales y modific\u00f3 las condiciones de acceso a determinados servicios estatales.<\/p>\n\n\n\n<p class=\"wp-block-paragraph\">En agosto de 2026, el Ministerio de Salud reglament\u00f3 el cobro de las prestaciones programadas realizadas en hospitales nacionales a extranjeros sin residencia permanente. La atenci\u00f3n de emergencia contin\u00faa garantizada, mientras que los tratamientos habituales requieren un seguro m\u00e9dico o el pago correspondiente.<\/p>\n\n\n\n<h2 class=\"wp-block-heading\">Un argumento incorporado al reclamo por Malvinas<\/h2>\n\n\n\n<p class=\"wp-block-paragraph\">La referencia a la crisis brit\u00e1nica no apareci\u00f3 aislada. Milei la utiliz\u00f3 para sostener que el equilibrio internacional comienza a modificarse y que la Argentina debe aprovechar ese cambio para reforzar su posici\u00f3n sobre las Islas Malvinas.<\/p>\n\n\n\n<p class=\"wp-block-paragraph\">Durante el mensaje, anunci\u00f3 que impulsar\u00e1 el endurecimiento de la <strong>Ley 26.659<\/strong> contra las empresas que participen en explotaciones petroleras no autorizadas en el Atl\u00e1ntico Sur. Tambi\u00e9n anticip\u00f3 la creaci\u00f3n de un <strong>Consejo de Seguridad Nacional<\/strong> y la asignaci\u00f3n de mayores recursos para avanzar con la Base Naval Integrada de Tierra del Fuego.<\/p>\n\n\n\n<p class=\"wp-block-paragraph\">El razonamiento presidencial fue directo: una Argentina ordenada, econ\u00f3micamente s\u00f3lida y con capacidad de defensa estar\u00e1 en mejores condiciones de sostener su reclamo soberano frente a un Reino Unido debilitado por sus propias crisis internas.<\/p>\n\n\n\n<p class=\"wp-block-paragraph\"><\/p>\n","protected":false},"excerpt":{"rendered":"<p>Durante la cadena nacional por Malvinas, el Presidente contrapuso los problemas migratorios, demogr\u00e1ficos y econ\u00f3micos brit\u00e1nicos con la estabilidad argentina. Sostuvo que el deterioro del Reino Unido abre una oportunidad geopol\u00edtica para fortalecer el reclamo soberano.<\/p>\n","protected":false},"author":2,"featured_media":12156,"comment_status":"open","ping_status":"open","sticky":false,"template":"","format":"standard","meta":{"_acf_changed":false,"advanced_seo_description":"","jetpack_seo_html_title":"","jetpack_seo_noindex":false,"jetpack_seo_schema_type":"","_jetpack_newsletter_access":"","_jetpack_dont_email_post_to_subs":false,"_jetpack_newsletter_tier_id":0,"_jetpack_memberships_contains_paywalled_content":false,"_jetpack_feature_clip_id":0,"_jetpack_memberships_contains_paid_content":false,"footnotes":"","jetpack_post_was_ever_published":false},"categories":[4],"tags":[2450,20,56,1274],"class_list":["post-12155","post","type-post","status-publish","format-standard","has-post-thumbnail","hentry","category-politica","tag-crisis-migratoria","tag-destacados","tag-milei","tag-reino-unido"],"acf":[],"jetpack_featured_media_url":"https:\/\/elliberador.com\/wp-content\/uploads\/2026\/09\/Milei-Malvinas.webp","jetpack_sharing_enabled":true,"_links":{"self":[{"href":"https:\/\/elliberador.com\/index.php\/wp-json\/wp\/v2\/posts\/12155","targetHints":{"allow":["GET"]}}],"collection":[{"href":"https:\/\/elliberador.com\/index.php\/wp-json\/wp\/v2\/posts"}],"about":[{"href":"https:\/\/elliberador.com\/index.php\/wp-json\/wp\/v2\/types\/post"}],"author":[{"embeddable":true,"href":"https:\/\/elliberador.com\/index.php\/wp-json\/wp\/v2\/users\/2"}],"replies":[{"embeddable":true,"href":"https:\/\/elliberador.com\/index.php\/wp-json\/wp\/v2\/comments?post=12155"}],"version-history":[{"count":1,"href":"https:\/\/elliberador.com\/index.php\/wp-json\/wp\/v2\/posts\/12155\/revisions"}],"predecessor-version":[{"id":12157,"href":"https:\/\/elliberador.com\/index.php\/wp-json\/wp\/v2\/posts\/12155\/revisions\/12157"}],"wp:featuredmedia":[{"embeddable":true,"href":"https:\/\/elliberador.com\/index.php\/wp-json\/wp\/v2\/media\/12156"}],"wp:attachment":[{"href":"https:\/\/elliberador.com\/index.php\/wp-json\/wp\/v2\/media?parent=12155"}],"wp:term":[{"taxonomy":"category","embeddable":true,"href":"https:\/\/elliberador.com\/index.php\/wp-json\/wp\/v2\/categories?post=12155"},{"taxonomy":"post_tag","embeddable":true,"href":"https:\/\/elliberador.com\/index.php\/wp-json\/wp\/v2\/tags?post=12155"}],"curies":[{"name":"wp","href":"https:\/\/api.w.org\/{rel}","templated":true}]}}