{"id":12158,"date":"2026-09-04T10:43:31","date_gmt":"2026-09-04T13:43:31","guid":{"rendered":"https:\/\/elliberador.com\/?p=12158"},"modified":"2026-09-04T10:43:33","modified_gmt":"2026-09-04T13:43:33","slug":"milei-acelera-la-construccion-de-la-base-naval-integrada-en-tierra-del-fuego-y-pone-al-atlantico-sur-en-el-centro-de-la-defensa-argentina","status":"publish","type":"post","link":"https:\/\/elliberador.com\/index.php\/2026\/09\/04\/milei-acelera-la-construccion-de-la-base-naval-integrada-en-tierra-del-fuego-y-pone-al-atlantico-sur-en-el-centro-de-la-defensa-argentina\/","title":{"rendered":"Milei acelera la construcci\u00f3n de la Base Naval Integrada en Tierra del Fuego y pone al Atl\u00e1ntico Sur en el centro de la defensa argentina"},"content":{"rendered":"\n<p class=\"wp-block-paragraph\">Javier Milei decidi\u00f3 colocar nuevamente a Tierra del Fuego en el centro de la estrategia de defensa nacional. Durante la cadena nacional del jueves 3 de septiembre, el Presidente anunci\u00f3 que el Gobierno ampliar\u00e1 los recursos destinados al Ministerio de Defensa mediante un Decreto de Necesidad y Urgencia para acelerar la construcci\u00f3n de una <strong>Base Naval Integrada en Tierra del Fuego<\/strong>.<\/p>\n\n\n\n<p class=\"wp-block-paragraph\">La definici\u00f3n presidencial fue contundente: la instalaci\u00f3n deber\u00e1 convertirse en <strong>\u201cel polo log\u00edstico m\u00e1s importante del Atl\u00e1ntico Sur\u201d<\/strong> y tendr\u00e1 un papel fundamental en la \u201cproyecci\u00f3n geopol\u00edtica\u201d de la Argentina.<\/p>\n\n\n\n<p class=\"wp-block-paragraph\">Milei tambi\u00e9n vincul\u00f3 directamente la obra con el fortalecimiento de las telecomunicaciones y con la necesidad de aumentar la capacidad del Estado para proteger sus intereses en el extremo austral.<\/p>\n\n\n\n<h2 class=\"wp-block-heading\">Ushuaia, una posici\u00f3n estrat\u00e9gica frente al Atl\u00e1ntico Sur y la Ant\u00e1rtida<\/h2>\n\n\n\n<figure class=\"wp-block-image size-full\"><img fetchpriority=\"high\" decoding=\"async\" width=\"968\" height=\"528\" src=\"https:\/\/elliberador.com\/wp-content\/uploads\/2026\/09\/BASE.png\" alt=\"\" class=\"wp-image-12159\" srcset=\"https:\/\/elliberador.com\/wp-content\/uploads\/2026\/09\/BASE.png 968w, https:\/\/elliberador.com\/wp-content\/uploads\/2026\/09\/BASE-300x164.png 300w, https:\/\/elliberador.com\/wp-content\/uploads\/2026\/09\/BASE-766x418.png 766w\" sizes=\"(max-width: 968px) 100vw, 968px\" \/><\/figure>\n\n\n\n<p class=\"wp-block-paragraph\">La importancia de la obra est\u00e1 directamente relacionada con la ubicaci\u00f3n de Ushuaia.<\/p>\n\n\n\n<p class=\"wp-block-paragraph\">La ciudad constituye uno de los principales puntos argentinos de conexi\u00f3n con la Ant\u00e1rtida y se encuentra en una zona estrat\u00e9gica del extremo sur del continente, pr\u00f3xima al canal Beagle y a las rutas mar\u00edtimas que conectan el Atl\u00e1ntico y el Pac\u00edfico.<\/p>\n\n\n\n<p class=\"wp-block-paragraph\">Una Base Naval Integrada permitir\u00eda concentrar infraestructura para el despliegue de buques, log\u00edstica, mantenimiento, comunicaciones y apoyo a las operaciones australes.<\/p>\n\n\n\n<p class=\"wp-block-paragraph\">El proyecto contempla un <strong>muelle de aproximadamente 1.050 metros<\/strong>, instalaciones para log\u00edstica ant\u00e1rtica y espacios destinados al funcionamiento del \u00c1rea Naval Austral, adem\u00e1s de talleres, dep\u00f3sitos, alojamientos y otras dependencias. Una segunda etapa prev\u00e9 alrededor de 39.000 metros cuadrados de instalaciones.<\/p>\n\n\n\n<p class=\"wp-block-paragraph\">El objetivo es que Ushuaia deje de ser solamente un punto de apoyo y pase a convertirse en una verdadera plataforma log\u00edstica argentina para operar de manera sostenida en el Atl\u00e1ntico Sur y hacia la Ant\u00e1rtida.<\/p>\n\n\n\n<p class=\"wp-block-paragraph\">Y all\u00ed aparece uno de los aspectos centrales de la estrategia de Milei: <strong>la soberan\u00eda no se defiende solamente con discursos, sino tambi\u00e9n con presencia, infraestructura, tecnolog\u00eda y capacidad operativa.<\/strong><\/p>\n\n\n\n<h2 class=\"wp-block-heading\">Malvinas, petr\u00f3leo y recursos naturales: el nuevo escenario<\/h2>\n\n\n\n<p class=\"wp-block-paragraph\">El anuncio de la base se produjo en paralelo con la ofensiva diplom\u00e1tica y legal del Gobierno contra el proyecto petrolero Sea Lion, desarrollado en las aguas pr\u00f3ximas a las Islas Malvinas por las empresas Rockhopper Exploration y Navitas Petroleum.<\/p>\n\n\n\n<p class=\"wp-block-paragraph\">Milei advirti\u00f3 que la explotaci\u00f3n petrolera sin autorizaci\u00f3n argentina constituye una amenaza para los intereses estrat\u00e9gicos nacionales y anunci\u00f3 un endurecimiento de las sanciones contra las compa\u00f1\u00edas involucradas y tambi\u00e9n contra proveedores que participen de esos proyectos.<\/p>\n\n\n\n<p class=\"wp-block-paragraph\">El Presidente anticip\u00f3 adem\u00e1s el env\u00edo al Congreso de una <strong>Ley de Defensa de la Soberan\u00eda Nacional<\/strong>, que incluir\u00e1 la creaci\u00f3n de un Consejo de Seguridad Nacional destinado a coordinar \u00e1reas como Canciller\u00eda, Defensa, Inteligencia y Econom\u00eda.<\/p>\n\n\n\n<p class=\"wp-block-paragraph\">La estrategia busca que la cuesti\u00f3n Malvinas deje de estar limitada al plano diplom\u00e1tico y pase a formar parte de una pol\u00edtica m\u00e1s amplia de protecci\u00f3n de los recursos, infraestructura y espacios estrat\u00e9gicos argentinos.<\/p>\n\n\n\n<h2 class=\"wp-block-heading\">El mar argentino, un territorio que necesita vigilancia permanente<\/h2>\n\n\n\n<figure class=\"wp-block-image size-full\"><img decoding=\"async\" width=\"676\" height=\"357\" src=\"https:\/\/elliberador.com\/wp-content\/uploads\/2026\/09\/FC9D5203-BCE7-4A14-BAFE-4F4CD60480B1.png\" alt=\"\" class=\"wp-image-12160\" srcset=\"https:\/\/elliberador.com\/wp-content\/uploads\/2026\/09\/FC9D5203-BCE7-4A14-BAFE-4F4CD60480B1.png 676w, https:\/\/elliberador.com\/wp-content\/uploads\/2026\/09\/FC9D5203-BCE7-4A14-BAFE-4F4CD60480B1-300x158.png 300w\" sizes=\"(max-width: 676px) 100vw, 676px\" \/><\/figure>\n\n\n\n<p class=\"wp-block-paragraph\">El Atl\u00e1ntico Sur no es solamente un espacio geogr\u00e1fico. Es una zona donde confluyen pesca, hidrocarburos, rutas comerciales, intereses cient\u00edficos, actividad ant\u00e1rtica y disputas de soberan\u00eda.<\/p>\n\n\n\n<p class=\"wp-block-paragraph\">La enorme extensi\u00f3n de la Zona Econ\u00f3mica Exclusiva Argentina hace imposible ejercer un control efectivo \u00fanicamente mediante patrullas navales.<\/p>\n\n\n\n<p class=\"wp-block-paragraph\">Por eso, durante la gesti\u00f3n de Milei comenz\u00f3 a reforzarse la combinaci\u00f3n entre <strong>buques, aeronaves, sensores, vigilancia satelital y cooperaci\u00f3n internacional<\/strong>.<\/p>\n\n\n\n<p class=\"wp-block-paragraph\">La Armada incorpor\u00f3 los primeros aviones <strong>P-3 Orion adquiridos a Noruega<\/strong>, dentro de un programa de cuatro aeronaves. Estos aviones cuentan con gran autonom\u00eda y sensores destinados al patrullaje mar\u00edtimo, identificaci\u00f3n de buques, b\u00fasqueda y rescate y vigilancia de grandes extensiones oce\u00e1nicas.<\/p>\n\n\n\n<p class=\"wp-block-paragraph\">El objetivo es claro: saber qu\u00e9 ocurre en el mar argentino y poder reaccionar r\u00e1pidamente frente a actividades ilegales.<\/p>\n\n\n\n<p class=\"wp-block-paragraph\">Las operaciones Mare Nostrum, desarrolladas bajo el control del Comando Conjunto Mar\u00edtimo, tambi\u00e9n se convirtieron en una herramienta permanente de vigilancia. En 2026, la Armada despleg\u00f3 patrulleros oce\u00e1nicos y P-3C Orion para controlar la actividad mar\u00edtima pr\u00f3xima al l\u00edmite exterior de la ZEEA.<\/p>\n\n\n\n<h2 class=\"wp-block-heading\">F-16: Argentina vuelve a tener capacidad supers\u00f3nica<\/h2>\n\n\n\n<figure class=\"wp-block-image size-full\"><img decoding=\"async\" width=\"744\" height=\"344\" src=\"https:\/\/elliberador.com\/wp-content\/uploads\/2026\/09\/D43ABDD0-FD65-4A32-9F56-02BE571B7DE6.png\" alt=\"\" class=\"wp-image-12161\" srcset=\"https:\/\/elliberador.com\/wp-content\/uploads\/2026\/09\/D43ABDD0-FD65-4A32-9F56-02BE571B7DE6.png 744w, https:\/\/elliberador.com\/wp-content\/uploads\/2026\/09\/D43ABDD0-FD65-4A32-9F56-02BE571B7DE6-300x139.png 300w\" sizes=\"(max-width: 744px) 100vw, 744px\" \/><\/figure>\n\n\n\n<p class=\"wp-block-paragraph\">La Base Naval de Ushuaia forma parte de un proceso mucho mayor de reconstrucci\u00f3n militar.<\/p>\n\n\n\n<p class=\"wp-block-paragraph\">Uno de los principales s\u00edmbolos de esta nueva etapa son los <strong>24 cazas F-16 adquiridos a Dinamarca<\/strong>, una operaci\u00f3n considerada por el Gobierno como la incorporaci\u00f3n aeron\u00e1utica militar m\u00e1s importante de las \u00faltimas d\u00e9cadas.<\/p>\n\n\n\n<p class=\"wp-block-paragraph\">Los primeros seis aviones llegaron a la Argentina en diciembre de 2025. El programa contempla un total de 24 aeronaves y permite recuperar una capacidad supers\u00f3nica que la Fuerza A\u00e9rea hab\u00eda perdido.<\/p>\n\n\n\n<p class=\"wp-block-paragraph\">El salto no es solamente simb\u00f3lico. Los F-16 permiten mejorar la capacidad argentina de vigilancia y defensa del espacio a\u00e9reo y forman parte de una arquitectura militar que incluye radares, comunicaciones, entrenamiento y log\u00edstica.<\/p>\n\n\n\n<p class=\"wp-block-paragraph\">Para el Gobierno, recuperar el control del cielo es tan importante como aumentar la capacidad de controlar el mar.<\/p>\n\n\n\n<p class=\"wp-block-paragraph\">La recuperaci\u00f3n de capacidades tambi\u00e9n alcanz\u00f3 al transporte y la vigilancia.<\/p>\n\n\n\n<p class=\"wp-block-paragraph\">En 2024, durante una actividad encabezada por Milei junto a la entonces comandante del Comando Sur estadounidense, Laura Richardson, Estados Unidos transfiri\u00f3 a la Argentina un <strong>H\u00e9rcules C-130H<\/strong>, destinado a fortalecer el transporte estrat\u00e9gico y, especialmente, el apoyo log\u00edstico a las bases ant\u00e1rticas. Milei destac\u00f3 entonces que la aeronave permitir\u00eda sostener el enlace con las bases argentinas y las islas del Atl\u00e1ntico Sur.<\/p>\n\n\n\n<h2 class=\"wp-block-heading\">El Plan ARMA y una nueva forma de financiar la Defensa<\/h2>\n\n\n\n<figure class=\"wp-block-embed is-type-wp-embed is-provider-el-liberador wp-block-embed-el-liberador\"><div class=\"wp-block-embed__wrapper\">\n<blockquote class=\"wp-embedded-content\" data-secret=\"hrww2Z8Oq6\"><a href=\"https:\/\/elliberador.com\/index.php\/2026\/05\/04\/defensa-nacional-el-gobierno-lanza-el-plan-arma-y-redefine-el-financiamiento-militar\/\">Defensa nacional: el Gobierno lanza el Plan ARMA y redefine el financiamiento militar<\/a><\/blockquote><iframe class=\"wp-embedded-content\" sandbox=\"allow-scripts\" security=\"restricted\" style=\"position: absolute; visibility: hidden;\" title=\"\u00abDefensa nacional: el Gobierno lanza el Plan ARMA y redefine el financiamiento militar\u00bb \u2014 El Liberador\" src=\"https:\/\/elliberador.com\/index.php\/2026\/05\/04\/defensa-nacional-el-gobierno-lanza-el-plan-arma-y-redefine-el-financiamiento-militar\/embed\/#?secret=fg3Brv5qdG#?secret=hrww2Z8Oq6\" data-secret=\"hrww2Z8Oq6\" width=\"600\" height=\"338\" frameborder=\"0\" marginwidth=\"0\" marginheight=\"0\" scrolling=\"no\"><\/iframe>\n<\/div><\/figure>\n\n\n\n<p class=\"wp-block-paragraph\">El presidente Javier Milei firm\u00f3 el Decreto de Necesidad y Urgencia 314\/2026, mediante el cual se pone en marcha el Plan de Adecuaci\u00f3n y Reequipamiento Militar Argentino (Plan ARMA), una iniciativa que introduce un cambio estructural en el esquema de financiamiento de la Defensa Nacional. La medida, publicada en el Bolet\u00edn Oficial el 4 de mayo de 2026, establece nuevas fuentes de recursos destinadas a la modernizaci\u00f3n, reequipamiento y recuperaci\u00f3n de capacidades de las Fuerzas Armadas. <\/p>\n\n\n\n<p class=\"wp-block-paragraph\">El eje central del decreto es la asignaci\u00f3n de recursos provenientes de activos del Estado al fortalecimiento del sistema de defensa. A partir de ahora, el DIEZ POR CIENTO (10 %) de lo recaudado por la venta, alquiler, cesi\u00f3n o privatizaci\u00f3n de bienes del Estado Nacional ser\u00e1 destinado al Ministerio de Defensa.<\/p>\n\n\n\n<p class=\"wp-block-paragraph\">Asimismo, el decreto establece una diferenciaci\u00f3n clave: cuando los ingresos provengan de bienes que hayan estado bajo la \u00f3rbita del Ministerio de Defensa, el porcentaje asignado se eleva al SETENTA POR CIENTO (70 %). Estos fondos deber\u00e1n ser aplicados a programas de reequipamiento, modernizaci\u00f3n, infraestructura estrat\u00e9gica y recuperaci\u00f3n de capacidades operativas.<\/p>\n\n\n\n<p class=\"wp-block-paragraph\">El texto tambi\u00e9n incorpora que el DIEZ POR CIENTO (10 %) de los ingresos derivados de procesos de privatizaci\u00f3n de empresas estatales \u2014en el marco de la Ley N\u00b0 27.742\u2014 ser\u00e1 igualmente destinado a financiar el sistema de defensa.<\/p>\n\n\n\n<p class=\"wp-block-paragraph\">Seg\u00fan el Gobierno, esta reasignaci\u00f3n de recursos no altera el equilibrio fiscal ni reemplaza mecanismos existentes, sino que constituye una fuente adicional de financiamiento. <\/p>\n\n\n\n<h2 class=\"wp-block-heading\">\u201cLas Malvinas son argentinas\u201d<\/h2>\n\n\n\n<p class=\"wp-block-paragraph\">El anuncio de la Base Naval Integrada adquiere todav\u00eda mayor importancia cuando se lo observa junto con las nuevas medidas sobre Malvinas.<\/p>\n\n\n\n<p class=\"wp-block-paragraph\">Milei afirm\u00f3 que <strong>\u201clas Malvinas son argentinas, por historia y por derecho\u201d<\/strong> y present\u00f3 la defensa de la soberan\u00eda como una cuesti\u00f3n nacional.<\/p>\n\n\n\n<p class=\"wp-block-paragraph\">El Presidente busca as\u00ed construir una estrategia integral: mayor presencia naval, mejor vigilancia mar\u00edtima, recuperaci\u00f3n de la capacidad a\u00e9rea, fortalecimiento de la log\u00edstica ant\u00e1rtica, sanciones contra quienes exploten recursos sin autorizaci\u00f3n argentina y una estructura de coordinaci\u00f3n de seguridad nacional.<\/p>\n\n\n\n<p class=\"wp-block-paragraph\">La Base Naval Integrada de Ushuaia aparece como una pieza central de ese esquema.<\/p>\n\n\n\n<h2 class=\"wp-block-heading\">Una se\u00f1al concreta: volver a mirar hacia el Atl\u00e1ntico Sur<\/h2>\n\n\n\n<p class=\"wp-block-paragraph\">Despu\u00e9s de d\u00e9cadas de deterioro y restricciones presupuestarias, Argentina comenz\u00f3 a recuperar capacidades que hab\u00edan quedado relegadas.<\/p>\n\n\n\n<p class=\"wp-block-paragraph\">La obra tendr\u00e1 un valor militar, pero tambi\u00e9n econ\u00f3mico, cient\u00edfico, territorial y geopol\u00edtico. Porque controlar el Atl\u00e1ntico Sur significa proteger los recursos pesqueros, las rutas mar\u00edtimas, los intereses energ\u00e9ticos, la infraestructura estrat\u00e9gica y la proyecci\u00f3n argentina hacia la Ant\u00e1rtida.<\/p>\n\n\n\n<p class=\"wp-block-paragraph\">El desaf\u00edo ser\u00e1 transformar el anuncio en infraestructura concreta y capacidades permanentes.<\/p>\n\n\n\n<p class=\"wp-block-paragraph\">Pero el mensaje pol\u00edtico de Milei ya qued\u00f3 planteado: <strong>Argentina quiere volver a mirar hacia el sur y recuperar la capacidad de defender aquello que considera propio.<\/strong><\/p>\n\n\n\n<p class=\"wp-block-paragraph\">La construcci\u00f3n de la Base Naval Integrada, en ese sentido, no es solamente una obra de infraestructura. Es el s\u00edmbolo de una nueva etapa en la pol\u00edtica de Defensa: <strong>m\u00e1s presencia, m\u00e1s tecnolog\u00eda, m\u00e1s cooperaci\u00f3n internacional y una decisi\u00f3n expl\u00edcita de volver a colocar la soberan\u00eda argentina en el centro de la agenda nacional.<\/strong><\/p>\n\n\n\n<p class=\"wp-block-paragraph\"><strong>La defensa de la Patria<\/strong> <strong>se construye con hechos.<\/strong><\/p>\n","protected":false},"excerpt":{"rendered":"<p>El Presidente anunci\u00f3 por cadena nacional un DNU para ampliar los recursos del Ministerio de Defensa y acelerar una obra estrat\u00e9gica en Ushuaia. La futura Base Naval Integrada ser\u00e1 un punto clave para la vigilancia del Atl\u00e1ntico Sur, la log\u00edstica ant\u00e1rtica y la proyecci\u00f3n argentina sobre una regi\u00f3n donde se concentran recursos pesqueros, hidrocarbur\u00edferos y rutas mar\u00edtimas estrat\u00e9gicas. El anuncio se suma a un proceso de reequipamiento que ya incorpor\u00f3 los primeros F-16, aviones P-3 Orion y un H\u00e9rcules C-130.<\/p>\n","protected":false},"author":2,"featured_media":12162,"comment_status":"open","ping_status":"open","sticky":false,"template":"","format":"standard","meta":{"_acf_changed":false,"advanced_seo_description":"","jetpack_seo_html_title":"","jetpack_seo_noindex":false,"jetpack_seo_schema_type":"","_jetpack_newsletter_access":"","_jetpack_dont_email_post_to_subs":false,"_jetpack_newsletter_tier_id":0,"_jetpack_memberships_contains_paywalled_content":false,"_jetpack_feature_clip_id":0,"_jetpack_memberships_contains_paid_content":false,"footnotes":"","jetpack_post_was_ever_published":false},"categories":[929,967],"tags":[2453,2451,2452,531,20,119,47,912,56,1458],"class_list":["post-12158","post","type-post","status-publish","format-standard","has-post-thumbnail","hentry","category-defensa","category-geopolitica","tag-atlantico-sur","tag-base-militar","tag-base-naval","tag-defensa","tag-destacados","tag-javier-milei","tag-la-libertad-avanza","tag-malvinas","tag-milei","tag-tierra-del-fuego"],"acf":[],"jetpack_featured_media_url":"https:\/\/elliberador.com\/wp-content\/uploads\/2026\/09\/Gemini_Generated_Image_1veszg1veszg1ves.webp","jetpack_sharing_enabled":true,"_links":{"self":[{"href":"https:\/\/elliberador.com\/index.php\/wp-json\/wp\/v2\/posts\/12158","targetHints":{"allow":["GET"]}}],"collection":[{"href":"https:\/\/elliberador.com\/index.php\/wp-json\/wp\/v2\/posts"}],"about":[{"href":"https:\/\/elliberador.com\/index.php\/wp-json\/wp\/v2\/types\/post"}],"author":[{"embeddable":true,"href":"https:\/\/elliberador.com\/index.php\/wp-json\/wp\/v2\/users\/2"}],"replies":[{"embeddable":true,"href":"https:\/\/elliberador.com\/index.php\/wp-json\/wp\/v2\/comments?post=12158"}],"version-history":[{"count":1,"href":"https:\/\/elliberador.com\/index.php\/wp-json\/wp\/v2\/posts\/12158\/revisions"}],"predecessor-version":[{"id":12163,"href":"https:\/\/elliberador.com\/index.php\/wp-json\/wp\/v2\/posts\/12158\/revisions\/12163"}],"wp:featuredmedia":[{"embeddable":true,"href":"https:\/\/elliberador.com\/index.php\/wp-json\/wp\/v2\/media\/12162"}],"wp:attachment":[{"href":"https:\/\/elliberador.com\/index.php\/wp-json\/wp\/v2\/media?parent=12158"}],"wp:term":[{"taxonomy":"category","embeddable":true,"href":"https:\/\/elliberador.com\/index.php\/wp-json\/wp\/v2\/categories?post=12158"},{"taxonomy":"post_tag","embeddable":true,"href":"https:\/\/elliberador.com\/index.php\/wp-json\/wp\/v2\/tags?post=12158"}],"curies":[{"name":"wp","href":"https:\/\/api.w.org\/{rel}","templated":true}]}}