{"id":12164,"date":"2026-09-04T11:02:34","date_gmt":"2026-09-04T14:02:34","guid":{"rendered":"https:\/\/elliberador.com\/?p=12164"},"modified":"2026-09-04T11:02:36","modified_gmt":"2026-09-04T14:02:36","slug":"trump-aprieta-al-regimen-cubano-sanciono-al-nieto-de-raul-castro-y-golpeo-negocios-estrategicos-de-la-dictadura","status":"publish","type":"post","link":"https:\/\/elliberador.com\/index.php\/2026\/09\/04\/trump-aprieta-al-regimen-cubano-sanciono-al-nieto-de-raul-castro-y-golpeo-negocios-estrategicos-de-la-dictadura\/","title":{"rendered":"Trump aprieta al r\u00e9gimen cubano: sancion\u00f3 al nieto de Ra\u00fal Castro y golpe\u00f3 negocios estrat\u00e9gicos de la dictadura"},"content":{"rendered":"\n<p class=\"wp-block-paragraph\">El gobierno de <strong>Donald Trump<\/strong> profundiz\u00f3 su pol\u00edtica de presi\u00f3n contra la dictadura cubana al imponer sanciones financieras sobre un integrante de la familia Castro y cinco entidades relacionadas con sectores estrat\u00e9gicos de la econom\u00eda de la isla.<\/p>\n\n\n\n<p class=\"wp-block-paragraph\">La decisi\u00f3n fue formalizada por la <strong>Oficina de Control de Activos Extranjeros (OFAC)<\/strong> del Departamento del Tesoro de Estados Unidos. El principal nombre incorporado a la lista de Nacionales Especialmente Designados fue <strong>Fidel Ernesto Castro Calis<\/strong>, nieto de Ra\u00fal Castro e hijo de Alejandro Castro Esp\u00edn.<\/p>\n\n\n\n<p class=\"wp-block-paragraph\">Castro Calis, de 31 a\u00f1os, fue se\u00f1alado por Washington como integrante adulto de una familia que concentr\u00f3 el poder pol\u00edtico en Cuba durante m\u00e1s de seis d\u00e9cadas. Su padre, vinculado con los servicios de inteligencia del r\u00e9gimen, ya hab\u00eda sido alcanzado por sanciones estadounidenses.<\/p>\n\n\n\n<p class=\"wp-block-paragraph\">La administraci\u00f3n Trump busca dejar en claro que las medidas no se limitar\u00e1n a los funcionarios que ocupan cargos formales, sino que tambi\u00e9n alcanzar\u00e1n a familiares y estructuras econ\u00f3micas que Washington considera parte del entramado de poder cubano.<\/p>\n\n\n\n<h2 class=\"wp-block-heading\">Un golpe al banco estatal y a sectores estrat\u00e9gicos<\/h2>\n\n\n\n<p class=\"wp-block-paragraph\">La nueva ronda de sanciones incluy\u00f3 al <strong>Banco Exterior de Cuba<\/strong>, una instituci\u00f3n estatal especializada en comercio exterior y operaciones financieras internacionales.<\/p>\n\n\n\n<p class=\"wp-block-paragraph\">Tambi\u00e9n fueron designadas <strong>Comercial Cupet S.A.<\/strong>, dedicada a la comercializaci\u00f3n de combustibles; la Empresa Importadora de Abastecimiento para el Petr\u00f3leo, conocida como <strong>Abapet<\/strong>; la Empresa de Servicios Comandante Ren\u00e9 Ramos Latour, denominada <strong>Nicarotec<\/strong>; y la Empresa Importadora y Abastecedora del N\u00edquel, identificada como <strong>Cexni<\/strong>.<\/p>\n\n\n\n<p class=\"wp-block-paragraph\">Las compa\u00f1\u00edas alcanzadas intervienen en actividades relacionadas con el petr\u00f3leo, la energ\u00eda, la miner\u00eda y el n\u00edquel, sectores fundamentales para la obtenci\u00f3n de divisas y el sostenimiento de la estructura econ\u00f3mica controlada por el Estado cubano.<\/p>\n\n\n\n<p class=\"wp-block-paragraph\">Para Washington, estas empresas explotan recursos naturales y reservas energ\u00e9ticas con el objetivo de financiar al r\u00e9gimen y sostener a su dirigencia pol\u00edtica y su aparato de seguridad.<\/p>\n\n\n\n<h2 class=\"wp-block-heading\">Qu\u00e9 implican las sanciones<\/h2>\n\n\n\n<p class=\"wp-block-paragraph\">La incorporaci\u00f3n a la lista de la OFAC supone el bloqueo de los bienes y activos que las personas o entidades sancionadas posean en Estados Unidos o bajo el control de ciudadanos estadounidenses.<\/p>\n\n\n\n<p class=\"wp-block-paragraph\">Tambi\u00e9n quedan prohibidas, salvo autorizaci\u00f3n espec\u00edfica, las operaciones realizadas por personas y empresas estadounidenses con los designados. La medida dificulta adem\u00e1s su acceso al sistema financiero internacional, debido al riesgo que enfrentan bancos y compa\u00f1\u00edas de terceros pa\u00edses al mantener v\u00ednculos comerciales con entidades sancionadas.<\/p>\n\n\n\n<p class=\"wp-block-paragraph\">El secretario de Estado, <strong>Marco Rubio<\/strong>, respald\u00f3 la decisi\u00f3n y afirm\u00f3 que las designaciones reflejan la determinaci\u00f3n de Trump de avanzar hacia \u201c<strong>una Cuba libre<\/strong>\u201d.<\/p>\n\n\n\n<p class=\"wp-block-paragraph\">Rubio, nacido en Miami e hijo de inmigrantes cubanos, se convirti\u00f3 en una de las principales figuras de la estrategia estadounidense contra el r\u00e9gimen comunista de La Habana.<\/p>\n\n\n\n<h2 class=\"wp-block-heading\">Sin se\u00f1ales de distensi\u00f3n con La Habana<\/h2>\n\n\n\n<p class=\"wp-block-paragraph\">La nueva ofensiva confirma que Trump no pretende regresar a la pol\u00edtica de acercamiento impulsada a\u00f1os atr\u00e1s por Barack Obama. Su administraci\u00f3n busca incrementar el costo econ\u00f3mico para la dirigencia cubana y reducir las fuentes de financiamiento de las estructuras controladas por el Partido Comunista.<\/p>\n\n\n\n<p class=\"wp-block-paragraph\">Las sanciones llegan en medio de una profunda crisis en la isla, caracterizada por apagones, escasez de combustible, inflaci\u00f3n, deterioro de los servicios p\u00fablicos y dificultades para importar productos esenciales.<\/p>\n\n\n\n<p class=\"wp-block-paragraph\">Washington atribuye esta situaci\u00f3n al fracaso de la planificaci\u00f3n centralizada y al control pol\u00edtico de la econom\u00eda. El r\u00e9gimen cubano, en cambio, responsabiliza al embargo y denuncia que las medidas estadounidenses agravan las condiciones de vida de la poblaci\u00f3n.<\/p>\n\n\n\n<p class=\"wp-block-paragraph\">Con esta nueva ronda de restricciones, la Casa Blanca volvi\u00f3 a colocar en la mira al coraz\u00f3n financiero y empresarial de la dictadura. <strong>El mensaje de Trump es inequ\u00edvoco: no habr\u00e1 distensi\u00f3n mientras la familia Castro y el Partido Comunista contin\u00faen controlando Cuba.<\/strong><\/p>\n\n\n\n<p class=\"wp-block-paragraph\"><\/p>\n","protected":false},"excerpt":{"rendered":"<p>La administraci\u00f3n estadounidense incluy\u00f3 a Fidel Ernesto Castro Calis y a cinco entidades estatales en la lista de sancionados. Las medidas alcanzan al Banco Exterior de Cuba y a compa\u00f1\u00edas vinculadas con el petr\u00f3leo, la energ\u00eda y la miner\u00eda.<\/p>\n","protected":false},"author":2,"featured_media":8278,"comment_status":"open","ping_status":"open","sticky":false,"template":"","format":"standard","meta":{"_acf_changed":false,"advanced_seo_description":"","jetpack_seo_html_title":"","jetpack_seo_noindex":false,"jetpack_seo_schema_type":"","_jetpack_newsletter_access":"","_jetpack_dont_email_post_to_subs":false,"_jetpack_newsletter_tier_id":0,"_jetpack_memberships_contains_paywalled_content":false,"_jetpack_feature_clip_id":0,"_jetpack_memberships_contains_paid_content":false,"footnotes":"","jetpack_post_was_ever_published":false},"categories":[10],"tags":[722,20,694,84],"class_list":["post-12164","post","type-post","status-publish","format-standard","has-post-thumbnail","hentry","category-internacionales","tag-cuba","tag-destacados","tag-donald-trump","tag-trump"],"acf":[],"jetpack_featured_media_url":"https:\/\/elliberador.com\/wp-content\/uploads\/2026\/05\/trump-isla-carcel-cuba.webp","jetpack_sharing_enabled":true,"_links":{"self":[{"href":"https:\/\/elliberador.com\/index.php\/wp-json\/wp\/v2\/posts\/12164","targetHints":{"allow":["GET"]}}],"collection":[{"href":"https:\/\/elliberador.com\/index.php\/wp-json\/wp\/v2\/posts"}],"about":[{"href":"https:\/\/elliberador.com\/index.php\/wp-json\/wp\/v2\/types\/post"}],"author":[{"embeddable":true,"href":"https:\/\/elliberador.com\/index.php\/wp-json\/wp\/v2\/users\/2"}],"replies":[{"embeddable":true,"href":"https:\/\/elliberador.com\/index.php\/wp-json\/wp\/v2\/comments?post=12164"}],"version-history":[{"count":1,"href":"https:\/\/elliberador.com\/index.php\/wp-json\/wp\/v2\/posts\/12164\/revisions"}],"predecessor-version":[{"id":12165,"href":"https:\/\/elliberador.com\/index.php\/wp-json\/wp\/v2\/posts\/12164\/revisions\/12165"}],"wp:featuredmedia":[{"embeddable":true,"href":"https:\/\/elliberador.com\/index.php\/wp-json\/wp\/v2\/media\/8278"}],"wp:attachment":[{"href":"https:\/\/elliberador.com\/index.php\/wp-json\/wp\/v2\/media?parent=12164"}],"wp:term":[{"taxonomy":"category","embeddable":true,"href":"https:\/\/elliberador.com\/index.php\/wp-json\/wp\/v2\/categories?post=12164"},{"taxonomy":"post_tag","embeddable":true,"href":"https:\/\/elliberador.com\/index.php\/wp-json\/wp\/v2\/tags?post=12164"}],"curies":[{"name":"wp","href":"https:\/\/api.w.org\/{rel}","templated":true}]}}