{"id":12166,"date":"2026-09-04T14:59:09","date_gmt":"2026-09-04T17:59:09","guid":{"rendered":"https:\/\/elliberador.com\/?p=12166"},"modified":"2026-09-04T15:09:05","modified_gmt":"2026-09-04T18:09:05","slug":"la-sociedad-le-puso-un-freno-cayo-en-diputados-la-ley-de-discursos-de-odio-que-el-senado-habia-aprobado-por-unanimidad","status":"publish","type":"post","link":"https:\/\/elliberador.com\/index.php\/2026\/09\/04\/la-sociedad-le-puso-un-freno-cayo-en-diputados-la-ley-de-discursos-de-odio-que-el-senado-habia-aprobado-por-unanimidad\/","title":{"rendered":"La sociedad le puso un freno: cay\u00f3 en Diputados la ley de \u201cdiscursos de odio\u201d que el Senado hab\u00eda aprobado por unanimidad"},"content":{"rendered":"\n<p class=\"wp-block-paragraph\">Lo que parec\u00eda encaminado a convertirse silenciosamente en ley termin\u00f3 chocando contra una resistencia pol\u00edtica y social que modific\u00f3 por completo el escenario.<\/p>\n\n\n\n<p class=\"wp-block-paragraph\">La <strong>C\u00e1mara de Diputados de Santa Fe decidi\u00f3 no avanzar con el proyecto que pretend\u00eda declarar a la provincia \u201cterritorio libre de discriminaci\u00f3n y discursos de odio\u201d<\/strong>, una iniciativa que incorporaba multas de hasta <strong>60 jus \u2014actualmente m\u00e1s de $8,6 millones\u2014 sobre expresiones consideradas alcanzadas por una definici\u00f3n extraordinariamente amplia de \u201codio\u201d<\/strong>.<\/p>\n\n\n\n<p class=\"wp-block-paragraph\">El texto hab\u00eda llegado con una fuerza pol\u00edtica poco habitual: el Senado lo aprob\u00f3 <strong>sobre tablas, por unanimidad y pr\u00e1cticamente inmediatamente despu\u00e9s de que la Mesa del Di\u00e1logo Santafesino acercara la propuesta<\/strong>. El encargado de impulsarla formalmente en la C\u00e1mara Alta fue Felipe Michlig, senador por San Crist\u00f3bal y presidente provisional del Senado.<\/p>\n\n\n\n<p class=\"wp-block-paragraph\">Pero la velocidad con la que avanz\u00f3 en el Senado contrast\u00f3 con lo que ocurri\u00f3 cuando la sociedad comenz\u00f3 a conocer qu\u00e9 dec\u00eda realmente.<\/p>\n\n\n\n<h2 class=\"wp-block-heading\">Ludmila Radolovich encontr\u00f3 el expediente y El Liberador encendi\u00f3 la alarma<\/h2>\n\n\n\n<p class=\"wp-block-paragraph\">Quien detect\u00f3 el alcance del proyecto y puso el foco sobre su costado sancionatorio fue la periodista y referente libertaria <strong>Ludmila Radolovich<\/strong>.<\/p>\n\n\n\n<p class=\"wp-block-paragraph\">El <strong>23 de julio<\/strong>, Radolovich public\u00f3 la <a href=\"https:\/\/elliberador.com\/index.php\/2026\/07\/23\/el-proyecto-del-senador-provincial-michlig-reabre-un-debate-sobre-los-limites-del-estado-una-herramienta-para-limitar-la-libertad-de-expresion\/\">investigaci\u00f3n que puso sobre la mesa una pregunta que hasta entonces hab\u00eda pasado pr\u00e1cticamente inadvertida para buena parte de la discusi\u00f3n p\u00fablica<\/a>: <strong>\u00bfqui\u00e9n iba a decidir cu\u00e1ndo una opini\u00f3n pasaba a convertirse en un \u201cdiscurso de odio\u201d merecedor de una multa millonaria?<\/strong><\/p>\n\n\n\n<p class=\"wp-block-paragraph\">La nota mostr\u00f3 que no se trataba simplemente de una declaraci\u00f3n simb\u00f3lica contra la discriminaci\u00f3n.<\/p>\n\n\n\n<p class=\"wp-block-paragraph\">El texto aprobado por el Senado defin\u00eda como discurso de odio cualquier expresi\u00f3n verbal, escrita, simb\u00f3lica, audiovisual o digital que pudiera \u201cincitar, promover, justificar o naturalizar\u201d la discriminaci\u00f3n, la hostilidad, la violencia o incluso el <strong>\u201cmenosprecio\u201d<\/strong>, agregando adem\u00e1s una categor\u00eda abierta referida a \u201cotras caracter\u00edsticas personal\u00edsimas\u201d.<\/p>\n\n\n\n<p class=\"wp-block-paragraph\">Y detr\u00e1s de esa definici\u00f3n aparec\u00eda el verdadero poder coercitivo: <strong>hasta 60 jus de multa o la obligaci\u00f3n de realizar cursos de abordaje interdisciplinario<\/strong>.<\/p>\n\n\n\n<p class=\"wp-block-paragraph\">La investigaci\u00f3n de <em>El Liberador<\/em> fue el comienzo de una escalada de visibilizaci\u00f3n que r\u00e1pidamente sali\u00f3 del \u00e1mbito period\u00edstico y se traslad\u00f3 a la pol\u00edtica y las redes.<\/p>\n\n\n\n<figure class=\"wp-block-embed is-type-rich is-provider-instagram wp-block-embed-instagram\"><div class=\"wp-block-embed__wrapper\">\n<blockquote class=\"instagram-media\" data-instgrm-captioned data-instgrm-permalink=\"https:\/\/www.instagram.com\/reel\/DcRERYRhiL3\/?utm_source=ig_embed&amp;utm_campaign=loading\" data-instgrm-version=\"14\" style=\" background:#FFF; border:0; border-radius:3px; box-shadow:0 0 1px 0 rgba(0,0,0,0.5),0 1px 10px 0 rgba(0,0,0,0.15); margin: 1px; max-width:640px; min-width:326px; padding:0; width:99.375%; width:-webkit-calc(100% - 2px); width:calc(100% - 2px);\"><div style=\"padding:16px;\"> <a href=\"https:\/\/www.instagram.com\/reel\/DcRERYRhiL3\/?utm_source=ig_embed&amp;utm_campaign=loading\" style=\" background:#FFFFFF; line-height:0; padding:0 0; text-align:center; text-decoration:none; width:100%;\" target=\"_blank\"> <div style=\" display: flex; flex-direction: row; align-items: center;\"> <div style=\"background-color: #F4F4F4; border-radius: 50%; flex-grow: 0; height: 40px; margin-right: 14px; width: 40px;\"><\/div> <div style=\"display: flex; flex-direction: column; flex-grow: 1; justify-content: center;\"> <div style=\" background-color: #F4F4F4; border-radius: 4px; flex-grow: 0; height: 14px; margin-bottom: 6px; width: 100px;\"><\/div> <div style=\" background-color: #F4F4F4; border-radius: 4px; flex-grow: 0; height: 14px; width: 60px;\"><\/div><\/div><\/div><div style=\"padding: 19% 0;\"><\/div> <div style=\"display:block; height:50px; margin:0 auto 12px; width:50px;\"><svg width=\"50px\" height=\"50px\" viewBox=\"0 0 60 60\" version=\"1.1\" xmlns=\"https:\/\/www.w3.org\/2000\/svg\" xmlns:xlink=\"https:\/\/www.w3.org\/1999\/xlink\"><g stroke=\"none\" stroke-width=\"1\" fill=\"none\" fill-rule=\"evenodd\"><g transform=\"translate(-511.000000, -20.000000)\" fill=\"#000000\"><g><path d=\"M556.869,30.41 C554.814,30.41 553.148,32.076 553.148,34.131 C553.148,36.186 554.814,37.852 556.869,37.852 C558.924,37.852 560.59,36.186 560.59,34.131 C560.59,32.076 558.924,30.41 556.869,30.41 M541,60.657 C535.114,60.657 530.342,55.887 530.342,50 C530.342,44.114 535.114,39.342 541,39.342 C546.887,39.342 551.658,44.114 551.658,50 C551.658,55.887 546.887,60.657 541,60.657 M541,33.886 C532.1,33.886 524.886,41.1 524.886,50 C524.886,58.899 532.1,66.113 541,66.113 C549.9,66.113 557.115,58.899 557.115,50 C557.115,41.1 549.9,33.886 541,33.886 M565.378,62.101 C565.244,65.022 564.756,66.606 564.346,67.663 C563.803,69.06 563.154,70.057 562.106,71.106 C561.058,72.155 560.06,72.803 558.662,73.347 C557.607,73.757 556.021,74.244 553.102,74.378 C549.944,74.521 548.997,74.552 541,74.552 C533.003,74.552 532.056,74.521 528.898,74.378 C525.979,74.244 524.393,73.757 523.338,73.347 C521.94,72.803 520.942,72.155 519.894,71.106 C518.846,70.057 518.197,69.06 517.654,67.663 C517.244,66.606 516.755,65.022 516.623,62.101 C516.479,58.943 516.448,57.996 516.448,50 C516.448,42.003 516.479,41.056 516.623,37.899 C516.755,34.978 517.244,33.391 517.654,32.338 C518.197,30.938 518.846,29.942 519.894,28.894 C520.942,27.846 521.94,27.196 523.338,26.654 C524.393,26.244 525.979,25.756 528.898,25.623 C532.057,25.479 533.004,25.448 541,25.448 C548.997,25.448 549.943,25.479 553.102,25.623 C556.021,25.756 557.607,26.244 558.662,26.654 C560.06,27.196 561.058,27.846 562.106,28.894 C563.154,29.942 563.803,30.938 564.346,32.338 C564.756,33.391 565.244,34.978 565.378,37.899 C565.522,41.056 565.552,42.003 565.552,50 C565.552,57.996 565.522,58.943 565.378,62.101 M570.82,37.631 C570.674,34.438 570.167,32.258 569.425,30.349 C568.659,28.377 567.633,26.702 565.965,25.035 C564.297,23.368 562.623,22.342 560.652,21.575 C558.743,20.834 556.562,20.326 553.369,20.18 C550.169,20.033 549.148,20 541,20 C532.853,20 531.831,20.033 528.631,20.18 C525.438,20.326 523.257,20.834 521.349,21.575 C519.376,22.342 517.703,23.368 516.035,25.035 C514.368,26.702 513.342,28.377 512.574,30.349 C511.834,32.258 511.326,34.438 511.181,37.631 C511.035,40.831 511,41.851 511,50 C511,58.147 511.035,59.17 511.181,62.369 C511.326,65.562 511.834,67.743 512.574,69.651 C513.342,71.625 514.368,73.296 516.035,74.965 C517.703,76.634 519.376,77.658 521.349,78.425 C523.257,79.167 525.438,79.673 528.631,79.82 C531.831,79.965 532.853,80.001 541,80.001 C549.148,80.001 550.169,79.965 553.369,79.82 C556.562,79.673 558.743,79.167 560.652,78.425 C562.623,77.658 564.297,76.634 565.965,74.965 C567.633,73.296 568.659,71.625 569.425,69.651 C570.167,67.743 570.674,65.562 570.82,62.369 C570.966,59.17 571,58.147 571,50 C571,41.851 570.966,40.831 570.82,37.631\"><\/path><\/g><\/g><\/g><\/svg><\/div><div style=\"padding-top: 8px;\"> <div style=\" color:#3897f0; font-family:Arial,sans-serif; font-size:14px; font-style:normal; font-weight:550; line-height:18px;\">View this post on Instagram<\/div><\/div><div style=\"padding: 12.5% 0;\"><\/div> <div style=\"display: flex; flex-direction: row; margin-bottom: 14px; align-items: center;\"><div> <div style=\"background-color: #F4F4F4; border-radius: 50%; height: 12.5px; width: 12.5px; transform: translateX(0px) translateY(7px);\"><\/div> <div style=\"background-color: #F4F4F4; height: 12.5px; transform: rotate(-45deg) translateX(3px) translateY(1px); width: 12.5px; flex-grow: 0; margin-right: 14px; margin-left: 2px;\"><\/div> <div style=\"background-color: #F4F4F4; border-radius: 50%; height: 12.5px; width: 12.5px; transform: translateX(9px) translateY(-18px);\"><\/div><\/div><div style=\"margin-left: 8px;\"> <div style=\" background-color: #F4F4F4; border-radius: 50%; flex-grow: 0; height: 20px; width: 20px;\"><\/div> <div style=\" width: 0; height: 0; border-top: 2px solid transparent; border-left: 6px solid #f4f4f4; border-bottom: 2px solid transparent; transform: translateX(16px) translateY(-4px) rotate(30deg)\"><\/div><\/div><div style=\"margin-left: auto;\"> <div style=\" width: 0px; border-top: 8px solid #F4F4F4; border-right: 8px solid transparent; transform: translateY(16px);\"><\/div> <div style=\" background-color: #F4F4F4; flex-grow: 0; height: 12px; width: 16px; transform: translateY(-4px);\"><\/div> <div style=\" width: 0; height: 0; border-top: 8px solid #F4F4F4; border-left: 8px solid transparent; transform: translateY(-4px) translateX(8px);\"><\/div><\/div><\/div> <div style=\"display: flex; flex-direction: column; flex-grow: 1; justify-content: center; margin-bottom: 24px;\"> <div style=\" background-color: #F4F4F4; border-radius: 4px; flex-grow: 0; height: 14px; margin-bottom: 6px; width: 224px;\"><\/div> <div style=\" background-color: #F4F4F4; border-radius: 4px; flex-grow: 0; height: 14px; width: 144px;\"><\/div><\/div><\/a><\/div><\/blockquote><script async src=\"\/\/platform.instagram.com\/en_US\/embeds.js\"><\/script>\n<\/div><\/figure>\n\n\n\n<h2 class=\"wp-block-heading\">Romina Diez y LLA llevaron la pelea a toda la provincia<\/h2>\n\n\n\n<p class=\"wp-block-paragraph\">La conducci\u00f3n de <strong>La Libertad Avanza Santa Fe, encabezada por Romina Diez<\/strong>, convirti\u00f3 entonces el rechazo al proyecto en una batalla pol\u00edtica por la libertad de expresi\u00f3n.<\/p>\n\n\n\n<p class=\"wp-block-paragraph\">Concejales libertarios comenzaron a llevar el tema a sus respectivas ciudades y a exigir que los cuerpos legislativos locales se pronunciaran contra la iniciativa provincial.<\/p>\n\n\n\n<p class=\"wp-block-paragraph\">En Rafaela, por ejemplo, los concejales <strong>Milagros Zafra y Fabricio Dellasanta<\/strong> presentaron formalmente un proyecto para que el Concejo rechazara la iniciativa de Michlig por considerar que el uso de categor\u00edas jur\u00eddicas amplias para sancionar expresiones pod\u00eda afectar la libertad de expresi\u00f3n, el pluralismo pol\u00edtico y el debate democr\u00e1tico. El expediente qued\u00f3 registrado oficialmente en el Concejo rafaelino.<\/p>\n\n\n\n<p class=\"wp-block-paragraph\">La discusi\u00f3n se multiplic\u00f3.<\/p>\n\n\n\n<p class=\"wp-block-paragraph\">Lo que hab\u00eda conseguido una aprobaci\u00f3n un\u00e1nime y pr\u00e1cticamente autom\u00e1tica en el Senado comenz\u00f3 a convertirse en <strong>un costo pol\u00edtico para cada diputado que tuviera que levantar la mano para aprobarlo<\/strong>.<\/p>\n\n\n\n<p class=\"wp-block-paragraph\">Y el rechazo dej\u00f3 de ser exclusivamente libertario.<\/p>\n\n\n\n<p class=\"wp-block-paragraph\">Sectores de <strong>Somos Vida<\/strong> y hasta legisladores del <strong>justicialismo<\/strong>, como Miguel Rabbia, expresaron objeciones. La diputada provincial Silvia Malfesi se convirti\u00f3 adem\u00e1s en una de las voces parlamentarias m\u00e1s fuertes contra la iniciativa y advirti\u00f3 sobre la posibilidad de censura y autocensura.<\/p>\n\n\n\n<figure class=\"wp-block-image size-full\"><img fetchpriority=\"high\" decoding=\"async\" width=\"281\" height=\"371\" src=\"https:\/\/elliberador.com\/wp-content\/uploads\/2026\/09\/Captura-de-pantalla-2026-09-04-144741.png\" alt=\"\" class=\"wp-image-12167\" srcset=\"https:\/\/elliberador.com\/wp-content\/uploads\/2026\/09\/Captura-de-pantalla-2026-09-04-144741.png 281w, https:\/\/elliberador.com\/wp-content\/uploads\/2026\/09\/Captura-de-pantalla-2026-09-04-144741-227x300.png 227w\" sizes=\"(max-width: 281px) 100vw, 281px\" \/><\/figure>\n\n\n\n<h2 class=\"wp-block-heading\">Una ley con una arquitectura que record\u00f3 al chavismo<\/h2>\n\n\n\n<p class=\"wp-block-paragraph\">La comparaci\u00f3n con Venezuela tampoco apareci\u00f3 de la nada.<\/p>\n\n\n\n<p class=\"wp-block-paragraph\">En 2017, el r\u00e9gimen chavista sancion\u00f3 la denominada <strong>\u201cLey Constitucional contra el Odio, por la Convivencia Pac\u00edfica y la Tolerancia\u201d<\/strong>, construida tambi\u00e9n alrededor de conceptos como odio, hostigamiento, discriminaci\u00f3n, convivencia y paz, otorg\u00e1ndole al Estado facultades para sancionar expresiones.<\/p>\n\n\n\n<p class=\"wp-block-paragraph\">Las normas no son id\u00e9nticas: <strong>la venezolana es much\u00edsimo m\u00e1s extrema<\/strong>, contempla incluso penas de prisi\u00f3n de entre 10 y 20 a\u00f1os y sanciones espec\u00edficas contra medios y plataformas.<\/p>\n\n\n\n<p class=\"wp-block-paragraph\">Pero precisamente por eso cr\u00edticos libertarios se\u00f1alaron una similitud preocupante en la arquitectura conceptual: <strong>un Estado que primero define de manera amplia qu\u00e9 expresi\u00f3n considera intolerable y despu\u00e9s se concede a s\u00ed mismo la facultad de castigarla<\/strong>.<\/p>\n\n\n\n<p class=\"wp-block-paragraph\">En Santa Fe no se propon\u00eda prisi\u00f3n.<\/p>\n\n\n\n<p class=\"wp-block-paragraph\">Se propon\u00edan multas millonarias.<\/p>\n\n\n\n<p class=\"wp-block-paragraph\">Pero el principio que encendi\u00f3 las alarmas era el mismo: <strong>que el poder pol\u00edtico pudiera convertirse en \u00e1rbitro de los l\u00edmites de la opini\u00f3n p\u00fablica mediante categor\u00edas tan subjetivas como \u201cmenosprecio\u201d o \u201cnaturalizar hostilidad\u201d.<\/strong><\/p>\n\n\n\n<h2 class=\"wp-block-heading\">Del voto un\u00e1nime al caj\u00f3n<\/h2>\n\n\n\n<p class=\"wp-block-paragraph\">La resistencia termin\u00f3 teniendo consecuencias concretas.<\/p>\n\n\n\n<p class=\"wp-block-paragraph\">El proyecto hab\u00eda conseguido dictamen en las comisiones de <strong>Derechos y Garant\u00edas<\/strong> y <strong>Presupuesto y Hacienda<\/strong>, pero todav\u00eda necesitaba superar <strong>Asuntos Constitucionales y Legislaci\u00f3n General<\/strong>.<\/p>\n\n\n\n<p class=\"wp-block-paragraph\">No ocurri\u00f3.<\/p>\n\n\n\n<p class=\"wp-block-paragraph\">La iniciativa comenz\u00f3 a postergarse una y otra vez. Al 1 de septiembre segu\u00eda trabada en esa comisi\u00f3n, precisamente porque no exist\u00eda acuerdo sobre las sanciones ni sobre la constitucionalidad de una definici\u00f3n tan amplia.<\/p>\n\n\n\n<p class=\"wp-block-paragraph\">Finalmente, Diputados decidi\u00f3 <strong>no renovar la preferencia parlamentaria<\/strong>.<\/p>\n\n\n\n<p class=\"wp-block-paragraph\">Fuentes legislativas confirmaron que la falta de consenso y el vencimiento de los plazos sin una nueva pr\u00f3rroga hicieron caer el tratamiento. El proyecto qued\u00f3, en este tr\u00e1mite legislativo, <strong>sin camino hacia el recinto y con destino de archivo<\/strong>.<\/p>\n\n\n\n<p class=\"wp-block-paragraph\">La ley que el Senado hab\u00eda aprobado r\u00e1pidamente y por unanimidad <strong>ni siquiera consigui\u00f3 atravesar la \u00faltima comisi\u00f3n necesaria en Diputados<\/strong>.<\/p>\n\n\n\n<h2 class=\"wp-block-heading\">Cuando la sociedad mira, la pol\u00edtica calcula distinto<\/h2>\n\n\n\n<p class=\"wp-block-paragraph\">El episodio deja una ense\u00f1anza pol\u00edtica dif\u00edcil de ignorar.<\/p>\n\n\n\n<p class=\"wp-block-paragraph\">Mientras el expediente avanz\u00f3 sin atenci\u00f3n p\u00fablica, pr\u00e1cticamente nadie dentro del Senado quiso pagar el costo de rechazar una ley presentada bajo conceptos pol\u00edticamente atractivos como \u201cpaz\u201d, \u201crespeto\u201d y \u201cconvivencia\u201d.<\/p>\n\n\n\n<p class=\"wp-block-paragraph\"><strong>La votaron todos los presentes.<\/strong><\/p>\n\n\n\n<p class=\"wp-block-paragraph\">Cuando comenzaron a conocerse las multas, las definiciones ambiguas y la posibilidad de que el Estado sancionara expresiones, ocurri\u00f3 algo diferente.<\/p>\n\n\n\n<p class=\"wp-block-paragraph\">El expediente dej\u00f3 de ser invisible.<\/p>\n\n\n\n<p class=\"wp-block-paragraph\">Primero <strong>Ludmila Radolovich lo puso bajo la lupa desde El Liberador<\/strong>. Despu\u00e9s, <strong>Romina Diez y la estructura territorial de La Libertad Avanza Santa Fe llevaron la discusi\u00f3n a las redes y a los concejos de la provincia<\/strong>. A eso se sumaron legisladores provinciales, dirigentes de otros espacios y miles de ciudadanos que comenzaron a exigir explicaciones.<\/p>\n\n\n\n<p class=\"wp-block-paragraph\">Y lo que era pol\u00edticamente sencillo dej\u00f3 de serlo.<\/p>\n\n\n\n<p class=\"wp-block-paragraph\">Ning\u00fan diputado quer\u00eda quedar asociado para siempre a una votaci\u00f3n que pudiera ser recordada como <strong>una mancha contra la libertad de expresi\u00f3n en Santa Fe<\/strong>.<\/p>\n\n\n\n<p class=\"wp-block-paragraph\">Por ahora, el proyecto cay\u00f3.<\/p>\n\n\n\n<p class=\"wp-block-paragraph\">Eso no significa que la discusi\u00f3n haya desaparecido para siempre. Un expediente puede reformularse, volver bajo otra redacci\u00f3n o reaparecer en el futuro.<\/p>\n\n\n\n<p class=\"wp-block-paragraph\">Por eso habr\u00e1 que mirar especialmente qu\u00e9 ocurre cuando disminuya la atenci\u00f3n p\u00fablica.<\/p>\n\n\n\n<p class=\"wp-block-paragraph\">Porque si algo demostr\u00f3 esta historia es precisamente lo contrario de lo que propon\u00eda aquella ley:<\/p>\n\n\n\n<p class=\"wp-block-paragraph\"><strong>la mejor defensa frente a las ideas que incomodan al poder no es silenciarlas. Es que haya m\u00e1s ciudadanos hablando, m\u00e1s periodistas investigando y m\u00e1s ojos mirando lo que hacen sus representantes.<\/strong><\/p>\n\n\n\n<p class=\"wp-block-paragraph\">Esta vez, la presi\u00f3n funcion\u00f3.<\/p>\n\n\n\n<p class=\"wp-block-paragraph\"><strong>Una ley aprobada por unanimidad en el Senado termin\u00f3 frenada cuando dej\u00f3 de pasar desapercibida.<\/strong><\/p>\n","protected":false},"excerpt":{"rendered":"<p>El proyecto impulsado en el Senado por Felipe Michlig qued\u00f3 sin preferencia parlamentaria y camino al archivo despu\u00e9s de semanas de rechazo. El Liberador encendi\u00f3 la alarma con una investigaci\u00f3n de Ludmila Radolovich y LLA Santa Fe, con Romina Diez a la cabeza, llev\u00f3 la discusi\u00f3n a los concejos y las redes.<\/p>\n","protected":false},"author":2,"featured_media":12168,"comment_status":"open","ping_status":"open","sticky":false,"template":"","format":"standard","meta":{"_acf_changed":false,"advanced_seo_description":"","jetpack_seo_html_title":"","jetpack_seo_noindex":false,"jetpack_seo_schema_type":"","_jetpack_newsletter_access":"","_jetpack_dont_email_post_to_subs":false,"_jetpack_newsletter_tier_id":0,"_jetpack_memberships_contains_paywalled_content":false,"_jetpack_feature_clip_id":0,"_jetpack_memberships_contains_paid_content":false,"footnotes":"","jetpack_post_was_ever_published":false},"categories":[4,598],"tags":[20,2039,1974,47,1333,869,56,135],"class_list":["post-12166","post","type-post","status-publish","format-standard","has-post-thumbnail","hentry","category-politica","category-santa-fe","tag-destacados","tag-discurso-de-odio","tag-felipe-michlig","tag-la-libertad-avanza","tag-ludmila-radolovich","tag-maximiliano-pullaro","tag-milei","tag-romina-diez"],"acf":[],"jetpack_featured_media_url":"https:\/\/elliberador.com\/wp-content\/uploads\/2026\/09\/0bb19d49-0572-40c6-8e00-f7492b492120.webp","jetpack_sharing_enabled":true,"_links":{"self":[{"href":"https:\/\/elliberador.com\/index.php\/wp-json\/wp\/v2\/posts\/12166","targetHints":{"allow":["GET"]}}],"collection":[{"href":"https:\/\/elliberador.com\/index.php\/wp-json\/wp\/v2\/posts"}],"about":[{"href":"https:\/\/elliberador.com\/index.php\/wp-json\/wp\/v2\/types\/post"}],"author":[{"embeddable":true,"href":"https:\/\/elliberador.com\/index.php\/wp-json\/wp\/v2\/users\/2"}],"replies":[{"embeddable":true,"href":"https:\/\/elliberador.com\/index.php\/wp-json\/wp\/v2\/comments?post=12166"}],"version-history":[{"count":2,"href":"https:\/\/elliberador.com\/index.php\/wp-json\/wp\/v2\/posts\/12166\/revisions"}],"predecessor-version":[{"id":12170,"href":"https:\/\/elliberador.com\/index.php\/wp-json\/wp\/v2\/posts\/12166\/revisions\/12170"}],"wp:featuredmedia":[{"embeddable":true,"href":"https:\/\/elliberador.com\/index.php\/wp-json\/wp\/v2\/media\/12168"}],"wp:attachment":[{"href":"https:\/\/elliberador.com\/index.php\/wp-json\/wp\/v2\/media?parent=12166"}],"wp:term":[{"taxonomy":"category","embeddable":true,"href":"https:\/\/elliberador.com\/index.php\/wp-json\/wp\/v2\/categories?post=12166"},{"taxonomy":"post_tag","embeddable":true,"href":"https:\/\/elliberador.com\/index.php\/wp-json\/wp\/v2\/tags?post=12166"}],"curies":[{"name":"wp","href":"https:\/\/api.w.org\/{rel}","templated":true}]}}