{"id":12171,"date":"2026-09-04T16:09:03","date_gmt":"2026-09-04T19:09:03","guid":{"rendered":"https:\/\/elliberador.com\/?p=12171"},"modified":"2026-09-05T12:07:33","modified_gmt":"2026-09-05T15:07:33","slug":"a-schmuck-le-molesto-la-presencia-libertaria-en-el-concejo-de-rosario-pero-el-jefe-de-bloque-volpe-le-freno-el-carro","status":"publish","type":"post","link":"https:\/\/elliberador.com\/index.php\/2026\/09\/04\/a-schmuck-le-molesto-la-presencia-libertaria-en-el-concejo-de-rosario-pero-el-jefe-de-bloque-volpe-le-freno-el-carro\/","title":{"rendered":"A Schmuck le molest\u00f3 la presencia libertaria en el Concejo de Rosario, pero el jefe de bloque Volpe le fren\u00f3 el carro"},"content":{"rendered":"\n<p class=\"wp-block-paragraph\">La presencia de <strong>La Libertad Avanza (LLA)<\/strong> volvi\u00f3 a incomodar al oficialismo rosarino. Durante la sesi\u00f3n de este jueves en el Concejo de Rosario, un grupo de j\u00f3venes, militantes y referentes libertarios ocup\u00f3 la tribuna para presenciar la sesi\u00f3n y acompa\u00f1ar el trabajo de los concejales de su espacio y seguir el tratamiento de sus proyectos para la ciudad.<\/p>\n\n\n\n<p class=\"wp-block-paragraph\">Cada vez que los ediles libertarios interven\u00edan, los asistentes manifestaban su respaldo mediante aplausos y expresiones de aprobaci\u00f3n. Esa demostraci\u00f3n pol\u00edtica pareciera que molest\u00f3 a la presidente del cuerpo, <strong>Mar\u00eda Eugenia Schmuck<\/strong>, quien interrumpi\u00f3 el desarrollo de la sesi\u00f3n para reprender a quienes se encontraban en la tribuna.<\/p>\n\n\n\n<p class=\"wp-block-paragraph\">\u00ab<strong>Esto no es el Congreso de la Naci\u00f3n y yo no soy Mart\u00edn Menem<\/strong>\u00ab, lanz\u00f3 la dirigente radical, introduciendo una innecesaria chicana partidaria mientras ejerc\u00eda la presidencia de una instituci\u00f3n que deber\u00eda conducir con imparcialidad.<\/p>\n\n\n\n<p class=\"wp-block-paragraph\">Schmuck fue todav\u00eda m\u00e1s lejos y amenaz\u00f3 directamente a los asistentes: \u00ab<strong>Una palabra m\u00e1s y hago desalojar<\/strong>\u00ab.<\/p>\n\n\n\n<figure class=\"wp-block-video\"><video height=\"900\" style=\"aspect-ratio: 720 \/ 900;\" width=\"720\" controls src=\"https:\/\/elliberador.com\/wp-content\/uploads\/2026\/09\/Video-Schmuck.mp4\"><\/video><\/figure>\n\n\n\n<h2 class=\"wp-block-heading\">El reglamento apareci\u00f3 cuando los aplausos fueron para LLA<\/h2>\n\n\n\n<p class=\"wp-block-paragraph\">La reacci\u00f3n de la presidenta del Concejo despert\u00f3 fuertes cuestionamientos por la evidente <strong>doble vara<\/strong> utilizada para controlar al p\u00fablico que concurre a las sesiones.<\/p>\n\n\n\n<p class=\"wp-block-paragraph\">En otras oportunidades ingresaron al recinto agrupaciones pol\u00edticas, sindicales y sociales que cantaron, gritaron, silbaron e incluso se dirigieron de manera prepotente contra determinados concejales. Sin embargo, seg\u00fan record\u00f3 el jefe del bloque de <strong>La Libertad Avanza<\/strong>, <strong>Franco Volpe<\/strong>, Schmuck nunca mostr\u00f3 frente a esos sectores el mismo rigor ni lanz\u00f3 amenazas tan contundentes.<\/p>\n\n\n\n<p class=\"wp-block-paragraph\">Esta vez no se trataba de un grupo que buscaba impedir el debate ni intimidar a los representantes de otra fuerza. Eran j\u00f3venes y referentes libertarios que hab\u00edan acudido a respaldar el trabajo legislativo de sus concejales y a celebrar las iniciativas que consideraban positivas para Rosario.<\/p>\n\n\n\n<p class=\"wp-block-paragraph\">Pero el crecimiento y la visibilidad de las ideas de la libertad en la Ciudad de Rosario parecen incomodar cada vez m\u00e1s al oficialismo municipal. Aquello que en otros sectores es presentado como militancia, participaci\u00f3n ciudadana o acompa\u00f1amiento pol\u00edtico, se convirti\u00f3 repentinamente en una conducta intolerable cuando los aplausos estuvieron destinados a los ediles propios.<\/p>\n\n\n\n<p class=\"wp-block-paragraph\">La propia intervenci\u00f3n de Schmuck profundiz\u00f3 el conflicto. Lejos de limitarse a realizar un llamado general al orden, personaliz\u00f3 la discusi\u00f3n, introdujo una referencia contra Mart\u00edn Menem y utiliz\u00f3 su posici\u00f3n institucional para intentar disciplinar a quienes hab\u00edan concurrido a apoyar a LLA.<\/p>\n\n\n\n<h2 class=\"wp-block-heading\">Volpe denunci\u00f3 la doble vara y recibi\u00f3 el respaldo de Romina Diez<\/h2>\n\n\n\n<p class=\"wp-block-paragraph\">El presidente del bloque de La Libertad Avanza, <strong>Franco Volpe<\/strong>, respondi\u00f3 al destrato y cuestion\u00f3 que las reglas cambien seg\u00fan la identidad pol\u00edtica de quienes ocupan la tribuna.<\/p>\n\n\n\n<p class=\"wp-block-paragraph\">El concejal record\u00f3 que otros sectores acuden regularmente al recinto, cantan, silban y manifiestan abiertamente su respaldo sin que nadie amenace con desalojarlos. Sin embargo, cuando el acompa\u00f1amiento est\u00e1 dirigido hacia los representantes libertarios<strong> <\/strong>parece que las reglas cambian.<strong> \u00abLa Franja Morada cuando vino me chifl\u00f3<\/strong>\u00ab, apunt\u00f3.<\/p>\n\n\n\n<p class=\"wp-block-paragraph\">El edil reclam\u00f3 a su vez que el reglamento se aplique de manera uniforme y sin privilegios para los espacios cercanos al oficialismo. \u00ab<strong>La libertad de expresi\u00f3n y las reglas del Concejo tienen que valer para todos<\/strong>\u00ab, sostuvo.<\/p>\n\n\n\n<p class=\"wp-block-paragraph\">La respuesta dej\u00f3 en evidencia que el reclamo libertario no consiste en eliminar las normas de convivencia dentro del recinto, sino en impedir que sean utilizadas selectivamente para silenciar o amedrentar a una fuerza pol\u00edtica determinada.<\/p>\n\n\n\n<p class=\"wp-block-paragraph\">La pol\u00e9mica trascendi\u00f3 r\u00e1pidamente el Palacio Vasallo y provoc\u00f3 la intervenci\u00f3n de la diputada nacional <strong>Romina Diez<\/strong>, quien sali\u00f3 a respaldar p\u00fablicamente a Volpe.<\/p>\n\n\n\n<p class=\"wp-block-paragraph\">La principal referente de La Libertad Avanza en Santa Fe comparti\u00f3 la respuesta del concejal y lanz\u00f3 una contundente chicana contra Schmuck: \u00ab<strong>Dijo la que no la registra ni su partido\u2026 Gran concejal<\/strong> <strong>Volpe<\/strong>\u00ab.<\/p>\n\n\n\n<blockquote class=\"twitter-tweet\"><p lang=\"es\" dir=\"ltr\">Dijo la que no la registra ni su partido\u2026 \ud83e\udd2d<br>Gran Concejal <a href=\"https:\/\/x.com\/FrancoVolpeOK?ref_src=twsrc%5Etfw\">@FrancoVolpeOK<\/a> <br>\ud83d\udc4f\ud83d\udc4f\ud83d\udc4f\ud83d\udc4f <a href=\"https:\/\/t.co\/zA8zXYJDPe\">https:\/\/t.co\/zA8zXYJDPe<\/a><\/p>&mdash; Romina Diez (@romidiezok) <a href=\"https:\/\/x.com\/romidiezok\/status\/2095938078988800201?ref_src=twsrc%5Etfw\">September 4, 2026<\/a><\/blockquote> <script async src=\"https:\/\/platform.x.com\/widgets.js\" charset=\"utf-8\"><\/script>\n\n\n\n<p class=\"wp-block-paragraph\">El mensaje de Diez represent\u00f3 un apoyo directo al trabajo del bloque de La Libertad Avanza en el Concejo de Rosario. Tambi\u00e9n mostr\u00f3 que el espacio no dejar\u00e1 pasar los intentos de disciplinamiento contra sus representantes ni contra quienes decidan acompa\u00f1arlos.<\/p>\n\n\n\n<p class=\"wp-block-paragraph\">En las redes sociales, numerosos usuarios cuestionaron el tono utilizado por Schmuck y describieron su reacci\u00f3n como una muestra de soberbia, prepotencia y parcialidad. Tambi\u00e9n remarcaron la contradicci\u00f3n de invocar el respeto hacia quienes piensan distinto mientras se amenaza con desalojar a quienes simplemente expresan su respaldo a otra fuerza pol\u00edtica.<\/p>\n\n\n\n<p class=\"wp-block-paragraph\">El episodio dej\u00f3 expuesto el verdadero problema: <strong>no fueron los aplausos los que incomodaron a Schmuck, sino que esos aplausos estuvieran dirigidos a La Libertad Avanza<\/strong>.<\/p>\n\n\n\n<p class=\"wp-block-paragraph\"><\/p>\n","protected":false},"excerpt":{"rendered":"<p>J\u00f3venes y referentes de La Libertad Avanza asistieron a la sesi\u00f3n del Concejo para acompa\u00f1ar el trabajo de sus representantes. El respaldo a los proyectos libertarios incomod\u00f3 a la presidente del cuerpo, quien reaccion\u00f3 con amenazas y recibi\u00f3 una contundente respuesta del concejal Franco Volpe y la diputada nacional Romina Diez.<\/p>\n","protected":false},"author":2,"featured_media":12173,"comment_status":"open","ping_status":"open","sticky":false,"template":"","format":"standard","meta":{"_acf_changed":false,"advanced_seo_description":"","jetpack_seo_html_title":"","jetpack_seo_noindex":false,"jetpack_seo_schema_type":"","_jetpack_newsletter_access":"","_jetpack_dont_email_post_to_subs":false,"_jetpack_newsletter_tier_id":0,"_jetpack_memberships_contains_paywalled_content":false,"_jetpack_feature_clip_id":0,"_jetpack_memberships_contains_paid_content":false,"footnotes":"","jetpack_post_was_ever_published":false},"categories":[4],"tags":[760,20,2454,47,48,2455,135,43,2456],"class_list":["post-12171","post","type-post","status-publish","format-standard","has-post-thumbnail","hentry","category-politica","tag-concejo","tag-destacados","tag-franco-volpe","tag-la-libertad-avanza","tag-lla","tag-maria-eugenia-schmuck","tag-romina-diez","tag-rosario","tag-schmuck"],"acf":[],"jetpack_featured_media_url":"https:\/\/elliberador.com\/wp-content\/uploads\/2026\/09\/volpe-schmuck.webp","jetpack_sharing_enabled":true,"_links":{"self":[{"href":"https:\/\/elliberador.com\/index.php\/wp-json\/wp\/v2\/posts\/12171","targetHints":{"allow":["GET"]}}],"collection":[{"href":"https:\/\/elliberador.com\/index.php\/wp-json\/wp\/v2\/posts"}],"about":[{"href":"https:\/\/elliberador.com\/index.php\/wp-json\/wp\/v2\/types\/post"}],"author":[{"embeddable":true,"href":"https:\/\/elliberador.com\/index.php\/wp-json\/wp\/v2\/users\/2"}],"replies":[{"embeddable":true,"href":"https:\/\/elliberador.com\/index.php\/wp-json\/wp\/v2\/comments?post=12171"}],"version-history":[{"count":1,"href":"https:\/\/elliberador.com\/index.php\/wp-json\/wp\/v2\/posts\/12171\/revisions"}],"predecessor-version":[{"id":12174,"href":"https:\/\/elliberador.com\/index.php\/wp-json\/wp\/v2\/posts\/12171\/revisions\/12174"}],"wp:featuredmedia":[{"embeddable":true,"href":"https:\/\/elliberador.com\/index.php\/wp-json\/wp\/v2\/media\/12173"}],"wp:attachment":[{"href":"https:\/\/elliberador.com\/index.php\/wp-json\/wp\/v2\/media?parent=12171"}],"wp:term":[{"taxonomy":"category","embeddable":true,"href":"https:\/\/elliberador.com\/index.php\/wp-json\/wp\/v2\/categories?post=12171"},{"taxonomy":"post_tag","embeddable":true,"href":"https:\/\/elliberador.com\/index.php\/wp-json\/wp\/v2\/tags?post=12171"}],"curies":[{"name":"wp","href":"https:\/\/api.w.org\/{rel}","templated":true}]}}