{"id":1435,"date":"2025-04-18T02:59:24","date_gmt":"2025-04-18T00:59:24","guid":{"rendered":"https:\/\/elliberador.com\/?p=1435"},"modified":"2025-04-19T18:21:50","modified_gmt":"2025-04-19T16:21:50","slug":"el-gobierno-acelera-en-un-decreto-para-eliminar-24-organismos-publicos-fusionar-15-y-reformar-16","status":"publish","type":"post","link":"https:\/\/elliberador.com\/index.php\/2025\/04\/18\/el-gobierno-acelera-en-un-decreto-para-eliminar-24-organismos-publicos-fusionar-15-y-reformar-16\/","title":{"rendered":"El gobierno acelera en un decreto para eliminar 24 organismos p\u00fablicos, fusionar 15 y reformar 16"},"content":{"rendered":"\n<p class=\"has-medium-font-size\">Luego de la sorpresiva liberaci\u00f3n del mercado cambiario, el Gobierno de Javier Milei se prepara para avanzar con una nueva fase de su programa de reformas estructurales: una profunda reestructuraci\u00f3n del aparato estatal. La medida, que forma parte de la agenda liderada por el Ministerio de Desregulaci\u00f3n y Transformaci\u00f3n del Estado, a cargo de Federico Sturzenegger, busca reducir el tama\u00f1o del Estado a trav\u00e9s de la eliminaci\u00f3n, fusi\u00f3n y transformaci\u00f3n de decenas de organismos p\u00fablicos.<\/p>\n\n\n\n<p class=\"has-medium-font-size\">Aunque el anuncio oficial estaba previsto para esta semana, la Casa Rosada decidi\u00f3 postergarlo temporalmente para mantener el foco sobre el impacto econ\u00f3mico de la salida del cepo. Sin embargo, fuentes oficiales aseguran que la decisi\u00f3n est\u00e1 tomada y que se instrumentar\u00e1 en breve mediante uno o varios Decretos de Necesidad y Urgencia (DNU).<\/p>\n\n\n\n<p class=\"has-medium-font-size\">Seg\u00fan trascendi\u00f3, el plan contempla la eliminaci\u00f3n de al menos 24 organismos p\u00fablicos, la fusi\u00f3n de otros 15 y la transformaci\u00f3n de 16 dependencias. El objetivo declarado por el Ejecutivo es terminar con las \u201cduplicidades burocr\u00e1ticas\u201d y reorganizar las funciones del Estado bajo criterios de eficiencia, austeridad y modernizaci\u00f3n.<\/p>\n\n\n\n<p class=\"has-medium-font-size\">La iniciativa se enmarca en la visi\u00f3n del Gobierno de avanzar hacia un modelo de Estado m\u00e1s liviano, con menos estructuras administrativas y un enfoque centrado en resultados. \u201cNo se trata solo de achicar por achicar, sino de transformar un Estado obeso y disfuncional en una m\u00e1quina eficiente al servicio del ciudadano\u201d, explicaron desde el entorno de Sturzenegger.<\/p>\n\n\n\n<p class=\"has-medium-font-size\">Con esta ofensiva administrativa, Milei busca consolidar su impronta reformista tras los primeros grandes movimientos econ\u00f3micos del a\u00f1o, y preparar el terreno para futuras reformas legislativas que el oficialismo prev\u00e9 impulsar en el Congreso durante el segundo semestre.<\/p>\n\n\n\n<p><\/p>\n","protected":false},"excerpt":{"rendered":"<p>Luego de la sorpresiva liberaci&oacute;n del mercado cambiario, el Gobierno de Javier Milei se prepara&#8230;<\/p>\n","protected":false},"author":2,"featured_media":1472,"comment_status":"open","ping_status":"open","sticky":false,"template":"","format":"standard","meta":{"_acf_changed":false,"advanced_seo_description":"","jetpack_seo_html_title":"","jetpack_seo_noindex":false,"_jetpack_memberships_contains_paid_content":false,"footnotes":""},"categories":[4],"tags":[20],"class_list":["post-1435","post","type-post","status-publish","format-standard","has-post-thumbnail","hentry","category-politica","tag-destacados"],"acf":[],"jetpack_featured_media_url":"https:\/\/elliberador.com\/wp-content\/uploads\/2025\/04\/milei-stur.jpg","jetpack_sharing_enabled":true,"_links":{"self":[{"href":"https:\/\/elliberador.com\/index.php\/wp-json\/wp\/v2\/posts\/1435","targetHints":{"allow":["GET"]}}],"collection":[{"href":"https:\/\/elliberador.com\/index.php\/wp-json\/wp\/v2\/posts"}],"about":[{"href":"https:\/\/elliberador.com\/index.php\/wp-json\/wp\/v2\/types\/post"}],"author":[{"embeddable":true,"href":"https:\/\/elliberador.com\/index.php\/wp-json\/wp\/v2\/users\/2"}],"replies":[{"embeddable":true,"href":"https:\/\/elliberador.com\/index.php\/wp-json\/wp\/v2\/comments?post=1435"}],"version-history":[{"count":2,"href":"https:\/\/elliberador.com\/index.php\/wp-json\/wp\/v2\/posts\/1435\/revisions"}],"predecessor-version":[{"id":1445,"href":"https:\/\/elliberador.com\/index.php\/wp-json\/wp\/v2\/posts\/1435\/revisions\/1445"}],"wp:featuredmedia":[{"embeddable":true,"href":"https:\/\/elliberador.com\/index.php\/wp-json\/wp\/v2\/media\/1472"}],"wp:attachment":[{"href":"https:\/\/elliberador.com\/index.php\/wp-json\/wp\/v2\/media?parent=1435"}],"wp:term":[{"taxonomy":"category","embeddable":true,"href":"https:\/\/elliberador.com\/index.php\/wp-json\/wp\/v2\/categories?post=1435"},{"taxonomy":"post_tag","embeddable":true,"href":"https:\/\/elliberador.com\/index.php\/wp-json\/wp\/v2\/tags?post=1435"}],"curies":[{"name":"wp","href":"https:\/\/api.w.org\/{rel}","templated":true}]}}