{"id":1438,"date":"2025-04-18T03:20:17","date_gmt":"2025-04-18T01:20:17","guid":{"rendered":"https:\/\/elliberador.com\/?p=1438"},"modified":"2025-04-23T19:38:31","modified_gmt":"2025-04-23T22:38:31","slug":"se-cumplen-50-anos-de-golpe-comunista-que-dejo-17-millones-de-muertos-en-4-anos","status":"publish","type":"post","link":"https:\/\/elliberador.com\/index.php\/2025\/04\/18\/se-cumplen-50-anos-de-golpe-comunista-que-dejo-17-millones-de-muertos-en-4-anos\/","title":{"rendered":"Se cumplen 50 a\u00f1os de golpe comunista que dej\u00f3 1,7 millones de muertos en 4 a\u00f1os"},"content":{"rendered":"\n<figure class=\"wp-block-image size-full\"><img fetchpriority=\"high\" decoding=\"async\" width=\"474\" height=\"237\" src=\"https:\/\/elliberador.com\/wp-content\/uploads\/2025\/04\/OIP-2.jpeg\" alt=\"\" class=\"wp-image-1439\" srcset=\"https:\/\/elliberador.com\/wp-content\/uploads\/2025\/04\/OIP-2.jpeg 474w, https:\/\/elliberador.com\/wp-content\/uploads\/2025\/04\/OIP-2-300x150.jpeg 300w\" sizes=\"(max-width: 474px) 100vw, 474px\" \/><\/figure>\n\n\n\n<p class=\"has-medium-font-size\">Pol Pot y la pesadilla comunista en Camboya: cuando el Estado lo controla todo<\/p>\n\n\n\n<p class=\"has-medium-font-size\">El 17 de abril de 1975, las tropas de los Jemeres Rojos tomaban Phnom Penh, la capital de Camboya. Comenzaba as\u00ed uno de los reg\u00edmenes m\u00e1s brutales del siglo XX, liderado por Pol Pot, cuyo objetivo declarado era construir una sociedad comunista pura, sin clases, sin propiedad privada, sin mercado\u2026 y sin libertad.<\/p>\n\n\n\n<p class=\"has-medium-font-size\">Lo que sigui\u00f3 fue un experimento totalitario extremo. El nuevo r\u00e9gimen aboli\u00f3 el dinero, cerr\u00f3 bancos, prohibi\u00f3 las escuelas, la religi\u00f3n y el comercio. Las ciudades fueron vaciadas a la fuerza y millones de personas fueron trasladadas al campo, convertidas en esclavos del Estado en \u201ccomunas agrarias\u201d. Propiedad privada: eliminada. Empresa privada: proscripta. Libertad individual: inexistente.<\/p>\n\n\n\n<p class=\"has-medium-font-size\">En nombre de una supuesta justicia social y pureza ideol\u00f3gica, casi dos millones de personas fueron asesinadas entre 1975 y 1979: opositores, profesionales, religiosos, comerciantes, incluso personas que usaban anteojos, s\u00edmbolo \u2014seg\u00fan el r\u00e9gimen\u2014 de \u201cintelectualismo burgu\u00e9s\u201d. El Estado no solo controlaba la econom\u00eda: controlaba la vida y la muerte.<\/p>\n\n\n\n<p class=\"has-medium-font-size\">Pol Pot so\u00f1aba con la utop\u00eda colectivista. Termin\u00f3 construyendo un infierno. Su ca\u00edda lleg\u00f3 en 1979, tras una invasi\u00f3n vietnamita. Pero el da\u00f1o ya estaba hecho. Camboya qued\u00f3 devastada, social y econ\u00f3micamente. El trauma perdura hasta hoy.<\/p>\n\n\n\n<figure class=\"wp-block-image size-full\"><img decoding=\"async\" width=\"480\" height=\"596\" src=\"https:\/\/elliberador.com\/wp-content\/uploads\/2025\/04\/R-1.jpeg\" alt=\"\" class=\"wp-image-1440\" srcset=\"https:\/\/elliberador.com\/wp-content\/uploads\/2025\/04\/R-1.jpeg 480w, https:\/\/elliberador.com\/wp-content\/uploads\/2025\/04\/R-1-242x300.jpeg 242w\" sizes=\"(max-width: 480px) 100vw, 480px\" \/><\/figure>\n\n\n\n<p class=\"has-medium-font-size\"><strong>Lecciones para la libertad<\/strong><\/p>\n\n\n\n<p class=\"has-medium-font-size\">Lo ocurrido en Camboya no es un desv\u00edo del comunismo: es su consecuencia l\u00f3gica cuando se lleva a su extremo. Cuando el Estado concentra todo el poder, elimina al individuo y lo subordina al colectivo, los derechos humanos desaparecen. El terror no es una anomal\u00eda: es la herramienta necesaria para sostener la utop\u00eda imposible.<\/p>\n\n\n\n<p class=\"has-medium-font-size\">Desde una mirada liberal libertaria, el caso de Pol Pot es una advertencia sobre los peligros del estatismo radical. Nos recuerda que la libertad \u2014econ\u00f3mica, pol\u00edtica, personal\u2014 no es negociable. Que all\u00ed donde el Estado se convierte en amo absoluto, la vida humana se convierte en un dato descartable.<\/p>\n\n\n\n<p class=\"has-medium-font-size\">El siglo XX fue testigo de los peores cr\u00edmenes en nombre de las mejores intenciones. El de Camboya fue uno de los m\u00e1s oscuros. Recordarlo no es solo un acto de memoria: es una defensa activa de la libertad.<\/p>\n\n\n\n<p><\/p>\n","protected":false},"excerpt":{"rendered":"<p>Pol Pot y la pesadilla comunista en Camboya: cuando el Estado lo controla todo El&#8230;<\/p>\n","protected":false},"author":2,"featured_media":1439,"comment_status":"open","ping_status":"open","sticky":false,"template":"","format":"standard","meta":{"_acf_changed":false,"advanced_seo_description":"","jetpack_seo_html_title":"","jetpack_seo_noindex":false,"_jetpack_memberships_contains_paid_content":false,"footnotes":""},"categories":[34],"tags":[],"class_list":["post-1438","post","type-post","status-publish","format-standard","has-post-thumbnail","hentry","category-efemerides"],"acf":[],"jetpack_featured_media_url":"https:\/\/elliberador.com\/wp-content\/uploads\/2025\/04\/OIP-2.jpeg","jetpack_sharing_enabled":true,"_links":{"self":[{"href":"https:\/\/elliberador.com\/index.php\/wp-json\/wp\/v2\/posts\/1438","targetHints":{"allow":["GET"]}}],"collection":[{"href":"https:\/\/elliberador.com\/index.php\/wp-json\/wp\/v2\/posts"}],"about":[{"href":"https:\/\/elliberador.com\/index.php\/wp-json\/wp\/v2\/types\/post"}],"author":[{"embeddable":true,"href":"https:\/\/elliberador.com\/index.php\/wp-json\/wp\/v2\/users\/2"}],"replies":[{"embeddable":true,"href":"https:\/\/elliberador.com\/index.php\/wp-json\/wp\/v2\/comments?post=1438"}],"version-history":[{"count":3,"href":"https:\/\/elliberador.com\/index.php\/wp-json\/wp\/v2\/posts\/1438\/revisions"}],"predecessor-version":[{"id":1733,"href":"https:\/\/elliberador.com\/index.php\/wp-json\/wp\/v2\/posts\/1438\/revisions\/1733"}],"wp:featuredmedia":[{"embeddable":true,"href":"https:\/\/elliberador.com\/index.php\/wp-json\/wp\/v2\/media\/1439"}],"wp:attachment":[{"href":"https:\/\/elliberador.com\/index.php\/wp-json\/wp\/v2\/media?parent=1438"}],"wp:term":[{"taxonomy":"category","embeddable":true,"href":"https:\/\/elliberador.com\/index.php\/wp-json\/wp\/v2\/categories?post=1438"},{"taxonomy":"post_tag","embeddable":true,"href":"https:\/\/elliberador.com\/index.php\/wp-json\/wp\/v2\/tags?post=1438"}],"curies":[{"name":"wp","href":"https:\/\/api.w.org\/{rel}","templated":true}]}}