{"id":1446,"date":"2025-04-19T02:16:54","date_gmt":"2025-04-19T00:16:54","guid":{"rendered":"https:\/\/elliberador.com\/?p=1446"},"modified":"2025-04-19T18:19:05","modified_gmt":"2025-04-19T16:19:05","slug":"supermercadistas-emiten-un-comunicado-un-freno-al-intervencionismo-y-una-apuesta-al-orden-espontaneo","status":"publish","type":"post","link":"https:\/\/elliberador.com\/index.php\/2025\/04\/19\/supermercadistas-emiten-un-comunicado-un-freno-al-intervencionismo-y-una-apuesta-al-orden-espontaneo\/","title":{"rendered":"Supermercadistas emiten un comunicado: un freno al intervencionismo y una apuesta al orden espont\u00e1neo"},"content":{"rendered":"\n<p class=\"has-medium-font-size\">La C\u00e1mara Argentina de Supermercados (CAS) y la Federaci\u00f3n Argentina de Supermercados y Autoservicios (FASA) emitieron un comunicado en el que respaldan las recientes medidas del Poder Ejecutivo tendientes a desregular la econom\u00eda: unificaci\u00f3n cambiaria, eliminaci\u00f3n del cepo y retorno progresivo a precios libres. Las entidades reconocieron el efecto inmediato de estas decisiones en los mercados \u2014especialmente en la estabilizaci\u00f3n del tipo de cambio\u2014 como una se\u00f1al positiva de cara a una reconfiguraci\u00f3n institucional de corte liberal.<\/p>\n\n\n\n<p class=\"has-medium-font-size\">En l\u00ednea con esta transici\u00f3n hacia un marco de reglas claras y previsibilidad, CAS y FASA subrayaron que no convalidar\u00e1n listas de precios con aumentos injustificados. Esto implica una toma de posici\u00f3n frente a proveedores que, en un contexto de apertura, a\u00fan operan con l\u00f3gicas heredadas del esquema de econom\u00eda dirigida.<\/p>\n\n\n\n<p class=\"has-medium-font-size\">\u201cDefender el poder de compra del consumidor es tambi\u00e9n defender el rol que cumple en la formaci\u00f3n de precios\u201d, se\u00f1alaron las entidades. En otras palabras, se reconoce que la \u00fanica fuente leg\u00edtima de precios es la imputaci\u00f3n subjetiva que el consumidor hace en el margen, principio fundamental de la teor\u00eda del valor desarrollada por Carl Menger y continuada por la Escuela Austriaca.<\/p>\n\n\n\n<p class=\"has-medium-font-size\">El comunicado, lejos de ser un gesto aislado, refleja una comprensi\u00f3n m\u00e1s profunda de la din\u00e1mica de mercado: en ausencia de expansi\u00f3n monetaria descontrolada, la inflaci\u00f3n no tiene sustento. Por tanto, los aumentos generalizados y arbitrarios pierden fundamento t\u00e9cnico y econ\u00f3mico.<\/p>\n\n\n\n<figure class=\"wp-block-image size-large\"><img fetchpriority=\"high\" decoding=\"async\" width=\"583\" height=\"1024\" src=\"https:\/\/elliberador.com\/wp-content\/uploads\/2025\/04\/GowUW0QWwAEHmRW-583x1024.jpeg\" alt=\"\" class=\"wp-image-1447\" srcset=\"https:\/\/elliberador.com\/wp-content\/uploads\/2025\/04\/GowUW0QWwAEHmRW-583x1024.jpeg 583w, https:\/\/elliberador.com\/wp-content\/uploads\/2025\/04\/GowUW0QWwAEHmRW-171x300.jpeg 171w, https:\/\/elliberador.com\/wp-content\/uploads\/2025\/04\/GowUW0QWwAEHmRW-768x1348.jpeg 768w, https:\/\/elliberador.com\/wp-content\/uploads\/2025\/04\/GowUW0QWwAEHmRW-875x1536.jpeg 875w, https:\/\/elliberador.com\/wp-content\/uploads\/2025\/04\/GowUW0QWwAEHmRW-1024x1797.jpeg 1024w, https:\/\/elliberador.com\/wp-content\/uploads\/2025\/04\/GowUW0QWwAEHmRW.jpeg 1037w\" sizes=\"(max-width: 583px) 100vw, 583px\" \/><\/figure>\n\n\n\n<p>Este comportamiento contrasta con el de ciertos sectores del empresariado que, ante la p\u00e9rdida de privilegios concedidos bajo esquemas prebendarios, optan por obstaculizar el proceso de reforma. En palabras de Luigi Zingales, profesor de la Universidad de Chicago: \u201cLa verdadera amenaza al capitalismo no viene del socialismo, sino de los capitalistas que no quieren competencia. Buscan rentas, no mercados\u201d. Este fen\u00f3meno, conocido como crony capitalism o capitalismo de amigos, fue moneda corriente en los \u00faltimos a\u00f1os, donde la cercan\u00eda al poder pol\u00edtico defin\u00eda la rentabilidad m\u00e1s que la innovaci\u00f3n o la eficiencia.<\/p>\n\n\n\n<p>Hoy, con reglas de juego que privilegian la competencia y castigan los privilegios, el empresariado enfrenta una disyuntiva: adaptarse a la l\u00f3gica del mercado o seguir apostando a una l\u00f3gica rentista que ya no tiene lugar en este nuevo orden.<\/p>\n","protected":false},"excerpt":{"rendered":"<p>La C&aacute;mara Argentina de Supermercados (CAS) y la Federaci&oacute;n Argentina de Supermercados y Autoservicios (FASA)&#8230;<\/p>\n","protected":false},"author":2,"featured_media":1469,"comment_status":"open","ping_status":"open","sticky":false,"template":"","format":"standard","meta":{"_acf_changed":false,"advanced_seo_description":"","jetpack_seo_html_title":"","jetpack_seo_noindex":false,"_jetpack_memberships_contains_paid_content":false,"footnotes":""},"categories":[2],"tags":[20],"class_list":["post-1446","post","type-post","status-publish","format-standard","has-post-thumbnail","hentry","category-economia","tag-destacados"],"acf":[],"jetpack_featured_media_url":"https:\/\/elliberador.com\/wp-content\/uploads\/2025\/04\/21-033550_rxc3_Gondolas-de-supermercado.jpg","jetpack_sharing_enabled":true,"_links":{"self":[{"href":"https:\/\/elliberador.com\/index.php\/wp-json\/wp\/v2\/posts\/1446","targetHints":{"allow":["GET"]}}],"collection":[{"href":"https:\/\/elliberador.com\/index.php\/wp-json\/wp\/v2\/posts"}],"about":[{"href":"https:\/\/elliberador.com\/index.php\/wp-json\/wp\/v2\/types\/post"}],"author":[{"embeddable":true,"href":"https:\/\/elliberador.com\/index.php\/wp-json\/wp\/v2\/users\/2"}],"replies":[{"embeddable":true,"href":"https:\/\/elliberador.com\/index.php\/wp-json\/wp\/v2\/comments?post=1446"}],"version-history":[{"count":2,"href":"https:\/\/elliberador.com\/index.php\/wp-json\/wp\/v2\/posts\/1446\/revisions"}],"predecessor-version":[{"id":1450,"href":"https:\/\/elliberador.com\/index.php\/wp-json\/wp\/v2\/posts\/1446\/revisions\/1450"}],"wp:featuredmedia":[{"embeddable":true,"href":"https:\/\/elliberador.com\/index.php\/wp-json\/wp\/v2\/media\/1469"}],"wp:attachment":[{"href":"https:\/\/elliberador.com\/index.php\/wp-json\/wp\/v2\/media?parent=1446"}],"wp:term":[{"taxonomy":"category","embeddable":true,"href":"https:\/\/elliberador.com\/index.php\/wp-json\/wp\/v2\/categories?post=1446"},{"taxonomy":"post_tag","embeddable":true,"href":"https:\/\/elliberador.com\/index.php\/wp-json\/wp\/v2\/tags?post=1446"}],"curies":[{"name":"wp","href":"https:\/\/api.w.org\/{rel}","templated":true}]}}