{"id":1692,"date":"2025-04-22T10:26:58","date_gmt":"2025-04-22T13:26:58","guid":{"rendered":"https:\/\/elliberador.com\/?p=1692"},"modified":"2025-04-22T10:50:36","modified_gmt":"2025-04-22T13:50:36","slug":"villa-constitucion-sorprendida-matias-tomasi-el-outsider-libertario-que-arraso-en-las-paso-y-se-perfila-como-favorito","status":"publish","type":"post","link":"https:\/\/elliberador.com\/index.php\/2025\/04\/22\/villa-constitucion-sorprendida-matias-tomasi-el-outsider-libertario-que-arraso-en-las-paso-y-se-perfila-como-favorito\/","title":{"rendered":"Villa Constituci\u00f3n sorprendida: Mat\u00edas Tomasi, el outsider libertario que arras\u00f3 en las PASO y se perfila como favorito"},"content":{"rendered":"\n<p class=\"has-medium-font-size\">Las elecciones PASO en <strong>Villa Constituci\u00f3n<\/strong> dejaron un dato dif\u00edcil de ignorar: la <strong>revelaci\u00f3n de Mat\u00edas Tomasi<\/strong>, un joven comerciante y referente local de <strong>La Libertad Avanza<\/strong>, que se impuso como el candidato m\u00e1s votado con <strong>4574 votos<\/strong>, alcanzando un <strong>21% del total<\/strong>, muy por encima de todos los dem\u00e1s contendientes.<\/p>\n\n\n\n<p class=\"has-medium-font-size\">Con propuestas disruptivas como <strong>donar su sueldo como concejal<\/strong> y <strong>achicar el municipio a su m\u00ednima expresi\u00f3n<\/strong>, Tomasi se instal\u00f3 como una figura potente dentro del electorado local, canalizando el <strong>hartazgo ciudadano con la casta pol\u00edtica<\/strong>.<\/p>\n\n\n\n<p class=\"has-medium-font-size\">Pero su irrupci\u00f3n no se detiene en Villa Constituci\u00f3n: en la elecci\u00f3n departamental como <strong>convencional constituyente<\/strong>, obtuvo <strong>m\u00e1s de 10.000 votos<\/strong>, posicion\u00e1ndose como <strong>la principal oposici\u00f3n al senador oficialista Giacomino<\/strong>, referente del pullarismo, que apenas logr\u00f3 superar al outsider libertario en su propia ciudad. Este hecho gener\u00f3 fuertes ruidos en el oficialismo, que cont\u00f3 con una <strong>campa\u00f1a millonaria financiada con recursos p\u00fablicos<\/strong>, en contraste con la austera campa\u00f1a de Tomasi, basada \u00fanicamente en <strong>sus redes sociales y encuentros en su local partidario<\/strong>.<\/p>\n\n\n\n<p class=\"has-medium-font-size\">Adem\u00e1s, Tomasi se convirti\u00f3 en <strong>una de las m\u00e1ximas promesas dentro de La Libertad Avanza en la provincia de Santa Fe<\/strong>. Su candidatura pertenece al armado de la <strong>diputada nacional Romina Diez<\/strong>, y en esta contienda <strong>derrot\u00f3 a la lista interna respaldada por el diputado provincial Nicol\u00e1s Mayoraz<\/strong>, consolidando as\u00ed su liderazgo dentro del espacio libertario santafesino.<\/p>\n\n\n\n<p class=\"has-medium-font-size\">En segundo lugar qued\u00f3 <strong>Alejandra Borgatta<\/strong> de <strong>M\u00e1s para Santa Fe<\/strong>, con <strong>2174 votos (10%)<\/strong>, seguida por <strong>Diego Mart\u00edn<\/strong>, quien gan\u00f3 la interna de <strong>Unidos<\/strong> con <strong>1713 votos (7,92%)<\/strong>, superando en el escrutinio definitivo a <strong>Viviana Romo Cuesta<\/strong>, que hab\u00eda sido anunciada como ganadora provisoria por solo dos votos, pero termin\u00f3 tercera con <strong>1707 votos (7,89%)<\/strong>. La interna fue una de las m\u00e1s ajustadas de la provincia.<\/p>\n\n\n\n<p class=\"has-medium-font-size\">Cerca estuvo <strong>Leticia Pieretti<\/strong> de PAIS con <strong>1617 votos (7,48%)<\/strong>, acompa\u00f1ada por <strong>Sebasti\u00e1n Larra\u00f1aga<\/strong> con <strong>1457 votos (6,74%)<\/strong> y <strong>Federico Lumbia<\/strong> con <strong>1074 votos (4,96%)<\/strong>, espacios vinculados al peronismo disidente cuyos votos podr\u00edan redefinir el escenario de cara a las generales.<\/p>\n\n\n\n<p class=\"has-medium-font-size\">En la interna libertaria, el otro precandidato <strong>Ignacio Zanzo Dianda<\/strong> sum\u00f3 <strong>947 votos (4,38%)<\/strong>, que probablemente confluyan en la candidatura de Tomasi, m\u00e1s a\u00fan despu\u00e9s de haber festejado juntos el mismo domingo de la elecci\u00f3n.<\/p>\n\n\n\n<figure class=\"wp-block-image size-large\"><img fetchpriority=\"high\" decoding=\"async\" width=\"1024\" height=\"684\" src=\"https:\/\/elliberador.com\/wp-content\/uploads\/2025\/04\/DSC9671-1-1024x684.jpg\" alt=\"\" class=\"wp-image-1696\" srcset=\"https:\/\/elliberador.com\/wp-content\/uploads\/2025\/04\/DSC9671-1-1024x684.jpg 1024w, https:\/\/elliberador.com\/wp-content\/uploads\/2025\/04\/DSC9671-1-300x201.jpg 300w, https:\/\/elliberador.com\/wp-content\/uploads\/2025\/04\/DSC9671-1-768x513.jpg 768w, https:\/\/elliberador.com\/wp-content\/uploads\/2025\/04\/DSC9671-1-1536x1027.jpg 1536w, https:\/\/elliberador.com\/wp-content\/uploads\/2025\/04\/DSC9671-1-2048x1369.jpg 2048w\" sizes=\"(max-width: 1024px) 100vw, 1024px\" \/><figcaption class=\"wp-element-caption\">Tomasi, Zanzo Dianda y ambas listas de LLA en los festejos por el resultado<\/figcaption><\/figure>\n\n\n\n<p class=\"has-medium-font-size\">A nivel personal, Tomasi tambi\u00e9n logr\u00f3 construir una imagen cercana: <strong>amante y protector de animales<\/strong>, especialmente de los perros, es muy querido entre vecinos y voluntarios. Esa cercan\u00eda, sumada a su perfil de comerciante sin pasado pol\u00edtico, lo vuelve atractivo para un electorado cansado de los privilegios y el despilfarro p\u00fablico.<\/p>\n\n\n\n<hr class=\"wp-block-separator has-alpha-channel-opacity\"\/>\n\n\n\n<h3 class=\"wp-block-heading\" style=\"font-size:26px\"><em>An\u00e1lisis por partido y proyecci\u00f3n a las generales<\/em><\/h3>\n\n\n\n<ul class=\"wp-block-list\">\n<li class=\"has-medium-font-size\"><strong>La Libertad Avanza (Tomasi + Zanzo Dianda):<\/strong><br><strong>5521 votos \u2013 25,38%<\/strong><br>Consolidado como primera fuerza. Tiene margen para crecer con el voto independiente, del peronismo desencantado y sectores juveniles.<\/li>\n\n\n\n<li class=\"has-medium-font-size\"><strong>Unidos (Mart\u00edn + Romo Cuesta):<\/strong><br><strong>3420 votos \u2013 15,81%<\/strong><br>Una interna re\u00f1ida que mostr\u00f3 grietas. El desaf\u00edo ser\u00e1 recomponer y sumar de cara a octubre.<\/li>\n\n\n\n<li class=\"has-medium-font-size\"><strong>M\u00e1s para Santa Fe (Borgatta + Burguez):<\/strong><br><strong>3385 votos \u2013 15,66%<\/strong><br>Necesita recuperar terreno y evitar fugas que absorbe el peronismo disidente.<\/li>\n\n\n\n<li class=\"has-medium-font-size\"><strong>PAIS (Pieretti):<\/strong><br><strong>1617 votos \u2013 7,48%<\/strong><br>Espacio competitivo, podr\u00eda ser \u00e1rbitro de la elecci\u00f3n si orienta su electorado hacia alguno de los polos principales.<\/li>\n<\/ul>\n\n\n\n<p class=\"has-medium-font-size\">Con estos n\u00fameros, <strong>Mat\u00edas Tomasi se posiciona como el candidato a vencer<\/strong>. La ola libertaria pisa fuerte en el sur santafesino y parece marcar el inicio de una nueva etapa pol\u00edtica donde el discurso de austeridad y libertad econ\u00f3mica tiene eco en la ciudadan\u00eda.<\/p>\n\n\n\n<figure class=\"wp-block-gallery has-nested-images columns-default is-cropped wp-block-gallery-1 is-layout-flex wp-block-gallery-is-layout-flex\">\n<figure class=\"wp-block-image size-large\"><img decoding=\"async\" width=\"1024\" height=\"684\" data-id=\"1697\" src=\"https:\/\/elliberador.com\/wp-content\/uploads\/2025\/04\/DSC9650-1-1024x684.jpg\" alt=\"\" class=\"wp-image-1697\" srcset=\"https:\/\/elliberador.com\/wp-content\/uploads\/2025\/04\/DSC9650-1-1024x684.jpg 1024w, https:\/\/elliberador.com\/wp-content\/uploads\/2025\/04\/DSC9650-1-300x201.jpg 300w, https:\/\/elliberador.com\/wp-content\/uploads\/2025\/04\/DSC9650-1-768x513.jpg 768w, https:\/\/elliberador.com\/wp-content\/uploads\/2025\/04\/DSC9650-1-1536x1027.jpg 1536w, https:\/\/elliberador.com\/wp-content\/uploads\/2025\/04\/DSC9650-1-2048x1369.jpg 2048w\" sizes=\"(max-width: 1024px) 100vw, 1024px\" \/><figcaption class=\"wp-element-caption\">Local partidario en el centro villense<\/figcaption><\/figure>\n<\/figure>\n","protected":false},"excerpt":{"rendered":"<p>Las elecciones PASO en Villa Constituci&oacute;n dejaron un dato dif&iacute;cil de ignorar: la revelaci&oacute;n de&#8230;<\/p>\n","protected":false},"author":2,"featured_media":1693,"comment_status":"open","ping_status":"open","sticky":false,"template":"","format":"standard","meta":{"_acf_changed":false,"advanced_seo_description":"","jetpack_seo_html_title":"","jetpack_seo_noindex":false,"_jetpack_memberships_contains_paid_content":false,"footnotes":""},"categories":[4],"tags":[20],"class_list":["post-1692","post","type-post","status-publish","format-standard","has-post-thumbnail","hentry","category-politica","tag-destacados"],"acf":[],"jetpack_featured_media_url":"https:\/\/elliberador.com\/wp-content\/uploads\/2025\/04\/DSC9670-scaled.jpg","jetpack_sharing_enabled":true,"_links":{"self":[{"href":"https:\/\/elliberador.com\/index.php\/wp-json\/wp\/v2\/posts\/1692","targetHints":{"allow":["GET"]}}],"collection":[{"href":"https:\/\/elliberador.com\/index.php\/wp-json\/wp\/v2\/posts"}],"about":[{"href":"https:\/\/elliberador.com\/index.php\/wp-json\/wp\/v2\/types\/post"}],"author":[{"embeddable":true,"href":"https:\/\/elliberador.com\/index.php\/wp-json\/wp\/v2\/users\/2"}],"replies":[{"embeddable":true,"href":"https:\/\/elliberador.com\/index.php\/wp-json\/wp\/v2\/comments?post=1692"}],"version-history":[{"count":2,"href":"https:\/\/elliberador.com\/index.php\/wp-json\/wp\/v2\/posts\/1692\/revisions"}],"predecessor-version":[{"id":1700,"href":"https:\/\/elliberador.com\/index.php\/wp-json\/wp\/v2\/posts\/1692\/revisions\/1700"}],"wp:featuredmedia":[{"embeddable":true,"href":"https:\/\/elliberador.com\/index.php\/wp-json\/wp\/v2\/media\/1693"}],"wp:attachment":[{"href":"https:\/\/elliberador.com\/index.php\/wp-json\/wp\/v2\/media?parent=1692"}],"wp:term":[{"taxonomy":"category","embeddable":true,"href":"https:\/\/elliberador.com\/index.php\/wp-json\/wp\/v2\/categories?post=1692"},{"taxonomy":"post_tag","embeddable":true,"href":"https:\/\/elliberador.com\/index.php\/wp-json\/wp\/v2\/tags?post=1692"}],"curies":[{"name":"wp","href":"https:\/\/api.w.org\/{rel}","templated":true}]}}