{"id":1730,"date":"2025-04-23T20:45:17","date_gmt":"2025-04-23T23:45:17","guid":{"rendered":"https:\/\/elliberador.com\/?p=1730"},"modified":"2025-04-23T20:54:19","modified_gmt":"2025-04-23T23:54:19","slug":"nancy-pazos-y-la-doble-vara-moral-el-peronismo-no-vende-moral-entonces-no-se-le-puede-exigir","status":"publish","type":"post","link":"https:\/\/elliberador.com\/index.php\/2025\/04\/23\/nancy-pazos-y-la-doble-vara-moral-el-peronismo-no-vende-moral-entonces-no-se-le-puede-exigir\/","title":{"rendered":"Nancy Pazos y la doble vara moral: \u00abEl peronismo no vende moral, entonces no se le puede exigir\u00bb"},"content":{"rendered":"\n<p class=\"has-medium-font-size\">En una declaraci\u00f3n que gener\u00f3 una ola de cr\u00edticas en redes sociales y medios, la periodista militante Nancy Pazos dej\u00f3 en claro la l\u00f3gica con la que muchos sectores del peronismo entienden la gesti\u00f3n p\u00fablica: <strong>\u00abEl peronismo no vende moral, entonces no se le puede exigir ser moral, porque su electorado no lo demanda\u00bb<\/strong>.<\/p>\n\n\n\n<p class=\"has-medium-font-size\">La frase fue pronunciada en el programa de <strong>Georgina Barbarossa<\/strong> este martes por la ma\u00f1ana, en medio de un acalorado debate sobre los gastos del actual gobierno nacional en misiones oficiales al exterior.<\/p>\n\n\n\n<p class=\"has-medium-font-size\">\ud83e\uddf3 <strong>Todo comenz\u00f3 con una cr\u00edtica de Pazos al gobierno de Javier Milei<\/strong>, donde cuestion\u00f3 que cuatro funcionarios del Poder Ejecutivo viajaran a Italia para acompa\u00f1ar al Presidente en una actividad protocolar vinculada al Vaticano. Seg\u00fan la periodista, esto era una muestra de contradicci\u00f3n con el discurso de austeridad que promueve la gesti\u00f3n libertaria.<\/p>\n\n\n\n<p class=\"has-medium-font-size\">Sin embargo, el argumento fue r\u00e1pidamente desarmado por la periodista <strong>Mariana Brey<\/strong>, quien record\u00f3 que durante los viajes de <strong>Cristina Fern\u00e1ndez de Kirchner<\/strong> a Europa, las comitivas eran de <strong>40 personas<\/strong>, se alojaban en el <strong>hotel m\u00e1s caro de Roma<\/strong> y com\u00edan en los <strong>restaurantes m\u00e1s exclusivos<\/strong>, todo <strong>a cargo del Estado Nacional<\/strong>.<\/p>\n\n\n\n<p class=\"has-medium-font-size\">\ud83d\udcc9 Fue entonces cuando Nancy Pazos, lejos de intentar justificar o matizar los excesos, redobl\u00f3 la apuesta con una de las frases m\u00e1s pol\u00e9micas del a\u00f1o:<\/p>\n\n\n\n<blockquote class=\"wp-block-quote is-layout-flow wp-block-quote-is-layout-flow\">\n<p class=\"has-medium-font-size\">\u201cBueno, pero el peronismo no vende moral, no promete austeridad, no dice que va a ser diferente. Entonces no se le puede pedir eso, porque a su electorado no le interesa\u201d.<\/p>\n<\/blockquote>\n\n\n\n<p class=\"has-medium-font-size\">Estas palabras no solo despertaron la indignaci\u00f3n de usuarios en redes sociales, sino que exponen una <strong>doble vara moral<\/strong> profundamente arraigada: mientras se exige transparencia y rectitud a los gobiernos no peronistas, <strong>se naturaliza la corrupci\u00f3n, el despilfarro y el clientelismo<\/strong> cuando se trata de dirigentes peronistas, amparados en la supuesta \u00abrepresentaci\u00f3n de su electorado\u00bb.<\/p>\n\n\n\n<p class=\"has-medium-font-size\">\ud83d\udcac La frase se viraliz\u00f3 y fue tendencia en X (ex Twitter), donde muchos usuarios recordaron que precisamente <strong>la falta de moral y de principios \u00e9ticos en la gesti\u00f3n p\u00fablica fue lo que llev\u00f3 a la Argentina al colapso fiscal, institucional y social<\/strong>.<\/p>\n\n\n\n<p class=\"has-medium-font-size\">En definitiva, la declaraci\u00f3n de Nancy Pazos <strong>no solo es reveladora<\/strong> de c\u00f3mo una parte del periodismo militante piensa y justifica el poder, sino que tambi\u00e9n desnuda el cinismo con el que se ha naturalizado el uso del Estado como bot\u00edn pol\u00edtico.<\/p>\n\n\n\n<figure class=\"wp-block-video\"><\/figure>\n","protected":false},"excerpt":{"rendered":"<p>En una declaraci&oacute;n que gener&oacute; una ola de cr&iacute;ticas en redes sociales y medios, la&#8230;<\/p>\n","protected":false},"author":2,"featured_media":1731,"comment_status":"open","ping_status":"open","sticky":false,"template":"","format":"standard","meta":{"_acf_changed":false,"advanced_seo_description":"","jetpack_seo_html_title":"","jetpack_seo_noindex":false,"_jetpack_memberships_contains_paid_content":false,"footnotes":""},"categories":[5],"tags":[],"class_list":["post-1730","post","type-post","status-publish","format-standard","has-post-thumbnail","hentry","category-sociedad"],"acf":[],"jetpack_featured_media_url":"https:\/\/elliberador.com\/wp-content\/uploads\/2025\/04\/nancy-pazos-1443764.jpg","jetpack_sharing_enabled":true,"_links":{"self":[{"href":"https:\/\/elliberador.com\/index.php\/wp-json\/wp\/v2\/posts\/1730","targetHints":{"allow":["GET"]}}],"collection":[{"href":"https:\/\/elliberador.com\/index.php\/wp-json\/wp\/v2\/posts"}],"about":[{"href":"https:\/\/elliberador.com\/index.php\/wp-json\/wp\/v2\/types\/post"}],"author":[{"embeddable":true,"href":"https:\/\/elliberador.com\/index.php\/wp-json\/wp\/v2\/users\/2"}],"replies":[{"embeddable":true,"href":"https:\/\/elliberador.com\/index.php\/wp-json\/wp\/v2\/comments?post=1730"}],"version-history":[{"count":1,"href":"https:\/\/elliberador.com\/index.php\/wp-json\/wp\/v2\/posts\/1730\/revisions"}],"predecessor-version":[{"id":1741,"href":"https:\/\/elliberador.com\/index.php\/wp-json\/wp\/v2\/posts\/1730\/revisions\/1741"}],"wp:featuredmedia":[{"embeddable":true,"href":"https:\/\/elliberador.com\/index.php\/wp-json\/wp\/v2\/media\/1731"}],"wp:attachment":[{"href":"https:\/\/elliberador.com\/index.php\/wp-json\/wp\/v2\/media?parent=1730"}],"wp:term":[{"taxonomy":"category","embeddable":true,"href":"https:\/\/elliberador.com\/index.php\/wp-json\/wp\/v2\/categories?post=1730"},{"taxonomy":"post_tag","embeddable":true,"href":"https:\/\/elliberador.com\/index.php\/wp-json\/wp\/v2\/tags?post=1730"}],"curies":[{"name":"wp","href":"https:\/\/api.w.org\/{rel}","templated":true}]}}