{"id":1828,"date":"2025-04-28T12:06:24","date_gmt":"2025-04-28T15:06:24","guid":{"rendered":"https:\/\/elliberador.com\/?p=1828"},"modified":"2025-04-28T12:19:24","modified_gmt":"2025-04-28T15:19:24","slug":"corea-del-norte-declara-la-guerra-a-ucrania","status":"publish","type":"post","link":"https:\/\/elliberador.com\/index.php\/2025\/04\/28\/corea-del-norte-declara-la-guerra-a-ucrania\/","title":{"rendered":"Corea del Norte declara la guerra a Ucrania"},"content":{"rendered":"\n<h2 class=\"wp-block-heading\">La siniestra alianza Kim\u2013Putin: Corea del Norte confirma env\u00edo de tropas para \u201cliberar\u201d Kursk.<\/h2>\n\n\n\n<p>La Comisi\u00f3n Militar Central del Partido de los Trabajadores de Corea del Norte anunci\u00f3 oficialmente el despliegue de sus tropas en Rusia para combatir contra Ucrania, respaldando la \u201cliberaci\u00f3n\u201d de la regi\u00f3n de Kursk tras meses de ocupaci\u00f3n ucraniana. Pyongyang y Mosc\u00fa justifican este env\u00edo amparados en el Tratado de Asociaci\u00f3n Estrat\u00e9gica Integral firmado el a\u00f1o pasado entre <strong>Kim Jong Un<\/strong> y <strong>Vladimir Putin<\/strong>.<\/p>\n\n\n\n<p>Kim Jong Un, sucesor de su padre en 2011, gobierna un r\u00e9gimen de partido \u00fanico con f\u00e9rreo control militar y culto a la personalidad. Bajo su mandato, el Ej\u00e9rcito Popular logr\u00f3 su primer ensayo de bomba de hidr\u00f3geno en 2017, elev\u00f3 el presupuesto de defensa a m\u00e1s de la quinta parte del gasto p\u00fablico y mantiene a m\u00e1s de un mill\u00f3n de soldados en servicio activo. Pyongyang ha priorizado su programa nuclear incluso a costa de la econom\u00eda civil, sometida a sanciones internacionales.<\/p>\n\n\n\n<p>Putin, en el poder desde 1999 (presidente o primer ministro), consolid\u00f3 un Kremlin centralizado. Su anexi\u00f3n de Crimea en 2014 y la intervenci\u00f3n en Siria en 2015 marcaron su estrategia de restaurar la influencia geopol\u00edtica rusa. Desde febrero de 2022, lidera la invasi\u00f3n a gran escala de Ucrania, prolongando el conflicto y reforzando su imagen de \u201czar moderno\u201d ante un aparato de seguridad que supervisa m\u00e1s de 450.000 efectivos en las Fuerzas Armadas.<\/p>\n\n\n\n<p>El env\u00edo de combatientes norcoreanos a Kursk \u2013reconocido por la agencia KNCA y avalado por el Kremlin\u2013 implica un intercambio de apoyos: Corea del Norte recibe equipo militar ruso y asistencia diplom\u00e1tica, mientras Rusia suma brazos dispuestos a mantener sus objetivos expansionistas. Ambos reg\u00edmenes desaf\u00edan las resoluciones de la ONU y profundizan una \u201camistad militar\u201d que intercambia cordialidad por fuerza bruta.<\/p>\n\n\n\n<p>Esta colaboraci\u00f3n estrecha entre dos dictaduras demuestra hasta d\u00f3nde llegar\u00e1n para afianzar su poder: sacrificar vidas ajenas en guerras lejanas y reforzar permanentemente sus arsenales, todo bajo la etiqueta de \u201csolidaridad estrat\u00e9gica\u201d. Las consecuencias se sentir\u00e1n en la prolongaci\u00f3n del conflicto ucraniano y en el refuerzo de un bloque autoritario que avanza sin disimulo sobre la estabilidad internacional.<\/p>\n\n\n\n<p><\/p>\n","protected":false},"excerpt":{"rendered":"<p>La siniestra alianza Kim&ndash;Putin: Corea del Norte confirma env&iacute;o de tropas para &ldquo;liberar&rdquo; Kursk. La&#8230;<\/p>\n","protected":false},"author":2,"featured_media":1831,"comment_status":"open","ping_status":"open","sticky":false,"template":"","format":"standard","meta":{"_acf_changed":false,"advanced_seo_description":"","jetpack_seo_html_title":"","jetpack_seo_noindex":false,"_jetpack_memberships_contains_paid_content":false,"footnotes":""},"categories":[10],"tags":[20],"class_list":["post-1828","post","type-post","status-publish","format-standard","has-post-thumbnail","hentry","category-internacionales","tag-destacados"],"acf":[],"jetpack_featured_media_url":"https:\/\/elliberador.com\/wp-content\/uploads\/2025\/04\/a3c8cc36-6252-4685-a22a-e1316254d33d-scaled.avif","jetpack_sharing_enabled":true,"_links":{"self":[{"href":"https:\/\/elliberador.com\/index.php\/wp-json\/wp\/v2\/posts\/1828","targetHints":{"allow":["GET"]}}],"collection":[{"href":"https:\/\/elliberador.com\/index.php\/wp-json\/wp\/v2\/posts"}],"about":[{"href":"https:\/\/elliberador.com\/index.php\/wp-json\/wp\/v2\/types\/post"}],"author":[{"embeddable":true,"href":"https:\/\/elliberador.com\/index.php\/wp-json\/wp\/v2\/users\/2"}],"replies":[{"embeddable":true,"href":"https:\/\/elliberador.com\/index.php\/wp-json\/wp\/v2\/comments?post=1828"}],"version-history":[{"count":1,"href":"https:\/\/elliberador.com\/index.php\/wp-json\/wp\/v2\/posts\/1828\/revisions"}],"predecessor-version":[{"id":1830,"href":"https:\/\/elliberador.com\/index.php\/wp-json\/wp\/v2\/posts\/1828\/revisions\/1830"}],"wp:featuredmedia":[{"embeddable":true,"href":"https:\/\/elliberador.com\/index.php\/wp-json\/wp\/v2\/media\/1831"}],"wp:attachment":[{"href":"https:\/\/elliberador.com\/index.php\/wp-json\/wp\/v2\/media?parent=1828"}],"wp:term":[{"taxonomy":"category","embeddable":true,"href":"https:\/\/elliberador.com\/index.php\/wp-json\/wp\/v2\/categories?post=1828"},{"taxonomy":"post_tag","embeddable":true,"href":"https:\/\/elliberador.com\/index.php\/wp-json\/wp\/v2\/tags?post=1828"}],"curies":[{"name":"wp","href":"https:\/\/api.w.org\/{rel}","templated":true}]}}