{"id":1906,"date":"2025-04-29T13:45:31","date_gmt":"2025-04-29T16:45:31","guid":{"rendered":"https:\/\/elliberador.com\/?p=1906"},"modified":"2025-04-30T08:22:47","modified_gmt":"2025-04-30T11:22:47","slug":"santa-fe-2003-la-gran-tragedia-del-rio-salado-que-unio-a-toda-una-ciudad-bajo-el-agua","status":"publish","type":"post","link":"https:\/\/elliberador.com\/index.php\/2025\/04\/29\/santa-fe-2003-la-gran-tragedia-del-rio-salado-que-unio-a-toda-una-ciudad-bajo-el-agua\/","title":{"rendered":"A 22 a\u00f1os de la cat\u00e1strofe de 2003, Santa Fe recuerda uno de los episodios m\u00e1s dolorosos de su historia"},"content":{"rendered":"\n<p class=\"has-medium-font-size\" id=\"https:\/\/youtu.be\/0hoNB2bCcys\"><strong>Entre el 29 de abril y el 3 de mayo de 2003<\/strong>, una crecida <strong>sin precedentes<\/strong> del r\u00edo Salado inund\u00f3 un tercio de la ciudad de Santa Fe, dejando <strong>158 v\u00edctimas fatales<\/strong> y m\u00e1s de <strong>130.000 damnificados<\/strong>.<\/p>\n\n\n\n<p>Todo comenz\u00f3 el <em>martes 29 de abril<\/em>, cuando el Salado cedi\u00f3 en una defensa <strong>inconclusa<\/strong> junto al Hip\u00f3dromo, desbordando y anegando m\u00e1s de <strong>40 barrios<\/strong> del cord\u00f3n oeste. En cuesti\u00f3n de horas, m\u00e1s de <strong>36.800 viviendas<\/strong> quedaron sumergidas bajo hasta <strong>cuatro metros de agua<\/strong>. M\u00e1s de <strong>150.000 vecinos<\/strong> se vieron obligados a abandonar sus hogares y buscar refugio en edificios p\u00fablicos y centros comunitarios de las zonas m\u00e1s altas.<\/p>\n\n\n\n<p>La tragedia dej\u00f3 <strong>cicatrices profundas<\/strong>. Aunque al principio se contabilizaron <em>23 muertes directas<\/em>, luego se reconoci\u00f3 un n\u00famero mucho mayor, incluyendo fallecimientos por enfermedades y complicaciones derivadas del desastre. La Fiscal\u00eda de Estado apunt\u00f3 al gobierno provincial por la <strong>falta de obras y previsi\u00f3n<\/strong>, lo que deriv\u00f3 en indemnizaciones para las familias afectadas.<\/p>\n\n\n\n<p>Santa Fe, expuesta hist\u00f3ricamente al <em>riesgo h\u00eddrico<\/em> (inundaciones en 1905, 1915, 1966, 1973, 1983 y 1998), contaba en 2003 con <strong>terraplenes de defensa inconclusos<\/strong> y una <strong>red de monitoreo del Salado fuera de servicio<\/strong>. A esto se sumaron lluvias extraordinarias \u2014<strong>1.400 mm en apenas cinco d\u00edas<\/strong>\u2014 que colmaron la cuenca baja. La ruptura en la defensa de <em>calle Gorostiaga<\/em> permiti\u00f3 que el agua avanzara <em>sin freno<\/em> hacia el coraz\u00f3n de la ciudad.<\/p>\n\n\n\n<figure class=\"wp-block-embed is-type-video is-provider-youtube wp-block-embed-youtube wp-embed-aspect-4-3 wp-has-aspect-ratio\"><div class=\"wp-block-embed__wrapper\">\n<iframe title=\"inundacion santa fe 2003 - Club Colon\" width=\"640\" height=\"480\" src=\"https:\/\/www.youtube.com\/embed\/0hoNB2bCcys?feature=oembed\" frameborder=\"0\" allow=\"accelerometer; autoplay; clipboard-write; encrypted-media; gyroscope; picture-in-picture; web-share\" referrerpolicy=\"strict-origin-when-cross-origin\" allowfullscreen><\/iframe>\n<\/div><\/figure>\n\n\n\n<p>La respuesta fue <strong>inmediata pero desbordada<\/strong>: se declar\u00f3 la emergencia provincial y se desplegaron balsas, helic\u00f3pteros y brigadas de rescate, con apoyo de Naci\u00f3n y organizaciones civiles. Sin embargo, el <em>dolor<\/em>, la <em>indignaci\u00f3n<\/em> y el <em>reclamo de justicia<\/em> persisten hasta hoy.<\/p>\n\n\n\n<p>Cada <strong>29 de abril<\/strong>, los santafesinos se congregan en la Plaza 25 de Mayo bajo la <strong>\u201cCarpa Negra por la Dignidad\u201d<\/strong> para homenajear a las v\u00edctimas y exigir <strong>memoria, justicia y reparaci\u00f3n<\/strong>. La Ley Provincial N.\u00ba 14.747 instaur\u00f3 esa fecha como el <strong>\u201cD\u00eda de la Memoria y la Solidaridad\u201d<\/strong>.<\/p>\n\n\n\n<p>La inundaci\u00f3n del Salado no fue un simple fen\u00f3meno natural, sino el resultado de la <strong>desidia<\/strong>, la <strong>falta de previsi\u00f3n<\/strong> y una <strong>infraestructura deficiente<\/strong>. Dos d\u00e9cadas despu\u00e9s, la ciudad avanza con nuevas defensas y sistemas de alerta temprana, decidida a que el <em>\u201cr\u00edo de la muerte\u201d<\/em> <strong>nunca m\u00e1s<\/strong> devore sus calles sin que nadie est\u00e9 preparado.<\/p>\n\n\n\n<p>Para muchos santafesinos, las heridas siguen <strong>abiertas<\/strong>: hay <em>recuerdos que el agua no pudo llevarse<\/em>.<\/p>\n\n\n\n<figure class=\"wp-block-image size-full\"><img fetchpriority=\"high\" decoding=\"async\" width=\"1024\" height=\"720\" src=\"https:\/\/elliberador.com\/wp-content\/uploads\/2025\/04\/santa-fe-en-2003-1793205-1.jpg\" alt=\"\" class=\"wp-image-1909\" srcset=\"https:\/\/elliberador.com\/wp-content\/uploads\/2025\/04\/santa-fe-en-2003-1793205-1.jpg 1024w, https:\/\/elliberador.com\/wp-content\/uploads\/2025\/04\/santa-fe-en-2003-1793205-1-300x211.jpg 300w, https:\/\/elliberador.com\/wp-content\/uploads\/2025\/04\/santa-fe-en-2003-1793205-1-768x540.jpg 768w\" sizes=\"(max-width: 1024px) 100vw, 1024px\" \/><\/figure>\n","protected":false},"excerpt":{"rendered":"<p>Entre el 29 de abril y el 3 de mayo de 2003, una crecida sin&#8230;<\/p>\n","protected":false},"author":2,"featured_media":1908,"comment_status":"open","ping_status":"open","sticky":false,"template":"","format":"standard","meta":{"_acf_changed":false,"advanced_seo_description":"","jetpack_seo_html_title":"","jetpack_seo_noindex":false,"_jetpack_memberships_contains_paid_content":false,"footnotes":""},"categories":[34],"tags":[],"class_list":["post-1906","post","type-post","status-publish","format-standard","has-post-thumbnail","hentry","category-efemerides"],"acf":[],"jetpack_featured_media_url":"https:\/\/elliberador.com\/wp-content\/uploads\/2025\/04\/inundacion-santa-fe-colon.jpg","jetpack_sharing_enabled":true,"_links":{"self":[{"href":"https:\/\/elliberador.com\/index.php\/wp-json\/wp\/v2\/posts\/1906","targetHints":{"allow":["GET"]}}],"collection":[{"href":"https:\/\/elliberador.com\/index.php\/wp-json\/wp\/v2\/posts"}],"about":[{"href":"https:\/\/elliberador.com\/index.php\/wp-json\/wp\/v2\/types\/post"}],"author":[{"embeddable":true,"href":"https:\/\/elliberador.com\/index.php\/wp-json\/wp\/v2\/users\/2"}],"replies":[{"embeddable":true,"href":"https:\/\/elliberador.com\/index.php\/wp-json\/wp\/v2\/comments?post=1906"}],"version-history":[{"count":3,"href":"https:\/\/elliberador.com\/index.php\/wp-json\/wp\/v2\/posts\/1906\/revisions"}],"predecessor-version":[{"id":1912,"href":"https:\/\/elliberador.com\/index.php\/wp-json\/wp\/v2\/posts\/1906\/revisions\/1912"}],"wp:featuredmedia":[{"embeddable":true,"href":"https:\/\/elliberador.com\/index.php\/wp-json\/wp\/v2\/media\/1908"}],"wp:attachment":[{"href":"https:\/\/elliberador.com\/index.php\/wp-json\/wp\/v2\/media?parent=1906"}],"wp:term":[{"taxonomy":"category","embeddable":true,"href":"https:\/\/elliberador.com\/index.php\/wp-json\/wp\/v2\/categories?post=1906"},{"taxonomy":"post_tag","embeddable":true,"href":"https:\/\/elliberador.com\/index.php\/wp-json\/wp\/v2\/tags?post=1906"}],"curies":[{"name":"wp","href":"https:\/\/api.w.org\/{rel}","templated":true}]}}