{"id":1927,"date":"2025-04-30T11:44:05","date_gmt":"2025-04-30T14:44:05","guid":{"rendered":"https:\/\/elliberador.com\/?p=1927"},"modified":"2025-04-30T11:44:06","modified_gmt":"2025-04-30T14:44:06","slug":"cuando-el-padre-es-la-victima-el-drama-de-herman-krause-y-la-cara-oculta-de-la-ideologia-de-genero","status":"publish","type":"post","link":"https:\/\/elliberador.com\/index.php\/2025\/04\/30\/cuando-el-padre-es-la-victima-el-drama-de-herman-krause-y-la-cara-oculta-de-la-ideologia-de-genero\/","title":{"rendered":"Cuando el padre es la v\u00edctima: el drama de Herman Krause y la cara oculta de la ideolog\u00eda de g\u00e9nero"},"content":{"rendered":"\n<p>Durante a\u00f1os y, especialmente durante la era kirchnerista, los discursos oficiales impusieron una imagen donde el hombre es siempre el victimario y la mujer, la v\u00edctima. Sin embargo, la historia de <strong>Herman Krause<\/strong>, vecino de la localidad bonaerense City Bell, muestra una realidad mucho m\u00e1s compleja y dolorosa: <em>la de padres convertidos en v\u00edctimas sin pruebas<\/em>, arrasados por un sistema judicial que, bajo el influjo de la <strong>ideolog\u00eda de g\u00e9nero<\/strong>, parece haber renunciado a la b\u00fasqueda de la verdad. Desde hace dos a\u00f1os y medio, Herman no puede ver a sus hijos, Paco Federico y Mateus, quienes fueron <strong>sustra\u00eddos ilegalmente a Brasil por su madre<\/strong>.<\/p>\n\n\n\n<p><strong>Herman Krause<\/strong> trabaja desde hace 32 a\u00f1os en la ex AFIP (<em>hoy ARCA<\/em>) y dedic\u00f3 su vida a su familia. En 2012 conoci\u00f3 a <strong>Juliana Magalhaes de Lima<\/strong> en Fortaleza, Brasil. Se casaron en 2014 y formaron su hogar en City Bell, donde nacieron sus hijos. Todo indicaba un futuro de estabilidad, pero el tiempo y las responsabilidades familiares revelaron profundas diferencias. Seg\u00fan el testimonio de Herman, <em>Juliana comenz\u00f3 a ejercer violencia f\u00edsica contra \u00e9l<\/em>. Nunca formaliz\u00f3 denuncias, confiando en que los problemas pod\u00edan resolverse, una decisi\u00f3n que luego jugar\u00eda en su contra.<\/p>\n\n\n\n<p>En 2022, tras una discusi\u00f3n violenta, <strong>Herman se fue de la casa<\/strong>. Al d\u00eda siguiente, fue denunciado falsamente por violencia de g\u00e9nero. En un sistema donde <em>la sola palabra de una mujer basta para imponer restricciones<\/em>, se le impusieron medidas cautelares inmediatas, pese a la ausencia total de pruebas. Contra todo, y luego de meses de lucha, Krause logr\u00f3 una <strong>tenencia compartida<\/strong>, resistiendo intentos de su exesposa de limitar su contacto con los ni\u00f1os a apenas seis d\u00edas al mes.<\/p>\n\n\n\n<p>Ante la frustraci\u00f3n judicial, la ex pareja de la v\u00edctima escal\u00f3 el conflicto: <strong>lo denunci\u00f3 falsamente por abuso sexual<\/strong>, primero a t\u00edtulo personal y luego involucrando a sus propios hijos. En apenas trece meses, <em>todas las denuncias fueron archivadas en primera y segunda instancia<\/em>, ratificando la inexistencia de delito. La rapidez con la que la justicia desestim\u00f3 las causas dej\u00f3 al descubierto <em>la falta absoluta de pruebas<\/em>.<\/p>\n\n\n\n<p>Este tipo de falsos relatos <strong>no solo destruyen la vida de hombres inocentes y de sus hijos<\/strong>, sino que, a\u00fan peor, <em>deslegitiman las denuncias reales de mujeres que s\u00ed sufren violencia<\/em>. Alimentar el sistema de denuncias falsas es un acto de violencia contra las verdaderas v\u00edctimas, a quienes se les quita credibilidad y se les posterga justicia. Y a\u00fan peor, <em>van en contra del principio de igualdad ante la ley<\/em>.<\/p>\n\n\n\n<p>Poco despu\u00e9s del archivo de las causas, la ciudadana brasile\u00f1a concret\u00f3 lo que hab\u00eda planificado: <strong>se fug\u00f3 con Paco y Mateus a Brasil<\/strong>, cruzando ilegalmente la frontera de Iguaz\u00fa junto a su madre. Lo hizo sin autorizaci\u00f3n judicial, <em>violando expresamente la prohibici\u00f3n de salida del pa\u00eds vigente<\/em>. El remisero que las traslad\u00f3 desde City Bell hasta Misiones declar\u00f3 haber sido enga\u00f1ado sobre el motivo del viaje, y advirti\u00f3 la ilegalidad ante las delincuentes, pero fue ignorado.<\/p>\n\n\n\n<p>Desde entonces, <strong>Herman se enfrenta a una odisea judicial en solitario<\/strong>. Recurri\u00f3 a la Canciller\u00eda argentina, contrat\u00f3 abogados en Brasil, y present\u00f3 una denuncia penal federal por <em>sustracci\u00f3n internacional de menores<\/em>. Interpol y la justicia brasile\u00f1a actuaron con desidia, y al principio negaron cooperaci\u00f3n bas\u00e1ndose en informaci\u00f3n falsa sobre su situaci\u00f3n legal en Argentina. Tras gestiones diplom\u00e1ticas, reconocieron el error, pero los avances siguen siendo lentos. <em>Brasil, hoy gobernado por Lula Da Silva, tambi\u00e9n preso de la ideolog\u00eda de g\u00e9nero<\/em>.<\/p>\n\n\n\n<p>En di\u00e1logo con <em>El Liberador<\/em>, Krause describi\u00f3 con crudeza el momento en que se enter\u00f3 de que sus hijos hab\u00edan sido llevados ilegalmente a Brasil: <em>\u00abMe sacaron a mis hijos como si fueran dos computadoras escondidas en un ba\u00fal\u00bb<\/em>, resumi\u00f3 con dolor. M\u00e1s all\u00e1 de las denuncias infundadas y de las trabas judiciales, <em>su lucha no tiene como fin un castigo, sino la restituci\u00f3n de su vida familiar<\/em>: <em>\u00abNo quiero venganza, solo quiero que me devuelvan a mis hijos y poder vivir tranquilo con ellos\u00bb<\/em>, expres\u00f3.<\/p>\n\n\n\n<p>Al mismo tiempo, critic\u00f3 el uso pol\u00edtico de la ideolog\u00eda de g\u00e9nero en los tribunales, advirtiendo que <em>\u00abutilizar denuncias falsas deslegitima a las mujeres que realmente sufren violencia. Es un da\u00f1o enorme\u00bb<\/em>. Sobre su experiencia enfrentando a un sistema indiferente, reflexion\u00f3: <em>\u00abA veces sent\u00eds que pele\u00e1s contra un pa\u00eds entero \u2014Brasil\u2014, y que la Justicia de tu propio pa\u00eds tampoco te acompa\u00f1a\u00bb<\/em>.<\/p>\n\n\n\n<p>Mientras tanto, <strong>Herman, lejos de quedarse de brazos cruzados<\/strong>, logr\u00f3 lo que la justicia no: <strong>localiz\u00f3 por sus propios medios el colegio en San Pablo donde asisten Paco y Mateus<\/strong>. Envi\u00f3 documentaci\u00f3n que acredita su paternidad, insisti\u00f3 por v\u00edas formales e informales, y finalmente obtuvo la confirmaci\u00f3n de la instituci\u00f3n educativa. As\u00ed, <em>el argumento de que \u00abno se sabe d\u00f3nde est\u00e1n los ni\u00f1os\u00bb qued\u00f3 desbaratado<\/em>.<\/p>\n\n\n\n<p>El padre no solo enfrenta la indiferencia de las autoridades, sino tambi\u00e9n el <strong>devastador efecto emocional<\/strong> de saber que sus hijos viven separados de \u00e9l, de su idioma, de sus ra\u00edces, <em>tras una maniobra ilegal que los trat\u00f3 como objetos de una disputa<\/em>.<\/p>\n\n\n\n<p>Esta historia es el reflejo m\u00e1s brutal del da\u00f1o que puede causar la <strong>ceguera ideol\u00f3gica<\/strong>: <em>el reemplazo de la b\u00fasqueda de la verdad por el encasillamiento autom\u00e1tico de roles de v\u00edctimas y victimarios seg\u00fan el g\u00e9nero<\/em>. <strong>Herman no busca venganza, no clama castigo: solo exige la restituci\u00f3n de lo esencial, su derecho y el de sus hijos a reconstruir una familia destrozada injustamente<\/strong>.<\/p>\n\n\n\n<p>Hoy, con firmeza pero tambi\u00e9n con dolor, <strong>contin\u00faa su lucha en los tribunales<\/strong>. Su caso, como tantos otros silenciados, deber\u00eda abrir un debate urgente: <em>una justicia verdaderamente equitativa no puede partir de preconceptos ideol\u00f3gicos<\/em>. Porque <strong>cuando el padre es la v\u00edctima, el dolor es el mismo, el da\u00f1o es el mismo, y la indiferencia es imperdonable<\/strong>.<\/p>\n","protected":false},"excerpt":{"rendered":"<p>Durante a&ntilde;os y, especialmente durante la era kirchnerista, los discursos oficiales impusieron una imagen donde&#8230;<\/p>\n","protected":false},"author":2,"featured_media":1925,"comment_status":"open","ping_status":"open","sticky":false,"template":"","format":"standard","meta":{"_acf_changed":false,"advanced_seo_description":"","jetpack_seo_html_title":"","jetpack_seo_noindex":false,"_jetpack_memberships_contains_paid_content":false,"footnotes":""},"categories":[5],"tags":[],"class_list":["post-1927","post","type-post","status-publish","format-standard","has-post-thumbnail","hentry","category-sociedad"],"acf":[],"jetpack_featured_media_url":"https:\/\/elliberador.com\/wp-content\/uploads\/2025\/04\/WhatsApp-Image-2025-04-29-at-4.38.24-PM.jpeg","jetpack_sharing_enabled":true,"_links":{"self":[{"href":"https:\/\/elliberador.com\/index.php\/wp-json\/wp\/v2\/posts\/1927","targetHints":{"allow":["GET"]}}],"collection":[{"href":"https:\/\/elliberador.com\/index.php\/wp-json\/wp\/v2\/posts"}],"about":[{"href":"https:\/\/elliberador.com\/index.php\/wp-json\/wp\/v2\/types\/post"}],"author":[{"embeddable":true,"href":"https:\/\/elliberador.com\/index.php\/wp-json\/wp\/v2\/users\/2"}],"replies":[{"embeddable":true,"href":"https:\/\/elliberador.com\/index.php\/wp-json\/wp\/v2\/comments?post=1927"}],"version-history":[{"count":1,"href":"https:\/\/elliberador.com\/index.php\/wp-json\/wp\/v2\/posts\/1927\/revisions"}],"predecessor-version":[{"id":1929,"href":"https:\/\/elliberador.com\/index.php\/wp-json\/wp\/v2\/posts\/1927\/revisions\/1929"}],"wp:featuredmedia":[{"embeddable":true,"href":"https:\/\/elliberador.com\/index.php\/wp-json\/wp\/v2\/media\/1925"}],"wp:attachment":[{"href":"https:\/\/elliberador.com\/index.php\/wp-json\/wp\/v2\/media?parent=1927"}],"wp:term":[{"taxonomy":"category","embeddable":true,"href":"https:\/\/elliberador.com\/index.php\/wp-json\/wp\/v2\/categories?post=1927"},{"taxonomy":"post_tag","embeddable":true,"href":"https:\/\/elliberador.com\/index.php\/wp-json\/wp\/v2\/tags?post=1927"}],"curies":[{"name":"wp","href":"https:\/\/api.w.org\/{rel}","templated":true}]}}