{"id":2053,"date":"2025-05-04T19:52:35","date_gmt":"2025-05-04T22:52:35","guid":{"rendered":"https:\/\/elliberador.com\/?p=2053"},"modified":"2025-05-05T08:08:13","modified_gmt":"2025-05-05T11:08:13","slug":"central-cordoba-imparable-gana-su-8-consecutivo-y-es-lider-induscutido-de-la-primera-c","status":"publish","type":"post","link":"https:\/\/elliberador.com\/index.php\/2025\/05\/04\/central-cordoba-imparable-gana-su-8-consecutivo-y-es-lider-induscutido-de-la-primera-c\/","title":{"rendered":"Central\u202fC\u00f3rdoba imparable: gana su 8\u00b0 consecutivo y es l\u00edder induscutido de la Primera C"},"content":{"rendered":"\n<p>Central\u202fC\u00f3rdoba (Rosario) estir\u00f3 su gran momento en el Apertura de la Primera\u202fC: derrot\u00f3 <strong>2\u20111<\/strong> a Puerto\u202fNuevo y alcanz\u00f3 su <strong>octavo triunfo consecutivo<\/strong>, que lo mantiene como s\u00f3lido l\u00edder del certamen.<\/p>\n\n\n\n<h3 class=\"wp-block-heading\">El partido<\/h3>\n\n\n\n<ul class=\"wp-block-list\">\n<li><strong>32\u2019\u202fPT | 1\u20110<\/strong> \u2013 <em>Gonzalo\u202fG\u00f3mez<\/em>: cabezazo tras centro de Juan\u202fCettou.<\/li>\n\n\n\n<li><strong>49\u2019\u202fST | 2\u20110<\/strong> \u2013 <em>Facundo\u202fMar\u00edn<\/em>: el arquero tap\u00f3 su penal, tom\u00f3 el rebote y defini\u00f3.<\/li>\n\n\n\n<li><strong>89\u2019\u202fST | 2\u20111<\/strong> \u2013 <em>Mat\u00edas\u202fVel\u00e1zquez<\/em>: descuento de cabeza para la visita.<\/li>\n<\/ul>\n\n\n\n<p>El \u00e1rbitro fue <strong>Maximiliano\u202fL\u00f3pez Monti<\/strong> y el \u201cGabino\u201d luci\u00f3 colmado.<\/p>\n\n\n\n<h3 class=\"wp-block-heading\">La racha y la tabla<\/h3>\n\n\n\n<p>Desde el empate con JJ\u202fUrquiza (16\u201103), el Charr\u00faa enlaz\u00f3 victorias frente a Mu\u00f1iz, Claypole, Dep.\u202fEspa\u00f1ol, Ituzaing\u00f3, Berazategui, El\u202fPorvenir, Lugano y Puerto\u202fNuevo: <strong>8 triunfos al hilo<\/strong> y <strong>25 puntos (8\u202fG \u2013\u202f1\u202fE \u2013\u202f0\u202fP)<\/strong>, con ventaja de 8 puntos sobre su perseguidor.<\/p>\n\n\n\n<h3 class=\"wp-block-heading\">Pr\u00f3ximo partido<\/h3>\n\n\n\n<ul class=\"wp-block-list\">\n<li><strong>Fecha\u202f10 \u2013 17\u202fde mayo:<\/strong> Mercedes\u202fvs\u202fCentral\u202fC\u00f3rdoba (V)<\/li>\n<\/ul>\n\n\n\n<p>El equipo de la dupla <strong>Teglia\u2011Acoglanis<\/strong> buscar\u00e1 prolongar su serie perfecta para seguir encaminado al ascenso.<\/p>\n","protected":false},"excerpt":{"rendered":"<p>El equipo rosarino derrot\u00f3 como local a Pueblo Nuevo 2 a 1<\/p>\n","protected":false},"author":2,"featured_media":2054,"comment_status":"open","ping_status":"open","sticky":false,"template":"","format":"standard","meta":{"_acf_changed":false,"advanced_seo_description":"","jetpack_seo_html_title":"","jetpack_seo_noindex":false,"_jetpack_memberships_contains_paid_content":false,"footnotes":""},"categories":[6],"tags":[],"class_list":["post-2053","post","type-post","status-publish","format-standard","has-post-thumbnail","hentry","category-deportes"],"acf":[],"jetpack_featured_media_url":"https:\/\/elliberador.com\/wp-content\/uploads\/2025\/05\/estadio-gabino-sosa-2.jpg","jetpack_sharing_enabled":true,"_links":{"self":[{"href":"https:\/\/elliberador.com\/index.php\/wp-json\/wp\/v2\/posts\/2053","targetHints":{"allow":["GET"]}}],"collection":[{"href":"https:\/\/elliberador.com\/index.php\/wp-json\/wp\/v2\/posts"}],"about":[{"href":"https:\/\/elliberador.com\/index.php\/wp-json\/wp\/v2\/types\/post"}],"author":[{"embeddable":true,"href":"https:\/\/elliberador.com\/index.php\/wp-json\/wp\/v2\/users\/2"}],"replies":[{"embeddable":true,"href":"https:\/\/elliberador.com\/index.php\/wp-json\/wp\/v2\/comments?post=2053"}],"version-history":[{"count":2,"href":"https:\/\/elliberador.com\/index.php\/wp-json\/wp\/v2\/posts\/2053\/revisions"}],"predecessor-version":[{"id":2057,"href":"https:\/\/elliberador.com\/index.php\/wp-json\/wp\/v2\/posts\/2053\/revisions\/2057"}],"wp:featuredmedia":[{"embeddable":true,"href":"https:\/\/elliberador.com\/index.php\/wp-json\/wp\/v2\/media\/2054"}],"wp:attachment":[{"href":"https:\/\/elliberador.com\/index.php\/wp-json\/wp\/v2\/media?parent=2053"}],"wp:term":[{"taxonomy":"category","embeddable":true,"href":"https:\/\/elliberador.com\/index.php\/wp-json\/wp\/v2\/categories?post=2053"},{"taxonomy":"post_tag","embeddable":true,"href":"https:\/\/elliberador.com\/index.php\/wp-json\/wp\/v2\/tags?post=2053"}],"curies":[{"name":"wp","href":"https:\/\/api.w.org\/{rel}","templated":true}]}}