{"id":2099,"date":"2025-05-06T19:14:26","date_gmt":"2025-05-06T22:14:26","guid":{"rendered":"https:\/\/elliberador.com\/?p=2099"},"modified":"2025-05-06T19:16:21","modified_gmt":"2025-05-06T22:16:21","slug":"polemica-designacion-claudio-romano-el-jefe-dos-veces-removido-vuelve-a-intervenir-la-policia-de-rosario","status":"publish","type":"post","link":"https:\/\/elliberador.com\/index.php\/2025\/05\/06\/polemica-designacion-claudio-romano-el-jefe-dos-veces-removido-vuelve-a-intervenir-la-policia-de-rosario\/","title":{"rendered":"Pol\u00e9mica designaci\u00f3n: Claudio\u202fRomano, el jefe dos veces removido, vuelve a intervenir la Polic\u00eda de Rosario"},"content":{"rendered":"\n<p>Cuando el ministro de Seguridad santafesino <strong>Pablo\u202fCococcioni<\/strong> anunci\u00f3, el 5\u202fde\u202fmayo de\u202f2025, que el retirado <strong>Claudio\u202fRomano<\/strong> volver\u00eda a conducir la <strong>Unidad\u202fRegional\u202fII (UR\u202fII)<\/strong> por 90\u202fd\u00edas, muchos rosarinos sintieron un\u202f<em>d\u00e9j\u00e0 vu<\/em>. No era la primera (ni la segunda) vez que el comisario ocupaba el principal despacho de la Jefatura, ni tampoco la primera ocasi\u00f3n en que llegaba precedido por una crisis.<\/p>\n\n\n\n<hr class=\"wp-block-separator has-alpha-channel-opacity\"\/>\n\n\n\n<h4 class=\"wp-block-heading\">Primer giro: diciembre\u202fde\u202f2018, balaceras y salida expr\u00e9s<\/h4>\n\n\n\n<p>El recorrido p\u00fablico de Romano tom\u00f3 relieve en <strong>diciembre\u202fde\u202f2018<\/strong>, cuando ejerc\u00eda de <strong>subjefe<\/strong> de la UR\u202fII. Rosario acababa de sufrir dos atentados a balazos contra el Concejo Municipal y el Centro de Justicia Penal, hechos que encendieron todas las alarmas sobre la injerencia de bandas narco en la ciudad. En ese contexto, el ministro <strong>Maximiliano\u202fPullaro<\/strong> \u2014bajo la gobernaci\u00f3n socialista de <strong>Miguel\u202fLifschitz<\/strong>\u2014 decidi\u00f3 <strong>remover a la c\u00fapula<\/strong> rosarina, incluido Romano, argumentando la necesidad de \u201creaccionar con firmeza\u201d frente a los ataques.<\/p>\n\n\n\n<hr class=\"wp-block-separator has-alpha-channel-opacity\"\/>\n\n\n\n<h4 class=\"wp-block-heading\">Segundo cap\u00edtulo: diciembre\u202fde\u202f2019, la apuesta de Omar\u202fPerotti<\/h4>\n\n\n\n<p>Un a\u00f1o despu\u00e9s, con el peronista <strong>Omar\u202fPerotti<\/strong> ya instalado en la Casa Gris y con <strong>Marcelo\u202fSa\u00edn<\/strong> al frente de Seguridad, Romano volvi\u00f3 del llano: el <strong>18\u202fde\u202fdiciembre\u202fde\u202f2019<\/strong> fue designado <strong>jefe de la Polic\u00eda de Rosario<\/strong>. El nombramiento respondi\u00f3 a la intenci\u00f3n de oxigenar la fuerza y frenar el avance de las bandas luego de la causa contra el narco Esteban\u202fAlvarado.<\/p>\n\n\n\n<p>El romance dur\u00f3 <strong>23\u202fd\u00edas<\/strong>. El <strong>10\u202fde\u202fenero\u202fde\u202f2020<\/strong>, luego de <strong>12 homicidios en los primeros nueve d\u00edas del a\u00f1o<\/strong>, Sa\u00edn lo desplaz\u00f3 \u201cpor no cumplir los objetivos operativos\u201d y lo sustituy\u00f3 por Danilo\u202fVill\u00e1n. La decisi\u00f3n fue ratificada por el jefe provincial de Polic\u00eda, V\u00edctor\u202fSarnaglia, quien subray\u00f3 la falta de resultados de su breve gesti\u00f3n.<\/p>\n\n\n\n<hr class=\"wp-block-separator has-alpha-channel-opacity\"\/>\n\n\n\n<h4 class=\"wp-block-heading\">Presente: 2025, fraude al combustible y tercer desembarco<\/h4>\n\n\n\n<p>Cinco a\u00f1os m\u00e1s tarde, con <strong>Maximiliano\u202fPullaro<\/strong> ahora como gobernador y en medio de un <strong>esc\u00e1ndalo por el desv\u00edo de unos 45\u202fmillones\u202fde\u202fpesos mensuales<\/strong> destinados al combustible de los patrulleros, la Provincia volvi\u00f3 a tocar la puerta de Romano. Tras <strong>38 allanamientos<\/strong> y <strong>20 detenciones<\/strong> (16 polic\u00edas y 4 civiles), el ministro Cococcioni anunci\u00f3 la <strong>intervenci\u00f3n de la UR\u202fII<\/strong> y la reincorporaci\u00f3n del comisario retirado para encabezar la auditor\u00eda log\u00edstica y administrativa.<\/p>\n\n\n\n<hr class=\"wp-block-separator has-alpha-channel-opacity\"\/>\n\n\n\n<h4 class=\"wp-block-heading\">Un mando bajo sospecha narco<\/h4>\n\n\n\n<p>Las dos destituciones anteriores no fueron meros cambios burocr\u00e1ticos: ocurrieron en picos de violencia atribuidos a la creciente penetraci\u00f3n del narcotr\u00e1fico dentro y fuera de la fuerza. Investigaciones judiciales posteriores revelaron <strong>coimas, armado de causas y participaci\u00f3n directa de efectivos en estructuras narco<\/strong>, dejando a la Polic\u00eda de Santa\u202fFe en el centro de la tormenta. La reincidencia de Romano \u2014hoy con \u201cplenas facultades\u201d y un plazo inicial de tres meses\u2014 queda as\u00ed atada a un interrogante que la ciudad conoce demasiado bien:<\/p>\n\n\n\n<blockquote class=\"wp-block-quote is-layout-flow wp-block-quote-is-layout-flow\">\n<p>\u00bfPodr\u00e1 un jefe que ya fue apartado dos veces revertir la connivencia polic\u00eda\u2011narcos que lo expuls\u00f3 en 2018 y la ola de homicidios que lo derrib\u00f3 en 2020?<\/p>\n<\/blockquote>\n\n\n\n<p>Los pr\u00f3ximos meses mostrar\u00e1n si la tercera gesti\u00f3n de Claudio\u202fRomano es capaz de sellar los agujeros financieros y, sobre todo, de frenar la violencia que hace a\u00f1os sacude a Rosario. <\/p>\n","protected":false},"excerpt":{"rendered":"<p>Cuando el ministro de Seguridad santafesino Pablo&#8239;Cococcioni anunci&oacute;, el 5&#8239;de&#8239;mayo de&#8239;2025, que el retirado Claudio&#8239;Romano&#8230;<\/p>\n","protected":false},"author":2,"featured_media":2100,"comment_status":"open","ping_status":"open","sticky":false,"template":"","format":"standard","meta":{"_acf_changed":false,"advanced_seo_description":"","jetpack_seo_html_title":"","jetpack_seo_noindex":false,"_jetpack_memberships_contains_paid_content":false,"footnotes":""},"categories":[36],"tags":[20],"class_list":["post-2099","post","type-post","status-publish","format-standard","has-post-thumbnail","hentry","category-seguridad","tag-destacados"],"acf":[],"jetpack_featured_media_url":"https:\/\/elliberador.com\/wp-content\/uploads\/2025\/05\/OIP-27.jpeg","jetpack_sharing_enabled":true,"_links":{"self":[{"href":"https:\/\/elliberador.com\/index.php\/wp-json\/wp\/v2\/posts\/2099","targetHints":{"allow":["GET"]}}],"collection":[{"href":"https:\/\/elliberador.com\/index.php\/wp-json\/wp\/v2\/posts"}],"about":[{"href":"https:\/\/elliberador.com\/index.php\/wp-json\/wp\/v2\/types\/post"}],"author":[{"embeddable":true,"href":"https:\/\/elliberador.com\/index.php\/wp-json\/wp\/v2\/users\/2"}],"replies":[{"embeddable":true,"href":"https:\/\/elliberador.com\/index.php\/wp-json\/wp\/v2\/comments?post=2099"}],"version-history":[{"count":2,"href":"https:\/\/elliberador.com\/index.php\/wp-json\/wp\/v2\/posts\/2099\/revisions"}],"predecessor-version":[{"id":2102,"href":"https:\/\/elliberador.com\/index.php\/wp-json\/wp\/v2\/posts\/2099\/revisions\/2102"}],"wp:featuredmedia":[{"embeddable":true,"href":"https:\/\/elliberador.com\/index.php\/wp-json\/wp\/v2\/media\/2100"}],"wp:attachment":[{"href":"https:\/\/elliberador.com\/index.php\/wp-json\/wp\/v2\/media?parent=2099"}],"wp:term":[{"taxonomy":"category","embeddable":true,"href":"https:\/\/elliberador.com\/index.php\/wp-json\/wp\/v2\/categories?post=2099"},{"taxonomy":"post_tag","embeddable":true,"href":"https:\/\/elliberador.com\/index.php\/wp-json\/wp\/v2\/tags?post=2099"}],"curies":[{"name":"wp","href":"https:\/\/api.w.org\/{rel}","templated":true}]}}