{"id":2386,"date":"2025-05-26T21:40:46","date_gmt":"2025-05-27T00:40:46","guid":{"rendered":"https:\/\/elliberador.com\/?p=2386"},"modified":"2025-05-26T21:40:47","modified_gmt":"2025-05-27T00:40:47","slug":"el-gobierno-pasa-la-motosierra-por-los-gremios-reduciran-sus-delegados-en-los-organismos-del-estado","status":"publish","type":"post","link":"https:\/\/elliberador.com\/index.php\/2025\/05\/26\/el-gobierno-pasa-la-motosierra-por-los-gremios-reduciran-sus-delegados-en-los-organismos-del-estado\/","title":{"rendered":"El gobierno pasa la motosierra por los gremios: reducir\u00e1n sus delegados en los organismos del Estado"},"content":{"rendered":"\n<p>El Ministerio de Desregulaci\u00f3n y Transformaci\u00f3n del Estado, liderado por Federico Sturzenegger, public\u00f3 la Resoluci\u00f3n 34\/2025, una medida que marca un punto de inflexi\u00f3n en la relaci\u00f3n entre el Estado argentino y los sindicatos. Esta resoluci\u00f3n, que establece un \u00abRegistro Centralizado de Delegados Gremiales de la Administraci\u00f3n P\u00fablica Nacional\u00bb y un \u00abRegistro de Juicios en los que se invoca tutela gremial\u00bb, busca corregir d\u00e9cadas de excesos en la representaci\u00f3n sindical dentro de los organismos estatales. Esta reforma no solo promueve la eficiencia y la transparencia en el sector p\u00fablico, sino que tambi\u00e9n desaf\u00eda un sistema de privilegios que ha perjudicado a los ciudadanos m\u00e1s vulnerables, en un contexto de creciente pobreza y dependencia de los servicios estatales.<\/p>\n\n\n\n<h2 class=\"wp-block-heading\">Contexto hist\u00f3rico: el crecimiento desmedido del poder sindical<\/h2>\n\n\n\n<p>La representaci\u00f3n gremial en Argentina est\u00e1 regulada por la Ley de Asociaciones Sindicales 23.551, que establece los derechos y obligaciones de los sindicatos y sus delegados. En el \u00e1mbito de la Administraci\u00f3n P\u00fablica Nacional, el Convenio Colectivo de Trabajo Sectorial del Personal del Sistema Nacional de Empleo P\u00fablico (SINEP), homologado por el Decreto 2098\/2008, detalla en su art\u00edculo 106 la cantidad de delegados permitidos seg\u00fan el n\u00famero de trabajadores:<\/p>\n\n\n\n<figure class=\"wp-block-table\"><table class=\"has-fixed-layout mtr-table mtr-tr-th\"><tbody><tr><th data-mtr-content=\"N\u00famero de Afiliados\" class=\"mtr-th-tag\"><div class=\"mtr-cell-content\"><strong>N\u00famero de Afiliados<\/strong><\/div><\/th><th data-mtr-content=\"N\u00famero de Delegados\" class=\"mtr-th-tag\"><div class=\"mtr-cell-content\"><strong>N\u00famero de Delegados<\/strong><\/div><\/th><\/tr><tr><td data-mtr-content=\"N\u00famero de Afiliados\" class=\"mtr-td-tag\"><div class=\"mtr-cell-content\">10 a 50<\/div><\/td><td data-mtr-content=\"N\u00famero de Delegados\" class=\"mtr-td-tag\"><div class=\"mtr-cell-content\">1 delegado<\/div><\/td><\/tr><tr><td data-mtr-content=\"N\u00famero de Afiliados\" class=\"mtr-td-tag\"><div class=\"mtr-cell-content\">51 a 100<\/div><\/td><td data-mtr-content=\"N\u00famero de Delegados\" class=\"mtr-td-tag\"><div class=\"mtr-cell-content\">2 delegados<\/div><\/td><\/tr><tr><td data-mtr-content=\"N\u00famero de Afiliados\" class=\"mtr-td-tag\"><div class=\"mtr-cell-content\">101 y m\u00e1s<\/div><\/td><td data-mtr-content=\"N\u00famero de Delegados\" class=\"mtr-td-tag\"><div class=\"mtr-cell-content\">1 delegado adicional por cada 100 trabajadores excedentes<\/div><\/td><\/tr><\/tbody><\/table><\/figure>\n\n\n\n<p>Esta normativa establece un m\u00ednimo, pero permite que el empleador (en este caso, el Estado) acuerde un n\u00famero mayor de delegados si as\u00ed lo desea. Durante los gobiernos kirchneristas (2003-2015 y 2019-2023), esta flexibilidad fue explotada para inflar el n\u00famero de delegados gremiales, convirtiendo a los organismos estatales en centros de poder pol\u00edtico y clientelismo. Seg\u00fan Federico Sturzenegger, hasta febrero de 2025, el Estado argentino contaba con 11.652 delegados gremiales, una cifra que calific\u00f3 como \u00abdisparada sin l\u00f3gica ni control\u00bb.<\/p>\n\n\n\n<p>Estos excesos no solo representaron un costo econ\u00f3mico significativo, sino que tambi\u00e9n fomentaron pr\u00e1cticas que perjudicaron el funcionamiento de organismos clave como PAMI, ANSES y AFIP. Los delegados gremiales, en muchos casos, gozaban de privilegios que no se encuentran en el sector privado, como licencias ilimitadas, horas de trabajo flexibles y, en algunos casos, sueldos sin necesidad de asistir al trabajo. Un ejemplo notorio fue el caso de una delegada de ATE en ANSES de Rosario que, tras ser encontrada veraneando en Cuba bajo licencia gremial sin pedido de vacaciones, utiliz\u00f3 el pretexto de asistir a una \u00abconvenci\u00f3n\u00bb de la que a nadie hab\u00eda notificado: fue reincorporada sin sanciones. Estas pr\u00e1cticas, avaladas por acuerdos entre el Estado y los sindicatos, consolidaron una casta de delegados que priorizaban sus intereses por encima del bienestar de los organismos y sus beneficiarios.<\/p>\n\n\n\n<h2 class=\"wp-block-heading\">La Resoluci\u00f3n 34\/2025: un intento de orden y transparencia<\/h2>\n\n\n\n<p>La Resoluci\u00f3n 34\/2025, publicada en el Bolet\u00edn Oficial, introduce dos procedimientos clave: el primero, para registrar y controlar la cantidad de delegados gremiales en un \u00abRegistro Centralizado de Delegados Gremiales de la Administraci\u00f3n P\u00fablica Nacional\u00bb; el segundo, para monitorear los juicios que invoquen tutela gremial, asegurando que las demandas laborales sean transparentes y no se utilicen como herramienta de presi\u00f3n indebida. Esta medida busca alinear la representaci\u00f3n gremial con los l\u00edmites legales establecidos por el Convenio Colectivo del SINEP, reduciendo el n\u00famero de delegados a lo estrictamente necesario seg\u00fan el n\u00famero de trabajadores.<\/p>\n\n\n\n<p>Esta resoluci\u00f3n es un paso hacia un Estado m\u00e1s eficiente y menos intervencionista. La inflaci\u00f3n de delegados gremiales, que en muchos casos actuan como \u00ab\u00f1oquis\u00bb (empleados que cobran sin trabajar, como el caso de delegados paritarios), representaba un despilfarro de recursos p\u00fablicos que afecta directamente a los contribuyentes y a los beneficiarios de los servicios estatales. Organismos como PAMI y ANSES, esenciales para los sectores m\u00e1s vulnerables, sufr\u00edan cierres de oficinas y paros injustificados, como el caso de empleados que dejaban a beneficiaros de m\u00e1xima y urgentes necesidades sin atenci\u00f3n, con turnos programados con meses de anticipaci\u00f3n, porque alegaban que se hab\u00eda terminado el papel higi\u00e9nico en los ba\u00f1os del personal. Eso justificaba para los delegados gremiales, motivos de paro y toma de oficinas del Estado.<\/p>\n\n\n\n<h2 class=\"wp-block-heading\">Abusos del pasado: un sistema de privilegios<\/h2>\n\n\n\n<p>El crecimiento desmedido de delegados gremiales durante los gobiernos kirchneristas no fue un accidente, sino una estrategia deliberada para consolidar poder pol\u00edtico. Los sindicatos, al estar \u00abde ambos lados del mostrador\u00bb (como representantes de los trabajadores y aliados del gobierno), negociaban acuerdos que les otorgaban privilegios desproporcionados. Por ejemplo, los \u00abdelegados paritarios\u00bb pod\u00edan cobran actualmente sueldos sin asistir al trabajo, una pr\u00e1ctica que, aunque legal bajo ciertos convenios, se convirti\u00f3 en un abuso sistem\u00e1tico. En AFIP, se descubri\u00f3 que los directivos cobraban sueldos superiores a los 30 millones de pesos mensuales en 2024, mientras que los delegados disfrutaban de beneficios como d\u00edas libres a discreci\u00f3n y horas de trabajo no justificadas.<\/p>\n\n\n\n<p>Estos privilegios contrastaban con la realidad del sector privado, donde los trabajadores no cuentan con tales ventajas. En un pa\u00eds con crecientes niveles de pobreza, la dependencia de los ciudadanos en organismos estatales aumentaba, pero la calidad de los servicios disminu\u00eda debido a la influencia gremial. Los paros y las interrupciones en la atenci\u00f3n, como los \u00abpapelazos\u00bb en oficinas de ANSES, dejaron a los beneficiarios, especialmente los m\u00e1s vulnerables, sin acceso a servicios esenciales. Esta din\u00e1mica aliment\u00f3 la percepci\u00f3n negativa de los empleados p\u00fablicos, metiendo en la misma bolsa a quienes trabajaban con dedicaci\u00f3n y a quienes abusaban del sistema.<\/p>\n\n\n\n<h2 class=\"wp-block-heading\">Implicaciones y perspectivas futuras<\/h2>\n\n\n\n<p>Aunque no se han publicado cifras exactas sobre la reducci\u00f3n de delegados tras la Resoluci\u00f3n 34\/2025, la creaci\u00f3n del registro centralizado sugiere que el n\u00famero se ajustar\u00e1 a los l\u00edmites legales del Convenio Colectivo del SINEP. Esto podr\u00eda significar una reducci\u00f3n significativa desde los 11.652 delegados reportados hasta febrero de 2025, mejorando la eficiencia de los organismos estatales y liberando recursos para atender a los ciudadanos m\u00e1s necesitados.<\/p>\n\n\n\n<p>Sin embargo, la medida ha generado controversia. Sindicatos como la Uni\u00f3n del Personal Civil de la Naci\u00f3n (UPCN) y la Asociaci\u00f3n de Trabajadores del Estado (ATE) han denunciado que la resoluci\u00f3n es un intento de \u00abcoartar la libertad sindical\u00bb (<em>InfoGremiales: Sturzenegger crea lista negr<\/em>a). El secretario general de UPCN, Andr\u00e9s Rodr\u00edguez, critic\u00f3 que la medida se implement\u00f3 en medio de elecciones de delegados, sugiriendo una intenci\u00f3n de amedrentar a los trabajadores que buscan representar a sus compa\u00f1eros. ATE, por su parte, anunci\u00f3 acciones legales para frenar la resoluci\u00f3n, argumentando que el registro podr\u00eda usarse para perseguir a sindicalistas.<\/p>\n\n\n\n<p>Estas cr\u00edticas reflejan una resistencia al cambio por parte de estructuras que han prosperado bajo un sistema de privilegios. La libertad sindical, aunque un derecho fundamental, no debe traducirse en abusos que perjudiquen a los ciudadanos. La Resoluci\u00f3n 34\/2025 busca equilibrar los derechos de los trabajadores con la necesidad de un Estado eficiente, asegurando que los recursos p\u00fablicos se utilicen para beneficiar a la sociedad en su conjunto, especialmente a los m\u00e1s vulnerables.<\/p>\n\n\n\n<h2 class=\"wp-block-heading\">Un paso hacia la libertad y la eficiencia<\/h2>\n\n\n\n<p>La Resoluci\u00f3n 34\/2025 representa un esfuerzo por corregir los excesos del pasado y alinear la representaci\u00f3n gremial con los principios de transparencia y responsabilidad fiscal. Esta medida es un avance hacia un Estado que respete los derechos individuales sin ceder ante intereses corporativos que han empobrecido a los argentinos. Aunque la resistencia sindical y los desaf\u00edos legales podr\u00edan complicar su implementaci\u00f3n, el impacto potencial de esta reforma es significativo: un sector p\u00fablico m\u00e1s eficiente, servicios de mayor calidad y una mayor justicia para los ciudadanos que dependen de estos organismos.<\/p>\n\n\n\n<p>En un pa\u00eds donde la pobreza ha crecido junto con la dependencia de los servicios estatales, la Resoluci\u00f3n 34\/2025 es un recordatorio de que la libertad y la eficiencia no son opuestos, sino complementarios. Al reducir los privilegios de una minor\u00eda, el gobierno busca devolver el poder a los ciudadanos, asegurando que los recursos p\u00fablicos se utilicen para quienes m\u00e1s los necesitan.<\/p>\n","protected":false},"excerpt":{"rendered":"<p>El Ministerio de Desregulaci&oacute;n y Transformaci&oacute;n del Estado, liderado por Federico Sturzenegger, public&oacute; la Resoluci&oacute;n&#8230;<\/p>\n","protected":false},"author":2,"featured_media":2387,"comment_status":"open","ping_status":"open","sticky":false,"template":"","format":"standard","meta":{"_acf_changed":false,"advanced_seo_description":"","jetpack_seo_html_title":"","jetpack_seo_noindex":false,"_jetpack_memberships_contains_paid_content":false,"footnotes":""},"categories":[4],"tags":[20],"class_list":["post-2386","post","type-post","status-publish","format-standard","has-post-thumbnail","hentry","category-politica","tag-destacados"],"acf":[],"jetpack_featured_media_url":"https:\/\/elliberador.com\/wp-content\/uploads\/2025\/05\/6740eae320373.jpg","jetpack_sharing_enabled":true,"_links":{"self":[{"href":"https:\/\/elliberador.com\/index.php\/wp-json\/wp\/v2\/posts\/2386","targetHints":{"allow":["GET"]}}],"collection":[{"href":"https:\/\/elliberador.com\/index.php\/wp-json\/wp\/v2\/posts"}],"about":[{"href":"https:\/\/elliberador.com\/index.php\/wp-json\/wp\/v2\/types\/post"}],"author":[{"embeddable":true,"href":"https:\/\/elliberador.com\/index.php\/wp-json\/wp\/v2\/users\/2"}],"replies":[{"embeddable":true,"href":"https:\/\/elliberador.com\/index.php\/wp-json\/wp\/v2\/comments?post=2386"}],"version-history":[{"count":1,"href":"https:\/\/elliberador.com\/index.php\/wp-json\/wp\/v2\/posts\/2386\/revisions"}],"predecessor-version":[{"id":2388,"href":"https:\/\/elliberador.com\/index.php\/wp-json\/wp\/v2\/posts\/2386\/revisions\/2388"}],"wp:featuredmedia":[{"embeddable":true,"href":"https:\/\/elliberador.com\/index.php\/wp-json\/wp\/v2\/media\/2387"}],"wp:attachment":[{"href":"https:\/\/elliberador.com\/index.php\/wp-json\/wp\/v2\/media?parent=2386"}],"wp:term":[{"taxonomy":"category","embeddable":true,"href":"https:\/\/elliberador.com\/index.php\/wp-json\/wp\/v2\/categories?post=2386"},{"taxonomy":"post_tag","embeddable":true,"href":"https:\/\/elliberador.com\/index.php\/wp-json\/wp\/v2\/tags?post=2386"}],"curies":[{"name":"wp","href":"https:\/\/api.w.org\/{rel}","templated":true}]}}