{"id":2576,"date":"2025-06-24T14:55:25","date_gmt":"2025-06-24T17:55:25","guid":{"rendered":"https:\/\/elliberador.com\/?p=2576"},"modified":"2025-06-24T15:21:28","modified_gmt":"2025-06-24T18:21:28","slug":"tostado-denuncian-un-despilfarro-millonario-en-privilegios-politicos-y-crece-la-presion-contra-el-poder-feudal-local","status":"publish","type":"post","link":"https:\/\/elliberador.com\/index.php\/2025\/06\/24\/tostado-denuncian-un-despilfarro-millonario-en-privilegios-politicos-y-crece-la-presion-contra-el-poder-feudal-local\/","title":{"rendered":"Tostado: denuncian un despilfarro millonario en privilegios pol\u00edticos y crece la presi\u00f3n contra el poder feudal local"},"content":{"rendered":"\n<p><\/p>\n\n\n\n<hr class=\"wp-block-separator has-alpha-channel-opacity\"\/>\n\n\n\n<h3 class=\"wp-block-heading\"><\/h3>\n\n\n\n<p><strong>Tostado, Santa Fe<\/strong> \u2013 M\u00e1s de <strong>$4.200 millones en privilegios pol\u00edticos<\/strong>. Esa es la cifra que desat\u00f3 una ola de indignaci\u00f3n en la ciudad, tras la denuncia p\u00fablica realizada por <strong>Roberto Antinori<\/strong>, candidato de La Libertad Avanza, quien viene encabezando una campa\u00f1a decidida a <strong>romper con la estructura de poder feudal<\/strong> que desde hace a\u00f1os domina la localidad.<\/p>\n\n\n\n<p>Los datos, relevados por el propio Antinori y su equipo, muestran con claridad c\u00f3mo el <strong>presupuesto municipal 2025<\/strong>, que supera los <strong>$11.574 millones<\/strong>, destina <strong>m\u00e1s del 35% solo al sostenimiento de la pol\u00edtica local<\/strong>: sueldos, cargos, contrataciones eventuales, estructura, publicidad y propaganda. Todo para sostener <strong>una red de privilegios<\/strong> que nada tiene que ver con las verdaderas necesidades de los vecinos: salud, educaci\u00f3n, seguridad y trabajo.<\/p>\n\n\n\n<h4 class=\"wp-block-heading\">Los n\u00fameros que escandalizan<\/h4>\n\n\n\n<p>Los puntos m\u00e1s destacados del informe difundido por el equipo de La Libertad Avanza Tostado:<\/p>\n\n\n\n<ul class=\"wp-block-list\">\n<li>\ud83c\udfdb\ufe0f <strong>Presupuesto municipal 2025:<\/strong> $11.574.206.799<\/li>\n\n\n\n<li>\ud83d\udcbc <strong>Gastos del Departamento Ejecutivo:<\/strong> $3.894.592.073<\/li>\n\n\n\n<li>\ud83e\uddd1\u200d\u2696\ufe0f <strong>Concejales:<\/strong> $348.758.960 (m\u00e1s de $300 millones para unas 45 sesiones al a\u00f1o)<\/li>\n\n\n\n<li>\ud83d\udcfa <strong>Publicidad y propaganda oficial:<\/strong> millones en pauta para \u201cmantener imagen positiva\u201d y <strong>sostener periodistas ensobrados<\/strong><\/li>\n\n\n\n<li>\ud83d\udcb8 <strong>Personal contratado, jornalizado y eventuales:<\/strong> $39 millones por mes<\/li>\n\n\n\n<li>\ud83c\udfe2 <strong>10 secretar\u00edas del Ejecutivo:<\/strong> $50 millones por mes<\/li>\n<\/ul>\n\n\n\n<h4 class=\"wp-block-heading\">Un sistema pol\u00edtico cooptado y cerrado<\/h4>\n\n\n\n<p>La denuncia no solo apunta al gasto desmedido, sino al <strong>blindaje medi\u00e1tico<\/strong> y a la <strong>connivencia entre sectores supuestamente opositores<\/strong>. \u201cHay periodistas pagos para no hablar, concejales que se benefician del sistema, y actores que dicen representar a Milei pero en los hechos <strong>son funcionales al poder de siempre<\/strong>\u201d, afirm\u00f3 Antinori.<\/p>\n\n\n\n<p>La situaci\u00f3n local replica lo que ocurre a nivel provincial con <strong>Amalia Granata<\/strong>, quien recientemente <strong>dio qu\u00f3rum para que Pullaro endeude a Santa Fe por 1.000 millones de d\u00f3lares<\/strong> y luego <strong>levant\u00f3 a su bloque para que el oficialismo pudiera aprobar el proyecto sin oposici\u00f3n efectiva<\/strong>. A nivel local, tambi\u00e9n <strong>aparecen actores que se presentan como parte de La Libertad Avanza, pero s\u00f3lo buscan confundir al electorado para sostener el statu quo<\/strong>.<\/p>\n\n\n\n<h4 class=\"wp-block-heading\">Un sistema que compra voluntades<\/h4>\n\n\n\n<p>El informe de Antinori tambi\u00e9n denuncia que en Tostado <strong>el poder act\u00faa como un feud<\/strong>o donde <strong>se compran voluntades, se silencian voces y se reparten cargos para garantizar obediencia<\/strong>. Medios de comunicaci\u00f3n y actores pol\u00edticos que act\u00faan como disidentes mercenarios se suman a las \u00fanica voz de atacar a La Libertad Avanza y sus candidatos para favorecer a los mismos de siempre, son las pruebas del funcionamiento del feudo.<\/p>\n\n\n\n<p>\u201cEstamos enfrentando a un sistema que <strong>no solo le roba la plata a la gente, sino tambi\u00e9n la verdad, la representaci\u00f3n y la dignidad<\/strong>\u201d, declar\u00f3 Antinori. \u201cMuchos de los que atacan nuestras propuestas y repiten el discurso del \u2018no se puede\u2019 <strong>se benefician de esta estructura de privilegios que venimos a terminar<\/strong>\u201d.<\/p>\n\n\n\n<figure class=\"wp-block-image size-large\"><img fetchpriority=\"high\" decoding=\"async\" width=\"768\" height=\"1024\" src=\"https:\/\/elliberador.com\/wp-content\/uploads\/2025\/06\/1000742553-768x1024.jpg\" alt=\"\" class=\"wp-image-2586\" srcset=\"https:\/\/elliberador.com\/wp-content\/uploads\/2025\/06\/1000742553-768x1024.jpg 768w, https:\/\/elliberador.com\/wp-content\/uploads\/2025\/06\/1000742553-225x300.jpg 225w, https:\/\/elliberador.com\/wp-content\/uploads\/2025\/06\/1000742553-1152x1536.jpg 1152w, https:\/\/elliberador.com\/wp-content\/uploads\/2025\/06\/1000742553-1536x2048.jpg 1536w, https:\/\/elliberador.com\/wp-content\/uploads\/2025\/06\/1000742553-1024x1365.jpg 1024w, https:\/\/elliberador.com\/wp-content\/uploads\/2025\/06\/1000742553-scaled.jpg 1920w\" sizes=\"(max-width: 768px) 100vw, 768px\" \/><\/figure>\n\n\n\n<h4 class=\"wp-block-heading\">Una campa\u00f1a austera, con un mensaje claro<\/h4>\n\n\n\n<p>Mientras tanto, La Libertad Avanza en Tostado lleva adelante <strong>una campa\u00f1a austera, sin recursos del Estado, sin promesas falsas y con propuestas claras<\/strong>: eliminar el gasto pol\u00edtico innecesario, reducir la estructura, priorizar servicios p\u00fablicos esenciales y <strong>devolverle el poder a los vecinos<\/strong>.<\/p>\n\n\n\n<blockquote class=\"wp-block-quote is-layout-flow wp-block-quote-is-layout-flow\">\n<p>\u201cComo Milei a nivel nacional, <strong>venimos a barrer con los privilegios<\/strong>, no a maquillarlos. Basta de despilfarro, basta de mentiras. Queremos una gesti\u00f3n transparente, austera y enfocada en lo que importa\u201d, se\u00f1al\u00f3 Antinori.<\/p>\n<\/blockquote>\n\n\n\n<hr class=\"wp-block-separator has-alpha-channel-opacity\"\/>\n\n\n\n<p><strong>M\u00e1s de 4 mil millones para la pol\u00edtica. Cero inversi\u00f3n en futuro.<\/strong><br>El mensaje es claro: <em>en Tostado, el ajuste no lo tiene que pagar el vecino, lo tiene que pagar la casta<\/em>.<\/p>\n\n\n\n<hr class=\"wp-block-separator has-alpha-channel-opacity\"\/>\n\n\n\n<p><\/p>\n","protected":false},"excerpt":{"rendered":"<p>Tostado, Santa Fe &ndash; M&aacute;s de $4.200 millones en privilegios pol&iacute;ticos. Esa es la cifra&#8230;<\/p>\n","protected":false},"author":2,"featured_media":2579,"comment_status":"open","ping_status":"open","sticky":false,"template":"","format":"standard","meta":{"_acf_changed":false,"advanced_seo_description":"","jetpack_seo_html_title":"","jetpack_seo_noindex":false,"_jetpack_memberships_contains_paid_content":false,"footnotes":""},"categories":[4],"tags":[20],"class_list":["post-2576","post","type-post","status-publish","format-standard","has-post-thumbnail","hentry","category-politica","tag-destacados"],"acf":[],"jetpack_featured_media_url":"https:\/\/elliberador.com\/wp-content\/uploads\/2025\/06\/Tostado.jpg","jetpack_sharing_enabled":true,"_links":{"self":[{"href":"https:\/\/elliberador.com\/index.php\/wp-json\/wp\/v2\/posts\/2576","targetHints":{"allow":["GET"]}}],"collection":[{"href":"https:\/\/elliberador.com\/index.php\/wp-json\/wp\/v2\/posts"}],"about":[{"href":"https:\/\/elliberador.com\/index.php\/wp-json\/wp\/v2\/types\/post"}],"author":[{"embeddable":true,"href":"https:\/\/elliberador.com\/index.php\/wp-json\/wp\/v2\/users\/2"}],"replies":[{"embeddable":true,"href":"https:\/\/elliberador.com\/index.php\/wp-json\/wp\/v2\/comments?post=2576"}],"version-history":[{"count":5,"href":"https:\/\/elliberador.com\/index.php\/wp-json\/wp\/v2\/posts\/2576\/revisions"}],"predecessor-version":[{"id":2587,"href":"https:\/\/elliberador.com\/index.php\/wp-json\/wp\/v2\/posts\/2576\/revisions\/2587"}],"wp:featuredmedia":[{"embeddable":true,"href":"https:\/\/elliberador.com\/index.php\/wp-json\/wp\/v2\/media\/2579"}],"wp:attachment":[{"href":"https:\/\/elliberador.com\/index.php\/wp-json\/wp\/v2\/media?parent=2576"}],"wp:term":[{"taxonomy":"category","embeddable":true,"href":"https:\/\/elliberador.com\/index.php\/wp-json\/wp\/v2\/categories?post=2576"},{"taxonomy":"post_tag","embeddable":true,"href":"https:\/\/elliberador.com\/index.php\/wp-json\/wp\/v2\/tags?post=2576"}],"curies":[{"name":"wp","href":"https:\/\/api.w.org\/{rel}","templated":true}]}}