{"id":2690,"date":"2025-07-01T00:50:56","date_gmt":"2025-07-01T03:50:56","guid":{"rendered":"https:\/\/elliberador.com\/?p=2690"},"modified":"2025-07-18T12:28:03","modified_gmt":"2025-07-18T15:28:03","slug":"elecciones-intermedias-2025-la-libertad-avanza-irrumpe-en-santa-fe","status":"publish","type":"post","link":"https:\/\/elliberador.com\/index.php\/2025\/07\/01\/elecciones-intermedias-2025-la-libertad-avanza-irrumpe-en-santa-fe\/","title":{"rendered":"Elecciones intermedias 2025: La Libertad Avanza irrumpe en Santa Fe"},"content":{"rendered":"\n<p>La Libertad Avanza (LLA), el partido liderado a nivel nacional por Javier Milei, obtuvo un <strong>resultado sorpresivo en las elecciones intermedias<\/strong> de concejales y autoridades comunales de Santa Fe. Bajo la coordinaci\u00f3n estrat\u00e9gica de <strong>Karina Milei<\/strong> y <strong>Romina Diez<\/strong>, presidenta del partido en la provincia, la fuerza libertaria compiti\u00f3 <strong>sin alianzas<\/strong> y logr\u00f3 pasar de 0 a 34 concejales en toda la provincia en su debut electoral, adem\u00e1s de conquistar dos presidencias comunales.<\/p>\n\n\n\n<h2 class=\"wp-block-heading\"><strong>Sin alianzas y con candidatos outsiders<\/strong><\/h2>\n\n\n\n<p>La Libertad Avanza encar\u00f3 su primera elecci\u00f3n provincial en Santa Fe compitiendo <strong>en soledad<\/strong>, sin frentes con otros partidos. <strong>Karina Milei y Romina Diez<\/strong> evitaron acuerdos incluso con fuerzas afines, y poblaron las listas con candidatos <strong>outsiders<\/strong>: profesionales, empresarios y referentes sociales sin pasado pol\u00edtico partidario.<\/p>\n\n\n\n<p>La estrategia fue clara: <strong>cero aparato, cero pauta, cero caja<\/strong>, pero con convicci\u00f3n y coherencia ideol\u00f3gica.. El resultado fue una verdadera haza\u00f1a pol\u00edtica.<\/p>\n\n\n\n<figure class=\"wp-block-image size-large\"><img fetchpriority=\"high\" decoding=\"async\" width=\"1024\" height=\"683\" src=\"https:\/\/elliberador.com\/wp-content\/uploads\/2025\/07\/karina-romina-1024x683.jpg\" alt=\"\" class=\"wp-image-2692\" srcset=\"https:\/\/elliberador.com\/wp-content\/uploads\/2025\/07\/karina-romina-1024x683.jpg 1024w, https:\/\/elliberador.com\/wp-content\/uploads\/2025\/07\/karina-romina-300x200.jpg 300w, https:\/\/elliberador.com\/wp-content\/uploads\/2025\/07\/karina-romina-768x512.jpg 768w, https:\/\/elliberador.com\/wp-content\/uploads\/2025\/07\/karina-romina-1536x1024.jpg 1536w, https:\/\/elliberador.com\/wp-content\/uploads\/2025\/07\/karina-romina-2048x1365.jpg 2048w\" sizes=\"(max-width: 1024px) 100vw, 1024px\" \/><\/figure>\n\n\n\n<h2 class=\"wp-block-heading\"><strong>Villa Constituci\u00f3n y Casilda: bastiones libertarios<\/strong><\/h2>\n\n\n\n<p>En <strong>Villa Constituci\u00f3n<\/strong>, <strong>Mat\u00edas Tomasi<\/strong> fue el candidato m\u00e1s votado, duplicando al peronismo que termin\u00f3 segundo. Ingres\u00f3 al Concejo junto a \u00e9l <strong>Marianela De los Santos<\/strong>, mientras que la candidata del intendente local qued\u00f3 cuarta sin bancas. El partido del gobernador tambi\u00e9n fue superado. Primera vez en la historia que el peronismo queda tan relegado y el oficialismo no consigue representaci\u00f3n.<\/p>\n\n\n\n<p>En <strong>Casilda<\/strong>, <strong>Enrique Blua<\/strong> y <strong>Pamela Franco<\/strong> se alzaron con <strong>2 de los 3 esca\u00f1os<\/strong> del Concejo. El peronismo, por primera vez desde 1945, no logr\u00f3 ning\u00fan concejal en esa ciudad. El batacazo fue tan contundente que ni siquiera la estructura provincial logr\u00f3 revertir el resultado.<\/p>\n\n\n\n<figure class=\"wp-block-image size-large is-resized\"><img decoding=\"async\" width=\"838\" height=\"1024\" src=\"https:\/\/elliberador.com\/wp-content\/uploads\/2025\/07\/Imagen-de-WhatsApp-2025-07-01-a-las-00.46.49_b490494c-838x1024.jpg\" alt=\"\" class=\"wp-image-2693\" style=\"width:405px;height:auto\" srcset=\"https:\/\/elliberador.com\/wp-content\/uploads\/2025\/07\/Imagen-de-WhatsApp-2025-07-01-a-las-00.46.49_b490494c-838x1024.jpg 838w, https:\/\/elliberador.com\/wp-content\/uploads\/2025\/07\/Imagen-de-WhatsApp-2025-07-01-a-las-00.46.49_b490494c-246x300.jpg 246w, https:\/\/elliberador.com\/wp-content\/uploads\/2025\/07\/Imagen-de-WhatsApp-2025-07-01-a-las-00.46.49_b490494c-768x938.jpg 768w, https:\/\/elliberador.com\/wp-content\/uploads\/2025\/07\/Imagen-de-WhatsApp-2025-07-01-a-las-00.46.49_b490494c-1024x1251.jpg 1024w, https:\/\/elliberador.com\/wp-content\/uploads\/2025\/07\/Imagen-de-WhatsApp-2025-07-01-a-las-00.46.49_b490494c.jpg 1079w\" sizes=\"(max-width: 838px) 100vw, 838px\" \/><\/figure>\n\n\n\n<h2 class=\"wp-block-heading\"><strong>Rosario y Santa Fe: crecimiento sostenido<\/strong><\/h2>\n\n\n\n<p>En <strong>Rosario<\/strong>, <strong>Juan Pedro Aleart<\/strong> qued\u00f3 a solo 6.000 votos del comunista <strong>Juan Monteverde<\/strong>, que se impuso con una leve ventaja. La elecci\u00f3n fue empa\u00f1ada por la <strong>sospechosa anulaci\u00f3n de casi 18.000 votos<\/strong>, equivalentes al 5% del padr\u00f3n. La Libertad Avanza obtuvo <strong>4 concejales<\/strong> y se consolid\u00f3 como segunda fuerza.<\/p>\n\n\n\n<p>En la <strong>capital provincial<\/strong>, <strong>Ana Cantiani<\/strong> y <strong>Pablo Mussio<\/strong> lograron ingresar al Concejo tras una excelente elecci\u00f3n que dej\u00f3 a LLA a apenas 2.000 votos del peronismo. La fuerza libertaria pas\u00f3 a ser tercera con proyecci\u00f3n de crecimiento, arrebatando representaci\u00f3n tanto al kirchnerismo como al oficialismo de Unidos.<\/p>\n\n\n\n<h2 class=\"wp-block-heading\"><strong>La revelaci\u00f3n: Fabricio Dellasanta en Rafaela<\/strong><\/h2>\n\n\n\n<p>Uno de los mayores impactos lo dio <strong>Fabricio Dellasanta<\/strong> en <strong>Rafaela<\/strong>. En las PASO hab\u00eda sido tercera fuerza, pero <strong>duplic\u00f3 sus votos<\/strong> en la elecci\u00f3n general, desplaz\u00f3 al oficialismo al tercer lugar y se qued\u00f3 con <strong>2 bancas<\/strong>, junto a <strong>Milagros Zafra<\/strong>. Su cruce viral en un debate con el presidente del Concejo local, a quien desminti\u00f3 en vivo con documentos en mano, fue clave para su crecimiento. El oficialismo rafaelino, que esperaba renovar su hegemon\u00eda, qued\u00f3 reducido a una banca.<\/p>\n\n\n\n<h2 class=\"wp-block-heading\"><strong>Melincu\u00e9 y Coronel Bogado: primeras comunas libertarias<\/strong><\/h2>\n\n\n\n<p>Adem\u00e1s de los concejales, <strong>La Libertad Avanza se qued\u00f3 con dos presidencias comunales<\/strong>. En <strong>Coronel Bogado<\/strong> (departamento Rosario), <strong>Rub\u00e9n Derico<\/strong> gan\u00f3 sin oposici\u00f3n peronista. Pero el caso m\u00e1s resonante fue <strong>Melincu\u00e9<\/strong>, donde <strong>Silvio Garbolino<\/strong> venci\u00f3 por 17 votos luego de haber sido encarcelado por una denuncia que, seg\u00fan se evidenci\u00f3, fue parte de una <strong>burda operaci\u00f3n pol\u00edtica<\/strong> del pullarismo para sacarlo de la contienda. La jugada sali\u00f3 mal: Garbolino sali\u00f3 libre d\u00edas antes de la elecci\u00f3n, la us\u00f3 como bandera anticasta y se impuso en las urnas.<\/p>\n\n\n\n<figure class=\"wp-block-image size-large is-resized\"><img decoding=\"async\" width=\"1024\" height=\"782\" src=\"https:\/\/elliberador.com\/wp-content\/uploads\/2025\/07\/Imagen-de-WhatsApp-2025-07-01-a-las-00.46.49_ed03584f-1024x782.jpg\" alt=\"\" class=\"wp-image-2694\" style=\"width:674px;height:auto\" srcset=\"https:\/\/elliberador.com\/wp-content\/uploads\/2025\/07\/Imagen-de-WhatsApp-2025-07-01-a-las-00.46.49_ed03584f-1024x782.jpg 1024w, https:\/\/elliberador.com\/wp-content\/uploads\/2025\/07\/Imagen-de-WhatsApp-2025-07-01-a-las-00.46.49_ed03584f-300x229.jpg 300w, https:\/\/elliberador.com\/wp-content\/uploads\/2025\/07\/Imagen-de-WhatsApp-2025-07-01-a-las-00.46.49_ed03584f-768x586.jpg 768w, https:\/\/elliberador.com\/wp-content\/uploads\/2025\/07\/Imagen-de-WhatsApp-2025-07-01-a-las-00.46.49_ed03584f.jpg 1079w\" sizes=\"(max-width: 1024px) 100vw, 1024px\" \/><\/figure>\n\n\n\n<h2 class=\"wp-block-heading\"><strong>Una elecci\u00f3n hist\u00f3rica<\/strong><\/h2>\n\n\n\n<p>La Libertad Avanza, con candidatos sin pasado pol\u00edtico, sin estructuras ni pactos, logr\u00f3 una irrupci\u00f3n in\u00e9dita. El \u00e9xito del armado se debe a <strong>la conducci\u00f3n pol\u00edtica de Karina Milei<\/strong>, la firmeza de <strong>Romina Diez<\/strong> y el trabajo territorial de los armadores que articularon en toda la provincia.<\/p>\n\n\n\n<p>La victoria no se mide solo en bancas, sino en la consolidaci\u00f3n de <strong>una fuerza con identidad propia<\/strong>, que ya es protagonista sin necesidad de depender de ning\u00fan socio partidario. La Libertad Avanza es hoy una realidad tangible en Santa Fe. Y esto reci\u00e9n empieza.<\/p>\n\n\n\n<hr class=\"wp-block-separator has-alpha-channel-opacity\"\/>\n\n\n\n<h2 class=\"wp-block-heading\"><strong>Concejales electos por La Libertad Avanza en Santa Fe (2025)<\/strong><\/h2>\n\n\n\n<ul class=\"wp-block-list\">\n<li><strong>Rosario<\/strong>: Juan Pedro Aleart, Anabel Lencina, Lautaro Enriquez, Samanta Arias<\/li>\n\n\n\n<li><strong>Santa Fe Capital<\/strong>: Ana Cantiani, Pablo Mussio<\/li>\n\n\n\n<li><strong>Rafaela<\/strong>: Fabricio Dellasanta, Milagros Zafra<\/li>\n\n\n\n<li><strong>Villa Constituci\u00f3n<\/strong>: Mat\u00edas Tomasi, Marianela De los Santos<\/li>\n\n\n\n<li><strong>Casilda<\/strong>: Enrique Blua, Pamela Franco<\/li>\n\n\n\n<li><strong>Granadero Baigorria<\/strong>: Santiago Fontana<\/li>\n\n\n\n<li><strong>Capit\u00e1n Berm\u00fadez<\/strong>: Brunela Scaloni<\/li>\n\n\n\n<li><strong>Villa Gobernador G\u00e1lvez<\/strong>: Pamela Moro<\/li>\n\n\n\n<li><strong>Carcara\u00f1\u00e1<\/strong>: Oscar \u201cCacho\u201d D\u00edaz<\/li>\n\n\n\n<li><strong>Teodelina<\/strong>: David Sanfilippo<\/li>\n\n\n\n<li><strong>Pueblo Esther<\/strong>: Marcela Elena<\/li>\n\n\n\n<li><strong>Sunchales<\/strong>: Sebasti\u00e1n Nicolau<\/li>\n\n\n\n<li><strong>San Javier<\/strong>: Ariel Donnet<\/li>\n\n\n\n<li><strong>Helvecia<\/strong>: Juan Duarte<\/li>\n\n\n\n<li><strong>Malabrigo<\/strong>: Silvia Nardin<\/li>\n\n\n\n<li><strong>G\u00e1lvez<\/strong>: Claudio Gamboa<\/li>\n\n\n\n<li><strong>Esperanza<\/strong>: Sebasti\u00e1n Spies<\/li>\n\n\n\n<li><strong>Avellaneda<\/strong>: Osvaldo Fern\u00e1ndez<\/li>\n\n\n\n<li><strong>Monte Vera<\/strong>: Dar\u00edo Pascual Juan<\/li>\n\n\n\n<li><strong>Recreo<\/strong>: Miguel \u00c1ngel Chiarena<\/li>\n\n\n\n<li><strong>Santo Tom\u00e9<\/strong>: Gisel Miravette<\/li>\n\n\n\n<li><strong>Sastre &amp; Ortiz<\/strong>: Mariano Trossero<\/li>\n\n\n\n<li><strong>Totoras<\/strong>: Carlos \u201cCoco\u201d Bonetto<\/li>\n\n\n\n<li><strong>Funes<\/strong>: Jer\u00f3nimo Gianello<\/li>\n\n\n\n<li><strong>San Genaro<\/strong>: Eugenio Cecchini<\/li>\n<\/ul>\n","protected":false},"excerpt":{"rendered":"<p>La Libertad Avanza (LLA), el partido liderado a nivel nacional por Javier Milei, obtuvo un&#8230;<\/p>\n","protected":false},"author":2,"featured_media":2691,"comment_status":"open","ping_status":"open","sticky":false,"template":"","format":"standard","meta":{"_acf_changed":false,"advanced_seo_description":"","jetpack_seo_html_title":"","jetpack_seo_noindex":false,"_jetpack_memberships_contains_paid_content":false,"footnotes":""},"categories":[4],"tags":[20],"class_list":["post-2690","post","type-post","status-publish","format-standard","has-post-thumbnail","hentry","category-politica","tag-destacados"],"acf":[],"jetpack_featured_media_url":"https:\/\/elliberador.com\/wp-content\/uploads\/2025\/07\/karina-romina-santa-fe-scaled.jpg","jetpack_sharing_enabled":true,"_links":{"self":[{"href":"https:\/\/elliberador.com\/index.php\/wp-json\/wp\/v2\/posts\/2690","targetHints":{"allow":["GET"]}}],"collection":[{"href":"https:\/\/elliberador.com\/index.php\/wp-json\/wp\/v2\/posts"}],"about":[{"href":"https:\/\/elliberador.com\/index.php\/wp-json\/wp\/v2\/types\/post"}],"author":[{"embeddable":true,"href":"https:\/\/elliberador.com\/index.php\/wp-json\/wp\/v2\/users\/2"}],"replies":[{"embeddable":true,"href":"https:\/\/elliberador.com\/index.php\/wp-json\/wp\/v2\/comments?post=2690"}],"version-history":[{"count":3,"href":"https:\/\/elliberador.com\/index.php\/wp-json\/wp\/v2\/posts\/2690\/revisions"}],"predecessor-version":[{"id":2990,"href":"https:\/\/elliberador.com\/index.php\/wp-json\/wp\/v2\/posts\/2690\/revisions\/2990"}],"wp:featuredmedia":[{"embeddable":true,"href":"https:\/\/elliberador.com\/index.php\/wp-json\/wp\/v2\/media\/2691"}],"wp:attachment":[{"href":"https:\/\/elliberador.com\/index.php\/wp-json\/wp\/v2\/media?parent=2690"}],"wp:term":[{"taxonomy":"category","embeddable":true,"href":"https:\/\/elliberador.com\/index.php\/wp-json\/wp\/v2\/categories?post=2690"},{"taxonomy":"post_tag","embeddable":true,"href":"https:\/\/elliberador.com\/index.php\/wp-json\/wp\/v2\/tags?post=2690"}],"curies":[{"name":"wp","href":"https:\/\/api.w.org\/{rel}","templated":true}]}}