{"id":2705,"date":"2025-07-02T20:43:13","date_gmt":"2025-07-02T23:43:13","guid":{"rendered":"https:\/\/elliberador.com\/?p=2705"},"modified":"2025-07-03T07:02:10","modified_gmt":"2025-07-03T10:02:10","slug":"la-libertad-avanza-le-arrebata-un-concejal-de-venado-tuerto-a-unidos-en-el-recuento-definitivo","status":"publish","type":"post","link":"https:\/\/elliberador.com\/index.php\/2025\/07\/02\/la-libertad-avanza-le-arrebata-un-concejal-de-venado-tuerto-a-unidos-en-el-recuento-definitivo\/","title":{"rendered":"La Libertad Avanza arrebata en Venado Tuerto un concejal de Unidos en el recuento definitivo"},"content":{"rendered":"\n<p>Este mi\u00e9rcoles se confirm\u00f3 una noticia inesperada pero hist\u00f3rica: La Libertad Avanza logr\u00f3 ingresar al Concejo de Venado Tuerto tras el escrutinio definitivo. Marisel Fabiani, que hab\u00eda quedado afuera por apenas cinco votos en el conteo provisorio, termin\u00f3 imponi\u00e9ndose por tres votos a favor y se qued\u00f3 con una de las bancas en juego.<\/p>\n\n\n\n<p>El dato no es menor: el ingreso de Fabiani desplaza a uno de los cuatro concejales que se atribu\u00eda Unidos, el frente del oficialismo local. Y lo hace en uno de los territorios m\u00e1s hostiles para las ideas de la libertad, nada menos que el reducto del exsenador Lisandro Enrico y del actual intendente Leonel Chiarella, ambos referentes del radicalismo santafesino.<\/p>\n\n\n\n<figure class=\"wp-block-image size-large\"><img fetchpriority=\"high\" decoding=\"async\" width=\"576\" height=\"1024\" src=\"https:\/\/elliberador.com\/wp-content\/uploads\/2025\/07\/1000782164-576x1024.jpg\" alt=\"\" class=\"wp-image-2711\" srcset=\"https:\/\/elliberador.com\/wp-content\/uploads\/2025\/07\/1000782164-576x1024.jpg 576w, https:\/\/elliberador.com\/wp-content\/uploads\/2025\/07\/1000782164-169x300.jpg 169w, https:\/\/elliberador.com\/wp-content\/uploads\/2025\/07\/1000782164-768x1365.jpg 768w, https:\/\/elliberador.com\/wp-content\/uploads\/2025\/07\/1000782164-864x1536.jpg 864w, https:\/\/elliberador.com\/wp-content\/uploads\/2025\/07\/1000782164-1152x2048.jpg 1152w, https:\/\/elliberador.com\/wp-content\/uploads\/2025\/07\/1000782164-1024x1820.jpg 1024w, https:\/\/elliberador.com\/wp-content\/uploads\/2025\/07\/1000782164-scaled.jpg 1440w\" sizes=\"(max-width: 576px) 100vw, 576px\" \/><\/figure>\n\n\n\n<p>La elecci\u00f3n fue tan ajustada que cualquier detalle hizo la diferencia. \u00bfHubo un error de carga? \u00bfUn conteo apresurado? No se sabe con certeza, pero llam\u00f3 la atenci\u00f3n que, al conocerse que el resultado se revert\u00eda, el propio intendente Chiarella se comunicara de inmediato con autoridades del Tribunal Electoral. Un gesto que no pas\u00f3 desapercibido en la escena pol\u00edtica local y que evidencia al menos un nivel de interlocuci\u00f3n privilegiado entre el poder pol\u00edtico y la justicia electoral.<\/p>\n\n\n\n<p>Lo cierto es que la libertad lleg\u00f3 tambi\u00e9n a Venado Tuerto, con una banca ganada con esfuerzo, fiscalizaci\u00f3n y convicci\u00f3n. En un escenario dominado por estructuras tradicionales y redes de poder, la presencia de Maricel Fabiani en el Concejo ser\u00e1 una voz distinta, inc\u00f3moda para muchos, pero necesaria para todos.<\/p>\n\n\n\n<figure class=\"wp-block-image size-large\"><img decoding=\"async\" width=\"768\" height=\"1024\" src=\"https:\/\/elliberador.com\/wp-content\/uploads\/2025\/07\/1000782510-768x1024.jpg\" alt=\"\" class=\"wp-image-2712\" srcset=\"https:\/\/elliberador.com\/wp-content\/uploads\/2025\/07\/1000782510-768x1024.jpg 768w, https:\/\/elliberador.com\/wp-content\/uploads\/2025\/07\/1000782510-225x300.jpg 225w, https:\/\/elliberador.com\/wp-content\/uploads\/2025\/07\/1000782510-1152x1536.jpg 1152w, https:\/\/elliberador.com\/wp-content\/uploads\/2025\/07\/1000782510-1024x1365.jpg 1024w, https:\/\/elliberador.com\/wp-content\/uploads\/2025\/07\/1000782510.jpg 1200w\" sizes=\"(max-width: 768px) 100vw, 768px\" \/><\/figure>\n\n\n\n<figure class=\"wp-block-video\"><\/figure>\n\n\n\n<figure class=\"wp-block-video\"><\/figure>\n","protected":false},"excerpt":{"rendered":"<p>Este mi&eacute;rcoles se confirm&oacute; una noticia inesperada pero hist&oacute;rica: La Libertad Avanza logr&oacute; ingresar al&#8230;<\/p>\n","protected":false},"author":2,"featured_media":2709,"comment_status":"open","ping_status":"open","sticky":false,"template":"","format":"standard","meta":{"_acf_changed":false,"advanced_seo_description":"","jetpack_seo_html_title":"","jetpack_seo_noindex":false,"_jetpack_memberships_contains_paid_content":false,"footnotes":""},"categories":[4],"tags":[20],"class_list":["post-2705","post","type-post","status-publish","format-standard","has-post-thumbnail","hentry","category-politica","tag-destacados"],"acf":[],"jetpack_featured_media_url":"https:\/\/elliberador.com\/wp-content\/uploads\/2025\/07\/IMG-20250702-WA0194.jpg","jetpack_sharing_enabled":true,"_links":{"self":[{"href":"https:\/\/elliberador.com\/index.php\/wp-json\/wp\/v2\/posts\/2705","targetHints":{"allow":["GET"]}}],"collection":[{"href":"https:\/\/elliberador.com\/index.php\/wp-json\/wp\/v2\/posts"}],"about":[{"href":"https:\/\/elliberador.com\/index.php\/wp-json\/wp\/v2\/types\/post"}],"author":[{"embeddable":true,"href":"https:\/\/elliberador.com\/index.php\/wp-json\/wp\/v2\/users\/2"}],"replies":[{"embeddable":true,"href":"https:\/\/elliberador.com\/index.php\/wp-json\/wp\/v2\/comments?post=2705"}],"version-history":[{"count":5,"href":"https:\/\/elliberador.com\/index.php\/wp-json\/wp\/v2\/posts\/2705\/revisions"}],"predecessor-version":[{"id":2716,"href":"https:\/\/elliberador.com\/index.php\/wp-json\/wp\/v2\/posts\/2705\/revisions\/2716"}],"wp:featuredmedia":[{"embeddable":true,"href":"https:\/\/elliberador.com\/index.php\/wp-json\/wp\/v2\/media\/2709"}],"wp:attachment":[{"href":"https:\/\/elliberador.com\/index.php\/wp-json\/wp\/v2\/media?parent=2705"}],"wp:term":[{"taxonomy":"category","embeddable":true,"href":"https:\/\/elliberador.com\/index.php\/wp-json\/wp\/v2\/categories?post=2705"},{"taxonomy":"post_tag","embeddable":true,"href":"https:\/\/elliberador.com\/index.php\/wp-json\/wp\/v2\/tags?post=2705"}],"curies":[{"name":"wp","href":"https:\/\/api.w.org\/{rel}","templated":true}]}}