{"id":2730,"date":"2025-07-05T19:26:48","date_gmt":"2025-07-05T22:26:48","guid":{"rendered":"https:\/\/elliberador.com\/?p=2730"},"modified":"2025-07-05T19:26:49","modified_gmt":"2025-07-05T22:26:49","slug":"rusia-lanza-el-mayor-ataque-aereo-sobre-ucrania-tras-una-llamada-entre-trump-y-putin","status":"publish","type":"post","link":"https:\/\/elliberador.com\/index.php\/2025\/07\/05\/rusia-lanza-el-mayor-ataque-aereo-sobre-ucrania-tras-una-llamada-entre-trump-y-putin\/","title":{"rendered":"Rusia lanza el mayor ataque a\u00e9reo sobre Ucrania tras una llamada entre Trump y Putin"},"content":{"rendered":"\n<p><strong>Kiev, 5 de julio de 2025<\/strong> \u2013 Apenas horas despu\u00e9s de una conversaci\u00f3n telef\u00f3nica privada entre el expresidente estadounidense Donald Trump y su par ruso Vladimir Putin, el Kremlin orden\u00f3 el mayor ataque a\u00e9reo sobre territorio ucraniano desde el inicio del conflicto en 2022. Seg\u00fan fuentes oficiales, m\u00e1s de 500 drones kamikazes y decenas de misiles impactaron en las principales ciudades de Ucrania, dejando al menos 38 muertos, m\u00e1s de 150 heridos y una enorme cantidad de infraestructura civil destruida.<\/p>\n\n\n\n<p>Entre los objetivos alcanzados se encuentran hospitales, escuelas y barrios residenciales en Kyiv, Dnipro, Lviv y Odesa, en lo que el presidente ucraniano Volod\u00edmir Zelenski calific\u00f3 como un \u201cacto deliberado de terror\u201d. Zelenski tambi\u00e9n asegur\u00f3 que Putin \u201chumill\u00f3 a Trump y a Ucrania\u201d, insinuando que la llamada entre ambos l\u00edderes habr\u00eda sido interpretada por el Kremlin como una se\u00f1al de debilidad o permisividad.<\/p>\n\n\n\n<p>Horas m\u00e1s tarde, y tras la presi\u00f3n internacional, Donald Trump se comunic\u00f3 nuevamente con Zelenski. En el contacto, el republicano expres\u00f3 su preocupaci\u00f3n por la escalada b\u00e9lica y desliz\u00f3 la posibilidad de reactivar el env\u00edo de armas a Ucrania, un punto que hab\u00eda sido objeto de debate interno en Estados Unidos por parte del ala m\u00e1s cr\u00edtica al intervencionismo global.<\/p>\n\n\n\n<h3 class=\"wp-block-heading\">Un conflicto que sigue dependiendo de Washington<\/h3>\n\n\n\n<p>Desde Kiev advierten que cerca de un tercio de su capacidad defensiva actual depende del respaldo estadounidense. La reanudaci\u00f3n del di\u00e1logo con Trump, en pleno proceso de campa\u00f1a hacia las presidenciales de noviembre, podr\u00eda marcar un giro en la estrategia ucraniana, que ve en la figura del exmandatario tanto riesgos como oportunidades para frenar el avance ruso.<\/p>\n\n\n\n<p>Mientras tanto, el ataque refuerza la percepci\u00f3n de que Mosc\u00fa busca imponer su dominio territorial con fuerza militar antes de cualquier eventual negociaci\u00f3n diplom\u00e1tica que surja de un cambio de liderazgo en Washington.<\/p>\n","protected":false},"excerpt":{"rendered":"<p>Kiev, 5 de julio de 2025 &ndash; Apenas horas despu&eacute;s de una conversaci&oacute;n telef&oacute;nica privada&#8230;<\/p>\n","protected":false},"author":2,"featured_media":2731,"comment_status":"open","ping_status":"open","sticky":false,"template":"","format":"standard","meta":{"_acf_changed":false,"advanced_seo_description":"","jetpack_seo_html_title":"","jetpack_seo_noindex":false,"_jetpack_memberships_contains_paid_content":false,"footnotes":""},"categories":[10],"tags":[20],"class_list":["post-2730","post","type-post","status-publish","format-standard","has-post-thumbnail","hentry","category-internacionales","tag-destacados"],"acf":[],"jetpack_featured_media_url":"https:\/\/elliberador.com\/wp-content\/uploads\/2025\/07\/skynews-kyiv-borodyanka-ukraine_5692737.jpg","jetpack_sharing_enabled":true,"_links":{"self":[{"href":"https:\/\/elliberador.com\/index.php\/wp-json\/wp\/v2\/posts\/2730","targetHints":{"allow":["GET"]}}],"collection":[{"href":"https:\/\/elliberador.com\/index.php\/wp-json\/wp\/v2\/posts"}],"about":[{"href":"https:\/\/elliberador.com\/index.php\/wp-json\/wp\/v2\/types\/post"}],"author":[{"embeddable":true,"href":"https:\/\/elliberador.com\/index.php\/wp-json\/wp\/v2\/users\/2"}],"replies":[{"embeddable":true,"href":"https:\/\/elliberador.com\/index.php\/wp-json\/wp\/v2\/comments?post=2730"}],"version-history":[{"count":1,"href":"https:\/\/elliberador.com\/index.php\/wp-json\/wp\/v2\/posts\/2730\/revisions"}],"predecessor-version":[{"id":2732,"href":"https:\/\/elliberador.com\/index.php\/wp-json\/wp\/v2\/posts\/2730\/revisions\/2732"}],"wp:featuredmedia":[{"embeddable":true,"href":"https:\/\/elliberador.com\/index.php\/wp-json\/wp\/v2\/media\/2731"}],"wp:attachment":[{"href":"https:\/\/elliberador.com\/index.php\/wp-json\/wp\/v2\/media?parent=2730"}],"wp:term":[{"taxonomy":"category","embeddable":true,"href":"https:\/\/elliberador.com\/index.php\/wp-json\/wp\/v2\/categories?post=2730"},{"taxonomy":"post_tag","embeddable":true,"href":"https:\/\/elliberador.com\/index.php\/wp-json\/wp\/v2\/tags?post=2730"}],"curies":[{"name":"wp","href":"https:\/\/api.w.org\/{rel}","templated":true}]}}