{"id":2733,"date":"2025-07-05T20:17:18","date_gmt":"2025-07-05T23:17:18","guid":{"rendered":"https:\/\/elliberador.com\/?p=2733"},"modified":"2025-07-05T20:17:19","modified_gmt":"2025-07-05T23:17:19","slug":"hamas-acepta-negociar-una-tregua-en-gaza-y-se-abre-una-ventana-para-la-paz","status":"publish","type":"post","link":"https:\/\/elliberador.com\/index.php\/2025\/07\/05\/hamas-acepta-negociar-una-tregua-en-gaza-y-se-abre-una-ventana-para-la-paz\/","title":{"rendered":"Ham\u00e1s acepta negociar una tregua en Gaza y se abre una ventana para la paz"},"content":{"rendered":"\n<p><strong>Gaza \/ Jerusal\u00e9n, 5 de julio de 2025<\/strong> \u2013 Por primera vez en semanas, Ham\u00e1s dio una se\u00f1al concreta de voluntad negociadora al confirmar una \u201crespuesta positiva\u201d a la nueva propuesta de alto el fuego presentada por los mediadores internacionales. Aunque no se trata a\u00fan de una aceptaci\u00f3n formal del acuerdo, el grupo islamista se mostr\u00f3 \u201cseriamente dispuesto a entrar de inmediato en una ronda de negociaciones\u201d.<\/p>\n\n\n\n<p>La iniciativa, impulsada principalmente por Estados Unidos, contempla un alto el fuego por 60 d\u00edas, la liberaci\u00f3n escalonada de 10 rehenes israel\u00edes con vida, y la entrega de los cuerpos de otros 18 en manos de Ham\u00e1s. A cambio, se proceder\u00e1 a la liberaci\u00f3n de prisioneros palestinos detenidos por Israel.<\/p>\n\n\n\n<p>El plan tambi\u00e9n prev\u00e9 el ingreso inmediato y sin restricciones de ayuda humanitaria \u2014alimentos, medicamentos y suministros b\u00e1sicos\u2014 bajo supervisi\u00f3n de la ONU y la Cruz Roja. Adem\u00e1s, se exige una retirada progresiva del ej\u00e9rcito israel\u00ed del interior de Gaza.<\/p>\n\n\n\n<figure class=\"wp-block-image size-large is-resized\"><img fetchpriority=\"high\" decoding=\"async\" width=\"1024\" height=\"819\" src=\"https:\/\/elliberador.com\/wp-content\/uploads\/2025\/07\/1854-1024x819.avif\" alt=\"\" class=\"wp-image-2736\" style=\"width:582px;height:auto\" srcset=\"https:\/\/elliberador.com\/wp-content\/uploads\/2025\/07\/1854-1024x819.avif 1024w, https:\/\/elliberador.com\/wp-content\/uploads\/2025\/07\/1854-300x240.avif 300w, https:\/\/elliberador.com\/wp-content\/uploads\/2025\/07\/1854-768x614.avif 768w, https:\/\/elliberador.com\/wp-content\/uploads\/2025\/07\/1854-1536x1229.avif 1536w, https:\/\/elliberador.com\/wp-content\/uploads\/2025\/07\/1854-2048x1638.avif 2048w\" sizes=\"(max-width: 1024px) 100vw, 1024px\" \/><\/figure>\n\n\n\n<h3 class=\"wp-block-heading\">Garant\u00edas y tensiones previas a la visita de Netanyahu<\/h3>\n\n\n\n<p>Uno de los principales puntos de tensi\u00f3n sigue siendo la exigencia de Ham\u00e1s de obtener garant\u00edas internacionales de que, una vez concluida la tregua, no se reanudar\u00e1n las operaciones militares. Esa cl\u00e1usula, hasta ahora, ha sido un obst\u00e1culo para acuerdos anteriores.<\/p>\n\n\n\n<p>El movimiento coincide con la inminente visita del primer ministro israel\u00ed Benjam\u00edn Netanyahu a Washington, lo que podr\u00eda reactivar las gestiones diplom\u00e1ticas en torno al conflicto.<\/p>\n\n\n\n<p>Sin embargo, la situaci\u00f3n sobre el terreno no se ha detenido: en las \u00faltimas 24 horas, al menos 138 palestinos fueron asesinados durante bombardeos israel\u00edes en distintos puntos de la Franja.<\/p>\n\n\n\n<h3 class=\"wp-block-heading\">Un conflicto que se niega a apagarse<\/h3>\n\n\n\n<p>Mientras tanto, la comunidad internacional observa con cautela. La posibilidad de una tregua \u2014aunque limitada\u2014 podr\u00eda aliviar moment\u00e1neamente una de las zonas m\u00e1s tensas del planeta, aunque el trasfondo del conflicto y las exigencias mutuas a\u00fan parecen lejos de resolverse.<\/p>\n","protected":false},"excerpt":{"rendered":"<p>Gaza \/ Jerusal&eacute;n, 5 de julio de 2025 &ndash; Por primera vez en semanas, Ham&aacute;s&#8230;<\/p>\n","protected":false},"author":2,"featured_media":2734,"comment_status":"open","ping_status":"open","sticky":false,"template":"","format":"standard","meta":{"_acf_changed":false,"advanced_seo_description":"","jetpack_seo_html_title":"","jetpack_seo_noindex":false,"_jetpack_memberships_contains_paid_content":false,"footnotes":""},"categories":[10],"tags":[20],"class_list":["post-2733","post","type-post","status-publish","format-standard","has-post-thumbnail","hentry","category-internacionales","tag-destacados"],"acf":[],"jetpack_featured_media_url":"https:\/\/elliberador.com\/wp-content\/uploads\/2025\/07\/imrs.jpeg","jetpack_sharing_enabled":true,"_links":{"self":[{"href":"https:\/\/elliberador.com\/index.php\/wp-json\/wp\/v2\/posts\/2733","targetHints":{"allow":["GET"]}}],"collection":[{"href":"https:\/\/elliberador.com\/index.php\/wp-json\/wp\/v2\/posts"}],"about":[{"href":"https:\/\/elliberador.com\/index.php\/wp-json\/wp\/v2\/types\/post"}],"author":[{"embeddable":true,"href":"https:\/\/elliberador.com\/index.php\/wp-json\/wp\/v2\/users\/2"}],"replies":[{"embeddable":true,"href":"https:\/\/elliberador.com\/index.php\/wp-json\/wp\/v2\/comments?post=2733"}],"version-history":[{"count":1,"href":"https:\/\/elliberador.com\/index.php\/wp-json\/wp\/v2\/posts\/2733\/revisions"}],"predecessor-version":[{"id":2737,"href":"https:\/\/elliberador.com\/index.php\/wp-json\/wp\/v2\/posts\/2733\/revisions\/2737"}],"wp:featuredmedia":[{"embeddable":true,"href":"https:\/\/elliberador.com\/index.php\/wp-json\/wp\/v2\/media\/2734"}],"wp:attachment":[{"href":"https:\/\/elliberador.com\/index.php\/wp-json\/wp\/v2\/media?parent=2733"}],"wp:term":[{"taxonomy":"category","embeddable":true,"href":"https:\/\/elliberador.com\/index.php\/wp-json\/wp\/v2\/categories?post=2733"},{"taxonomy":"post_tag","embeddable":true,"href":"https:\/\/elliberador.com\/index.php\/wp-json\/wp\/v2\/tags?post=2733"}],"curies":[{"name":"wp","href":"https:\/\/api.w.org\/{rel}","templated":true}]}}