{"id":2739,"date":"2025-07-07T16:29:53","date_gmt":"2025-07-07T19:29:53","guid":{"rendered":"https:\/\/elliberador.com\/?p=2739"},"modified":"2025-07-07T17:24:07","modified_gmt":"2025-07-07T20:24:07","slug":"julia-mengolini-cobro-13-000-dolares-dias-antes-de-los-ataque-personales-a-milei-y-su-familia-en-2023","status":"publish","type":"post","link":"https:\/\/elliberador.com\/index.php\/2025\/07\/07\/julia-mengolini-cobro-13-000-dolares-dias-antes-de-los-ataque-personales-a-milei-y-su-familia-en-2023\/","title":{"rendered":"Julia Mengolini cobr\u00f3 $13.000 d\u00f3lares d\u00edas antes de los ataque personales a Milei y su familia en 2023"},"content":{"rendered":"\n<p><strong>Buenos Aires, julio de 2025<\/strong> \u2013 Un nuevo informe del medio independiente <em>El Disenso<\/em> revel\u00f3 que la periodista militante Julia Mengolini recibi\u00f3 <strong>m\u00e1s de 6 millones de pesos (equivalentes a unos 12 mil d\u00f3lares en ese momento)<\/strong> de parte del gobierno de Axel Kicillof <strong>en mayo de 2023<\/strong>, pocos d\u00edas antes de lanzar una de las acusaciones m\u00e1s graves y ofensivas contra Javier Milei: <strong>la denuncia de una supuesta \u201crelaci\u00f3n incestuosa\u201d con su hermana Karina<\/strong>, realizada en vivo durante una emisi\u00f3n del programa <em>Duro de Domar<\/em> en C5N.<\/p>\n\n\n\n<p>En aquel momento, Mengolini no solo repiti\u00f3 una narrativa sin sustento ni pruebas, sino que lo hizo de forma calculada en pleno a\u00f1o electoral, admitiendo incluso que estaba dispuesta a usar <strong>\u201cgolpes bajos\u201d<\/strong> para impedir que el actual presidente llegara al poder. Ahora, el contexto detr\u00e1s de esa campa\u00f1a sucia cobra una dimensi\u00f3n a\u00fan m\u00e1s oscura: <strong>la pauta oficial que recib\u00eda de parte del Estado bonaerense<\/strong> podr\u00eda haber sido el motor de su militancia \u00abperiod\u00edstica\u00bb.<\/p>\n\n\n\n<p>Seg\u00fan la investigaci\u00f3n de <em>El Disenso<\/em>, <strong>en 2024 la productora de Mengolini recibi\u00f3 m\u00e1s de 117 millones de pesos del gobierno de Kicillof<\/strong>, consolid\u00e1ndose como una de las m\u00e1s beneficiadas por la pauta oficial. Pero lo m\u00e1s llamativo es el primer pago sustancial, <strong>de m\u00e1s de 6 millones<\/strong>, justo antes del estallido medi\u00e1tico de la acusaci\u00f3n infame contra Milei.<\/p>\n\n\n\n<h3 class=\"wp-block-heading\">\ud83e\uddca De victimaria a v\u00edctima: las vueltas del relato<\/h3>\n\n\n\n<p>Lo que en 2023 fue un ataque despiadado desde el aparato medi\u00e1tico kirchnerista hoy se le volvi\u00f3 en contra. Mengolini asegura estar atravesando una situaci\u00f3n personal muy dif\u00edcil por el hostigamiento en redes sociales, luego de que circularan supuestos <strong>videos e im\u00e1genes sexuales con su propio hermano<\/strong>, en una suerte de reversi\u00f3n de la acusaci\u00f3n original. Si bien muchos de estos contenidos podr\u00edan estar generados con inteligencia artificial, el impacto p\u00fablico ha sido evidente.<\/p>\n\n\n\n<p>Lo parad\u00f3jico del caso es que <strong>quien abri\u00f3 esa puerta fue ella misma<\/strong>, al banalizar una acusaci\u00f3n tan grave como el incesto y utilizarla para desgastar pol\u00edticamente a Milei. Hoy, cuando sufre un espejo de esa difamaci\u00f3n, <strong>descubre los l\u00edmites del barro que ayud\u00f3 a construir<\/strong>.<\/p>\n\n\n\n<h3 class=\"wp-block-heading\">\ud83d\udcb0 La pauta como herramienta de guerra sucia<\/h3>\n\n\n\n<p>El informe de <em>El Disenso<\/em> pone nuevamente en el centro del debate el <strong>uso partidario y propagand\u00edstico de la pauta oficial<\/strong>, que lejos de informar, se ha convertido en una herramienta de manipulaci\u00f3n emocional y pol\u00edtica.<\/p>\n\n\n\n<p>Mientras tanto, Julia Mengolini se presenta como v\u00edctima, olvidando que fue <strong>actora central de una campa\u00f1a vil<\/strong> contra una persona y su familia. Hoy, el escrache digital que ella misma justific\u00f3 como \u201cparte de la pol\u00edtica\u201d se le vuelve en contra, y se descubre que quiz\u00e1s <strong>el precio de la mentira ya hab\u00eda sido pactado y cobrado<\/strong>.<\/p>\n\n\n\n<hr class=\"wp-block-separator has-alpha-channel-opacity\"\/>\n\n\n\n<h3 class=\"wp-block-heading\">\ud83e\udded En resumen:<\/h3>\n\n\n\n<ul class=\"wp-block-list\">\n<li>Julia Mengolini recibi\u00f3 m\u00e1s de 6 millones de pesos en mayo de 2023 del gobierno de Kicillof.<\/li>\n\n\n\n<li>D\u00edas despu\u00e9s, acus\u00f3 sin pruebas a Milei de tener una relaci\u00f3n incestuosa con su hermana.<\/li>\n\n\n\n<li>Hoy denuncia ser v\u00edctima de una campa\u00f1a en su contra, pero el clima lo foment\u00f3 ella misma.<\/li>\n\n\n\n<li>El informe de <em>El Disenso<\/em> demuestra c\u00f3mo la pauta estatal fue utilizada para financiar ataques pol\u00edticos durante la campa\u00f1a<\/li>\n<\/ul>\n","protected":false},"excerpt":{"rendered":"<p>D\u00edas antes de acusar a Javier Milei de incesto en televisi\u00f3n, Julia Mengolini recibi\u00f3 m\u00e1s de 6 millones (15 millones al d\u00eda de hoy) de pesos en pauta del gobierno de Kicillof. Hoy denuncia hostigamiento, pero fue ella quien cruz\u00f3 la l\u00ednea, financiada por el Estado para ensuciar al entonces candidato liberal. La verdad empieza a salir a la luz.<\/p>\n","protected":false},"author":2,"featured_media":2740,"comment_status":"open","ping_status":"open","sticky":false,"template":"","format":"standard","meta":{"_acf_changed":false,"advanced_seo_description":"","jetpack_seo_html_title":"","jetpack_seo_noindex":false,"_jetpack_memberships_contains_paid_content":false,"footnotes":""},"categories":[4],"tags":[20],"class_list":["post-2739","post","type-post","status-publish","format-standard","has-post-thumbnail","hentry","category-politica","tag-destacados"],"acf":[],"jetpack_featured_media_url":"https:\/\/elliberador.com\/wp-content\/uploads\/2025\/07\/Mengolini-e1524061002541.jpg","jetpack_sharing_enabled":true,"_links":{"self":[{"href":"https:\/\/elliberador.com\/index.php\/wp-json\/wp\/v2\/posts\/2739","targetHints":{"allow":["GET"]}}],"collection":[{"href":"https:\/\/elliberador.com\/index.php\/wp-json\/wp\/v2\/posts"}],"about":[{"href":"https:\/\/elliberador.com\/index.php\/wp-json\/wp\/v2\/types\/post"}],"author":[{"embeddable":true,"href":"https:\/\/elliberador.com\/index.php\/wp-json\/wp\/v2\/users\/2"}],"replies":[{"embeddable":true,"href":"https:\/\/elliberador.com\/index.php\/wp-json\/wp\/v2\/comments?post=2739"}],"version-history":[{"count":4,"href":"https:\/\/elliberador.com\/index.php\/wp-json\/wp\/v2\/posts\/2739\/revisions"}],"predecessor-version":[{"id":2754,"href":"https:\/\/elliberador.com\/index.php\/wp-json\/wp\/v2\/posts\/2739\/revisions\/2754"}],"wp:featuredmedia":[{"embeddable":true,"href":"https:\/\/elliberador.com\/index.php\/wp-json\/wp\/v2\/media\/2740"}],"wp:attachment":[{"href":"https:\/\/elliberador.com\/index.php\/wp-json\/wp\/v2\/media?parent=2739"}],"wp:term":[{"taxonomy":"category","embeddable":true,"href":"https:\/\/elliberador.com\/index.php\/wp-json\/wp\/v2\/categories?post=2739"},{"taxonomy":"post_tag","embeddable":true,"href":"https:\/\/elliberador.com\/index.php\/wp-json\/wp\/v2\/tags?post=2739"}],"curies":[{"name":"wp","href":"https:\/\/api.w.org\/{rel}","templated":true}]}}