{"id":2802,"date":"2025-07-10T09:47:39","date_gmt":"2025-07-10T12:47:39","guid":{"rendered":"https:\/\/elliberador.com\/?p=2802"},"modified":"2025-07-10T16:17:46","modified_gmt":"2025-07-10T19:17:46","slug":"trump-evalua-arancel-cero-para-exportaciones-argentinas-un-gesto-politico-hacia-milei-que-podria-reconfigurar-el-comercio-bilateral","status":"publish","type":"post","link":"https:\/\/elliberador.com\/index.php\/2025\/07\/10\/trump-evalua-arancel-cero-para-exportaciones-argentinas-un-gesto-politico-hacia-milei-que-podria-reconfigurar-el-comercio-bilateral\/","title":{"rendered":"Trump eval\u00faa arancel cero para exportaciones argentinas: un gesto pol\u00edtico hacia Milei que podr\u00eda reconfigurar el comercio bilateral"},"content":{"rendered":"\n<p><\/p>\n\n\n\n<p>Seg\u00fan fuentes diplom\u00e1ticas, el presidente estadounidense <strong>estar\u00eda dispuesto a permitir que hasta 100 productos argentinos ingresen al mercado norteamericano con arancel cero<\/strong>, en contraste con las restricciones que impuso a otras naciones.<\/p>\n\n\n\n<h2 class=\"wp-block-heading\">Un gesto ideol\u00f3gico y estrat\u00e9gico<\/h2>\n\n\n\n<p>El eventual beneficio para Argentina no surge de la casualidad, sino del <strong>alineamiento ideol\u00f3gico y estrat\u00e9gico entre los gobiernos de Javier Milei y Donald Trump<\/strong>. Ambos l\u00edderes comparten una visi\u00f3n cr\u00edtica del globalismo, promueven el nacionalismo econ\u00f3mico, la soberan\u00eda de los pa\u00edses frente a los organismos multilaterales, y una econom\u00eda orientada al sector privado.<\/p>\n\n\n\n<p>Desde que asumi\u00f3 la presidencia, Milei ha elogiado abiertamente a Trump, y el v\u00ednculo personal entre ambos ha crecido. La presencia de funcionarios libertarios en foros estadounidenses y el respaldo discursivo del presidente norteamericano a las reformas argentinas <strong>han contribuido a consolidar una relaci\u00f3n que podr\u00eda traducirse ahora en beneficios econ\u00f3micos concretos<\/strong>.<\/p>\n\n\n\n<h2 class=\"wp-block-heading\">Una excepci\u00f3n en un mundo m\u00e1s proteccionista<\/h2>\n\n\n\n<p>La posibilidad de que Argentina quede exceptuada de aranceles surge en un contexto global donde <strong>crecen las tensiones comerciales<\/strong>. Trump ya ha anticipado que impondr\u00eda nuevos aranceles a importaciones desde China, Europa y otros mercados emergentes, como parte de su estrategia para repatriar empleos y fortalecer la industria estadounidense.<\/p>\n\n\n\n<p>En ese marco, <strong>darle a Argentina un trato preferencial ser\u00eda una se\u00f1al de confianza pol\u00edtica y econ\u00f3mica<\/strong>, adem\u00e1s de una ventaja estrat\u00e9gica para las empresas locales que compiten en sectores como agroindustria, biotecnolog\u00eda, energ\u00eda, vino, autopartes y litio.<\/p>\n\n\n\n<h2 class=\"wp-block-heading\">Un giro en la pol\u00edtica exterior argentina<\/h2>\n\n\n\n<p>Durante a\u00f1os, Argentina fue ignorada por los centros de poder global, en parte por su imprevisibilidad institucional y por su alineamiento con reg\u00edmenes autoritarios. El giro de Milei en pol\u00edtica exterior, centrado en el <strong>respeto a Occidente, la defensa de la libertad y la integraci\u00f3n comercial real<\/strong>, empieza a dar se\u00f1ales de impacto tangible.<\/p>\n\n\n\n<p>De concretarse este acuerdo arancelario, <strong>ser\u00eda uno de los hitos m\u00e1s relevantes de la pol\u00edtica comercial argentina en d\u00e9cadas<\/strong>, sin necesidad de tratados infinitos ni concesiones burocr\u00e1ticas. Solo bastar\u00eda un decreto presidencial estadounidense para abrirle al pa\u00eds una ventana clave al mercado m\u00e1s grande del mundo.<\/p>\n\n\n\n<h2 class=\"wp-block-heading\">Una oportunidad hist\u00f3rica<\/h2>\n\n\n\n<p>El acceso preferencial al mercado de EE.UU. no solo beneficiar\u00eda a empresas exportadoras: tambi\u00e9n enviar\u00eda una <strong>se\u00f1al al resto del mundo sobre el nuevo rol de Argentina<\/strong>. La confianza que genera un pa\u00eds con reglas claras, reforma estructural y liderazgo pol\u00edtico s\u00f3lido, es una condici\u00f3n imprescindible para atraer inversiones y crecer sostenidamente.<\/p>\n\n\n\n<p>Como se\u00f1ala el economista <strong>Ludwig von Mises<\/strong>, <em>\u201cEl libre comercio es el m\u00e9todo m\u00e1s eficaz de cooperaci\u00f3n internacional. Impone la paz.\u201d<\/em><\/p>\n\n\n\n<p>Argentina, luego de d\u00e9cadas de aislamiento y proteccionismo, <strong>tiene la oportunidad de volver a jugar en las grandes ligas<\/strong>. Esta vez, con menos \u00e9pica ideol\u00f3gica y m\u00e1s resultados concretos.<\/p>\n","protected":false},"excerpt":{"rendered":"<p>En lo que ser\u00eda un fuerte gesto de respaldo a la nueva orientaci\u00f3n pol\u00edtica y econ\u00f3mica de Argentina, Donald Trump analiza exceptuar al pa\u00eds sudamericano de la suba general de aranceles que aplicar\u00eda a nivel global en caso de retornar a la Casa Blanca.<\/p>\n","protected":false},"author":2,"featured_media":2803,"comment_status":"open","ping_status":"open","sticky":false,"template":"","format":"standard","meta":{"_acf_changed":false,"advanced_seo_description":"","jetpack_seo_html_title":"","jetpack_seo_noindex":false,"_jetpack_memberships_contains_paid_content":false,"footnotes":""},"categories":[10],"tags":[20],"class_list":["post-2802","post","type-post","status-publish","format-standard","has-post-thumbnail","hentry","category-internacionales","tag-destacados"],"acf":[],"jetpack_featured_media_url":"https:\/\/elliberador.com\/wp-content\/uploads\/2025\/07\/comitivamt.jpg","jetpack_sharing_enabled":true,"_links":{"self":[{"href":"https:\/\/elliberador.com\/index.php\/wp-json\/wp\/v2\/posts\/2802","targetHints":{"allow":["GET"]}}],"collection":[{"href":"https:\/\/elliberador.com\/index.php\/wp-json\/wp\/v2\/posts"}],"about":[{"href":"https:\/\/elliberador.com\/index.php\/wp-json\/wp\/v2\/types\/post"}],"author":[{"embeddable":true,"href":"https:\/\/elliberador.com\/index.php\/wp-json\/wp\/v2\/users\/2"}],"replies":[{"embeddable":true,"href":"https:\/\/elliberador.com\/index.php\/wp-json\/wp\/v2\/comments?post=2802"}],"version-history":[{"count":3,"href":"https:\/\/elliberador.com\/index.php\/wp-json\/wp\/v2\/posts\/2802\/revisions"}],"predecessor-version":[{"id":2852,"href":"https:\/\/elliberador.com\/index.php\/wp-json\/wp\/v2\/posts\/2802\/revisions\/2852"}],"wp:featuredmedia":[{"embeddable":true,"href":"https:\/\/elliberador.com\/index.php\/wp-json\/wp\/v2\/media\/2803"}],"wp:attachment":[{"href":"https:\/\/elliberador.com\/index.php\/wp-json\/wp\/v2\/media?parent=2802"}],"wp:term":[{"taxonomy":"category","embeddable":true,"href":"https:\/\/elliberador.com\/index.php\/wp-json\/wp\/v2\/categories?post=2802"},{"taxonomy":"post_tag","embeddable":true,"href":"https:\/\/elliberador.com\/index.php\/wp-json\/wp\/v2\/tags?post=2802"}],"curies":[{"name":"wp","href":"https:\/\/api.w.org\/{rel}","templated":true}]}}