{"id":2805,"date":"2025-07-10T10:22:24","date_gmt":"2025-07-10T13:22:24","guid":{"rendered":"https:\/\/elliberador.com\/?p=2805"},"modified":"2025-07-10T10:22:26","modified_gmt":"2025-07-10T13:22:26","slug":"trump-castiga-a-lula-con-aranceles-del-50-y-denuncia-persecucion-a-bolsonaro","status":"publish","type":"post","link":"https:\/\/elliberador.com\/index.php\/2025\/07\/10\/trump-castiga-a-lula-con-aranceles-del-50-y-denuncia-persecucion-a-bolsonaro\/","title":{"rendered":"Trump castiga a Lula con aranceles del 50% y denuncia persecuci\u00f3n a Bolsonaro"},"content":{"rendered":"\n<p><\/p>\n\n\n\n<p>En un anuncio que sacudi\u00f3 los mercados y tens\u00f3 a\u00fan m\u00e1s la relaci\u00f3n entre ambos pa\u00edses, el presidente de Estados Unidos, Donald Trump, inform\u00f3 este mi\u00e9rcoles la <strong>imposici\u00f3n de un arancel del 50% a todas las importaciones brasile\u00f1as<\/strong> a partir del 1 de agosto. La medida fue justificada como una respuesta a las \u00abgraves injusticias\u00bb del gobierno de Luiz In\u00e1cio Lula da Silva y su pol\u00edtica de persecuci\u00f3n contra opositores.<\/p>\n\n\n\n<blockquote class=\"wp-block-quote is-layout-flow wp-block-quote-is-layout-flow\">\n<p>\u201cLa forma en que Brasil ha tratado al expresidente Jair Bolsonaro es una verg\u00fcenza internacional\u201d, expres\u00f3 Trump desde la Casa Blanca. \u201cEsto no es justicia, es una caza de brujas al estilo comunista\u201d.<\/p>\n<\/blockquote>\n\n\n\n<p>El republicano apunt\u00f3 adem\u00e1s contra el deterioro de las libertades en Brasil, acusando al gobierno de Lula de <strong>atentar contra la libertad de expresi\u00f3n<\/strong> y condicionar los procesos electorales mediante el uso del aparato judicial y medi\u00e1tico.<\/p>\n\n\n\n<h2 class=\"wp-block-heading\">Golpe a la econom\u00eda brasile\u00f1a<\/h2>\n\n\n\n<p>El anuncio tuvo efectos inmediatos en el mercado financiero. El <strong>real brasile\u00f1o cay\u00f3 m\u00e1s de un 2% frente al d\u00f3lar<\/strong>, y diversos sectores industriales temen el impacto de la barrera comercial impuesta por Washington. Estados Unidos es el segundo socio comercial de Brasil, despu\u00e9s de China, y este nuevo escenario podr\u00eda generar un golpe considerable a sus exportaciones.<\/p>\n\n\n\n<p>Desde Brasilia, el gobierno de Lula calific\u00f3 la medida como \u201carbitraria\u201d y acus\u00f3 a Trump de \u201cintromisi\u00f3n en los asuntos internos de Brasil\u201d. Sin embargo, hasta el momento no se anunci\u00f3 ninguna represalia concreta.<\/p>\n\n\n\n<h2 class=\"wp-block-heading\">Una advertencia ideol\u00f3gica<\/h2>\n\n\n\n<p>M\u00e1s all\u00e1 de la cuesti\u00f3n econ\u00f3mica, la decisi\u00f3n tiene un trasfondo claramente <strong>ideol\u00f3gico y estrat\u00e9gico<\/strong>. Trump ha sido un defensor p\u00fablico de Bolsonaro, a quien considera un aliado en la defensa de los valores tradicionales, el libre mercado y la soberan\u00eda nacional frente a la globalizaci\u00f3n progresista. La ofensiva judicial contra el expresidente brasile\u00f1o, acusado de incitar el desorden institucional y por presuntos delitos electorales, ha sido denunciada internacionalmente como parte de una estrategia para <strong>inhabilitar a figuras de derecha mediante el poder judicial<\/strong>, una t\u00e1ctica cada vez m\u00e1s habitual en Latinoam\u00e9rica.<\/p>\n\n\n\n<p>En este sentido, Trump lanz\u00f3 una advertencia que reson\u00f3 m\u00e1s all\u00e1 de Brasil:<\/p>\n\n\n\n<blockquote class=\"wp-block-quote is-layout-flow wp-block-quote-is-layout-flow\">\n<p>\u201cNadie que ame la libertad puede quedarse callado cuando un expresidente es perseguido por pensar distinto. Si no frenamos esta tendencia ahora, veremos a m\u00e1s l\u00edderes conservadores encarcelados por sus ideas en todo el continente\u201d.<\/p>\n<\/blockquote>\n\n\n\n<h2 class=\"wp-block-heading\">\u00bfUna oportunidad para Argentina?<\/h2>\n\n\n\n<p>Mientras varios pa\u00edses latinoamericanos podr\u00edan verse perjudicados por un endurecimiento comercial de EE.UU., la Argentina podr\u00eda verse favorecida. Tal como anticip\u00f3 <em>El Liberador<\/em> en su nota anterior, el gobierno norteamericano analiza <strong>excluir a la Argentina del paquete arancelario<\/strong> general, habilitando un acceso preferencial a su mercado para m\u00e1s de 100 productos nacionales.<\/p>\n\n\n\n<p>De concretarse, esta medida beneficiar\u00eda tanto a las exportaciones como al posicionamiento internacional del pa\u00eds, que bajo la administraci\u00f3n de Javier Milei ha trazado un <strong>alineamiento claro con las democracias liberales occidentales<\/strong> y con la pol\u00edtica exterior estadounidense liderada por Trump.<\/p>\n","protected":false},"excerpt":{"rendered":"<p>La Casa Blanca anunci\u00f3 una suba arancelaria sin precedentes contra Brasil, en un claro mensaje pol\u00edtico contra el gobierno de Lula y en defensa del expresidente Jair Bolsonaro.<\/p>\n","protected":false},"author":2,"featured_media":2806,"comment_status":"open","ping_status":"open","sticky":false,"template":"","format":"standard","meta":{"_acf_changed":false,"advanced_seo_description":"","jetpack_seo_html_title":"","jetpack_seo_noindex":false,"_jetpack_memberships_contains_paid_content":false,"footnotes":""},"categories":[10],"tags":[20],"class_list":["post-2805","post","type-post","status-publish","format-standard","has-post-thumbnail","hentry","category-internacionales","tag-destacados"],"acf":[],"jetpack_featured_media_url":"https:\/\/elliberador.com\/wp-content\/uploads\/2025\/07\/lula-y-trump-1961056.jpg","jetpack_sharing_enabled":true,"_links":{"self":[{"href":"https:\/\/elliberador.com\/index.php\/wp-json\/wp\/v2\/posts\/2805","targetHints":{"allow":["GET"]}}],"collection":[{"href":"https:\/\/elliberador.com\/index.php\/wp-json\/wp\/v2\/posts"}],"about":[{"href":"https:\/\/elliberador.com\/index.php\/wp-json\/wp\/v2\/types\/post"}],"author":[{"embeddable":true,"href":"https:\/\/elliberador.com\/index.php\/wp-json\/wp\/v2\/users\/2"}],"replies":[{"embeddable":true,"href":"https:\/\/elliberador.com\/index.php\/wp-json\/wp\/v2\/comments?post=2805"}],"version-history":[{"count":1,"href":"https:\/\/elliberador.com\/index.php\/wp-json\/wp\/v2\/posts\/2805\/revisions"}],"predecessor-version":[{"id":2807,"href":"https:\/\/elliberador.com\/index.php\/wp-json\/wp\/v2\/posts\/2805\/revisions\/2807"}],"wp:featuredmedia":[{"embeddable":true,"href":"https:\/\/elliberador.com\/index.php\/wp-json\/wp\/v2\/media\/2806"}],"wp:attachment":[{"href":"https:\/\/elliberador.com\/index.php\/wp-json\/wp\/v2\/media?parent=2805"}],"wp:term":[{"taxonomy":"category","embeddable":true,"href":"https:\/\/elliberador.com\/index.php\/wp-json\/wp\/v2\/categories?post=2805"},{"taxonomy":"post_tag","embeddable":true,"href":"https:\/\/elliberador.com\/index.php\/wp-json\/wp\/v2\/tags?post=2805"}],"curies":[{"name":"wp","href":"https:\/\/api.w.org\/{rel}","templated":true}]}}