{"id":2814,"date":"2025-07-10T11:33:59","date_gmt":"2025-07-10T14:33:59","guid":{"rendered":"https:\/\/elliberador.com\/?p=2814"},"modified":"2025-07-10T11:34:02","modified_gmt":"2025-07-10T14:34:02","slug":"karina-milei-la-arquitecta-del-nuevo-poder-el-acuerdo-con-el-pro-como-confirmacion-de-liderazgo","status":"publish","type":"post","link":"https:\/\/elliberador.com\/index.php\/2025\/07\/10\/karina-milei-la-arquitecta-del-nuevo-poder-el-acuerdo-con-el-pro-como-confirmacion-de-liderazgo\/","title":{"rendered":"Karina Milei, la arquitecta del nuevo poder: el acuerdo con el PRO como confirmaci\u00f3n de liderazgo"},"content":{"rendered":"\n<p><\/p>\n\n\n\n<p>En medio de operaciones medi\u00e1ticas que pretend\u00edan debilitar su liderazgo con la excusa de una supuesta falta de fondos nacionales, <strong>Karina Milei sali\u00f3 al cruce con un mensaje claro y demoledor<\/strong>: el acuerdo con el PRO en la provincia de Buenos Aires no es electoral, es ideol\u00f3gico. Y no fue con Mauricio Macri, sino por fuera de \u00e9l, dejando en evidencia que el verdadero liderazgo del espacio ya no lo define el expresidente, sino los hermanos Milei.<\/p>\n\n\n\n<blockquote class=\"wp-block-quote is-layout-flow wp-block-quote-is-layout-flow\">\n<p><em>\u00abEl kirchnerismo llev\u00f3 a la Argentina a la decadencia absoluta y hoy se encuentra atrincherado en la provincia de Buenos Aires. Junto con el PRO entendimos que no hay lugar para especulaciones: unimos fuerzas para terminar con el populismo, de una vez y para siempre. No es un acuerdo electoral. Es un acuerdo ideol\u00f3gico. La Libertad Avanza.\u00bb<\/em><br>\u2014 Karina Milei (@karinamileiok)<\/p>\n<\/blockquote>\n\n\n\n<p>La contundente victoria de Manuel Adorni en la ciudad de Buenos Aires fue la l\u00e1pida para los sectores del PRO que so\u00f1aban con resistir la marea liberal. La Alianza La Libertad Avanza \u2014nombre con el que competir\u00e1n\u2014 refleja m\u00e1s una absorci\u00f3n que una coalici\u00f3n: el PRO no coexiste, se disuelve. <strong>Los libertarios ya no son socios menores: son la nueva conducci\u00f3n pol\u00edtica nacional<\/strong>.<\/p>\n\n\n\n<p>Este fen\u00f3meno no es nuevo. Ya se hab\u00eda visto en Santa Fe cuando el sector de Mauricio Macri apoy\u00f3 p\u00fablicamente a Unidos \u2014la alianza entre radicales y socialistas que representa lo peor del estatismo provincial\u2014 mientras que La Libertad Avanza se fortalec\u00eda en las urnas sin necesidad de alquilar estructuras ajenas.<\/p>\n\n\n\n<p>Hoy el panorama es otro: los conversos del PRO se multiplican. Intendentes, legisladores y armadores buscan refugio en el espacio que realmente marca el pulso pol\u00edtico de la Argentina. Y esa estructura \u2014desde hace tiempo\u2014 tiene nombre y apellido: Karina Milei.<\/p>\n\n\n\n<p><strong>Silenciosa, austera y decidida<\/strong>, Karina demostr\u00f3 que no necesitaba discursos para imponer liderazgo. Le bast\u00f3 con una estrategia quir\u00fargica, con fidelidades construidas sin promesas de cargos ni cheques. Ahora, incluso los que dudaban, los que desde ciertos despachos cuestionaban su rol o su capacidad, deber\u00e1n aceptar la evidencia: <strong>Karina Milei es la armadora nacional m\u00e1s efectiva de las \u00faltimas d\u00e9cadas.<\/strong><\/p>\n\n\n\n<p>Con esta jugada, adem\u00e1s, <strong>se cierra un c\u00edrculo pol\u00edtico<\/strong>: mientras algunos insist\u00edan en que la falta de fondos o la ausencia de alianzas provinciales debilitar\u00eda a La Libertad Avanza, hoy el oficialismo demuestra que es capaz de absorber a sus ex adversarios y redefinir la pol\u00edtica desde adentro, sin ceder principios ni lenguaje.<\/p>\n\n\n\n<p>Lo que sigue ser\u00e1 una disputa cultural, no solo electoral. Porque si algo deja claro este nuevo pacto es que <strong>la Argentina ya no se divide entre peronismo y antiperonismo, ni entre izquierda y derecha<\/strong>, sino entre los que apuestan por la libertad y los que siguen defendiendo un Estado omnipresente, quebrado y clientelar.<\/p>\n\n\n\n<p>Y en esa batalla, Karina ya eligi\u00f3 el bando correcto. Y lo lidera.<\/p>\n","protected":false},"excerpt":{"rendered":"<p>La jefa pol\u00edtica de La Libertad Avanza reafirma su control nacional con un golpe de efecto: mientras algunos medios intentan sembrar dudas sobre el futuro libertario, Karina Milei redobla la apuesta con un acuerdo ideol\u00f3gico que deja atr\u00e1s a la vieja pol\u00edtica.<\/p>\n","protected":false},"author":2,"featured_media":2815,"comment_status":"open","ping_status":"open","sticky":false,"template":"","format":"standard","meta":{"_acf_changed":false,"advanced_seo_description":"","jetpack_seo_html_title":"","jetpack_seo_noindex":false,"_jetpack_memberships_contains_paid_content":false,"footnotes":""},"categories":[4],"tags":[20],"class_list":["post-2814","post","type-post","status-publish","format-standard","has-post-thumbnail","hentry","category-politica","tag-destacados"],"acf":[],"jetpack_featured_media_url":"https:\/\/elliberador.com\/wp-content\/uploads\/2025\/07\/Gvb0HWsX0AAkooO.jpeg","jetpack_sharing_enabled":true,"_links":{"self":[{"href":"https:\/\/elliberador.com\/index.php\/wp-json\/wp\/v2\/posts\/2814","targetHints":{"allow":["GET"]}}],"collection":[{"href":"https:\/\/elliberador.com\/index.php\/wp-json\/wp\/v2\/posts"}],"about":[{"href":"https:\/\/elliberador.com\/index.php\/wp-json\/wp\/v2\/types\/post"}],"author":[{"embeddable":true,"href":"https:\/\/elliberador.com\/index.php\/wp-json\/wp\/v2\/users\/2"}],"replies":[{"embeddable":true,"href":"https:\/\/elliberador.com\/index.php\/wp-json\/wp\/v2\/comments?post=2814"}],"version-history":[{"count":1,"href":"https:\/\/elliberador.com\/index.php\/wp-json\/wp\/v2\/posts\/2814\/revisions"}],"predecessor-version":[{"id":2816,"href":"https:\/\/elliberador.com\/index.php\/wp-json\/wp\/v2\/posts\/2814\/revisions\/2816"}],"wp:featuredmedia":[{"embeddable":true,"href":"https:\/\/elliberador.com\/index.php\/wp-json\/wp\/v2\/media\/2815"}],"wp:attachment":[{"href":"https:\/\/elliberador.com\/index.php\/wp-json\/wp\/v2\/media?parent=2814"}],"wp:term":[{"taxonomy":"category","embeddable":true,"href":"https:\/\/elliberador.com\/index.php\/wp-json\/wp\/v2\/categories?post=2814"},{"taxonomy":"post_tag","embeddable":true,"href":"https:\/\/elliberador.com\/index.php\/wp-json\/wp\/v2\/tags?post=2814"}],"curies":[{"name":"wp","href":"https:\/\/api.w.org\/{rel}","templated":true}]}}