{"id":2866,"date":"2025-07-11T13:03:05","date_gmt":"2025-07-11T16:03:05","guid":{"rendered":"https:\/\/elliberador.com\/?p=2866"},"modified":"2025-07-11T13:03:35","modified_gmt":"2025-07-11T16:03:35","slug":"milei-bullrich-y-el-movimiento-libertario-acusan-a-victoria-villarruel-de-traidora","status":"publish","type":"post","link":"https:\/\/elliberador.com\/index.php\/2025\/07\/11\/milei-bullrich-y-el-movimiento-libertario-acusan-a-victoria-villarruel-de-traidora\/","title":{"rendered":"Milei, Bullrich y el movimiento libertario acusan a Victoria Villarruel de traidora"},"content":{"rendered":"\n<p>La tensi\u00f3n dentro del oficialismo lleg\u00f3 a un nuevo punto de ebullici\u00f3n el 10 de julio, cuando el presidente Javier Milei acus\u00f3 a su vicepresidenta, <strong>Victoria Villarruel<\/strong>, de ser una <em>\u00abtraidora\u00bb<\/em> por haber presidido la pol\u00e9mica sesi\u00f3n del Senado en la que se aprobaron leyes con fuerte impacto fiscal, sin el aval del Ejecutivo.<\/p>\n\n\n\n<p>El conflicto escal\u00f3 r\u00e1pidamente en redes sociales, con acusaciones cruzadas entre funcionarios del Gobierno nacional y la propia Villarruel, evidenciando una fractura interna en La Libertad Avanza.<\/p>\n\n\n\n<h2 class=\"wp-block-heading\"><strong>Un tuit que encendi\u00f3 la mecha<\/strong><\/h2>\n\n\n\n<p>Minutos despu\u00e9s de la sesi\u00f3n, la ministra de Seguridad <strong>Patricia Bullrich<\/strong> fue la primera en apuntar directamente contra Villarruel:<\/p>\n\n\n\n<figure class=\"wp-block-image size-large is-resized\"><img fetchpriority=\"high\" decoding=\"async\" width=\"1024\" height=\"606\" src=\"https:\/\/elliberador.com\/wp-content\/uploads\/2025\/07\/Imagen-de-WhatsApp-2025-07-11-a-las-12.33.24_cbcc197a-1024x606.jpg\" alt=\"\" class=\"wp-image-2867\" style=\"width:543px;height:auto\" srcset=\"https:\/\/elliberador.com\/wp-content\/uploads\/2025\/07\/Imagen-de-WhatsApp-2025-07-11-a-las-12.33.24_cbcc197a-1024x606.jpg 1024w, https:\/\/elliberador.com\/wp-content\/uploads\/2025\/07\/Imagen-de-WhatsApp-2025-07-11-a-las-12.33.24_cbcc197a-300x178.jpg 300w, https:\/\/elliberador.com\/wp-content\/uploads\/2025\/07\/Imagen-de-WhatsApp-2025-07-11-a-las-12.33.24_cbcc197a-768x454.jpg 768w, https:\/\/elliberador.com\/wp-content\/uploads\/2025\/07\/Imagen-de-WhatsApp-2025-07-11-a-las-12.33.24_cbcc197a.jpg 1080w\" sizes=\"(max-width: 1024px) 100vw, 1024px\" \/><\/figure>\n\n\n\n<p>La funcionaria la acus\u00f3 de permitir una maniobra kirchnerista que perjudica al equilibrio fiscal y dej\u00f3 claro que consideraba que su rol en la sesi\u00f3n hab\u00eda sido funcional a la oposici\u00f3n.<\/p>\n\n\n\n<h2 class=\"wp-block-heading\"><strong>La respuesta institucional de Villarruel<\/strong><\/h2>\n\n\n\n<p>Villarruel respondi\u00f3 apelando a su rol institucional y a la Constituci\u00f3n Nacional, con un mensaje tajante:<\/p>\n\n\n\n<figure class=\"wp-block-image size-large is-resized\"><img decoding=\"async\" width=\"662\" height=\"1024\" src=\"https:\/\/elliberador.com\/wp-content\/uploads\/2025\/07\/Imagen-de-WhatsApp-2025-07-11-a-las-12.33.23_0046f816-662x1024.jpg\" alt=\"\" class=\"wp-image-2868\" style=\"width:499px;height:auto\" srcset=\"https:\/\/elliberador.com\/wp-content\/uploads\/2025\/07\/Imagen-de-WhatsApp-2025-07-11-a-las-12.33.23_0046f816-662x1024.jpg 662w, https:\/\/elliberador.com\/wp-content\/uploads\/2025\/07\/Imagen-de-WhatsApp-2025-07-11-a-las-12.33.23_0046f816-194x300.jpg 194w, https:\/\/elliberador.com\/wp-content\/uploads\/2025\/07\/Imagen-de-WhatsApp-2025-07-11-a-las-12.33.23_0046f816-768x1188.jpg 768w, https:\/\/elliberador.com\/wp-content\/uploads\/2025\/07\/Imagen-de-WhatsApp-2025-07-11-a-las-12.33.23_0046f816-993x1536.jpg 993w, https:\/\/elliberador.com\/wp-content\/uploads\/2025\/07\/Imagen-de-WhatsApp-2025-07-11-a-las-12.33.23_0046f816-1024x1585.jpg 1024w, https:\/\/elliberador.com\/wp-content\/uploads\/2025\/07\/Imagen-de-WhatsApp-2025-07-11-a-las-12.33.23_0046f816.jpg 1034w\" sizes=\"(max-width: 662px) 100vw, 662px\" \/><\/figure>\n\n\n\n<p>Adem\u00e1s, le record\u00f3 a Bullrich su pasado en Montoneros, agregando tensi\u00f3n al conflicto. La grieta interna ya no pod\u00eda ocultarse.<\/p>\n\n\n\n<h2 class=\"wp-block-heading\"><strong>Y un nuevo golpe de Bullrich<\/strong><\/h2>\n\n\n\n<p>Horas m\u00e1s tarde, Bullrich volvi\u00f3 a publicar otro mensaje contra Villarruel, redoblando la apuesta:<\/p>\n\n\n\n<figure class=\"wp-block-image size-large is-resized\"><img decoding=\"async\" width=\"855\" height=\"1024\" src=\"https:\/\/elliberador.com\/wp-content\/uploads\/2025\/07\/Imagen-de-WhatsApp-2025-07-11-a-las-12.33.24_4ba24c6d-855x1024.jpg\" alt=\"\" class=\"wp-image-2869\" style=\"width:500px;height:auto\" srcset=\"https:\/\/elliberador.com\/wp-content\/uploads\/2025\/07\/Imagen-de-WhatsApp-2025-07-11-a-las-12.33.24_4ba24c6d-855x1024.jpg 855w, https:\/\/elliberador.com\/wp-content\/uploads\/2025\/07\/Imagen-de-WhatsApp-2025-07-11-a-las-12.33.24_4ba24c6d-251x300.jpg 251w, https:\/\/elliberador.com\/wp-content\/uploads\/2025\/07\/Imagen-de-WhatsApp-2025-07-11-a-las-12.33.24_4ba24c6d-768x919.jpg 768w, https:\/\/elliberador.com\/wp-content\/uploads\/2025\/07\/Imagen-de-WhatsApp-2025-07-11-a-las-12.33.24_4ba24c6d-1024x1226.jpg 1024w, https:\/\/elliberador.com\/wp-content\/uploads\/2025\/07\/Imagen-de-WhatsApp-2025-07-11-a-las-12.33.24_4ba24c6d.jpg 1080w\" sizes=\"(max-width: 855px) 100vw, 855px\" \/><\/figure>\n\n\n\n<p>La acus\u00f3 nuevamente de complicidad con el kirchnerismo y sugiri\u00f3 que su decisi\u00f3n fue deliberada para socavar la gobernabilidad del presidente Milei.<\/p>\n\n\n\n<h2 class=\"wp-block-heading\"><strong>Milei: veto y acusaci\u00f3n p\u00fablica<\/strong><\/h2>\n\n\n\n<p>Durante su discurso en la Bolsa de Comercio, Milei no se guard\u00f3 nada. Sin nombrarla expl\u00edcitamente, se refiri\u00f3 a <em>\u00abuna traidora\u00bb<\/em> dentro de su espacio pol\u00edtico, dejando en claro que hablaba de Villarruel. Asegur\u00f3 que vetar\u00e1 la ley aprobada en la sesi\u00f3n y anticip\u00f3 acciones judiciales por:<\/p>\n\n\n\n<ul class=\"wp-block-list\">\n<li>La supuesta ilegalidad de la sesi\u00f3n autoconvocada.<\/li>\n\n\n\n<li>La inconstitucionalidad de aprobar una ley sin respaldo econ\u00f3mico.<\/li>\n<\/ul>\n\n\n\n<p>Adem\u00e1s, advirti\u00f3 que si el Congreso logra los 2\/3 para levantar el veto, su gobierno volver\u00e1 a recurrir a la Justicia.<\/p>\n\n\n\n<h2 class=\"wp-block-heading\"><strong>Una interna al rojo vivo<\/strong><\/h2>\n\n\n\n<p>El conflicto entre Milei, Bullrich y Villarruel marca el mayor momento de tensi\u00f3n interna en La Libertad Avanza desde que asumieron el poder. La institucionalidad se ve sacudida no solo por los cruces, sino por la incertidumbre jur\u00eddica y pol\u00edtica que deja una ley sin financiamiento, vetos en camino y una guerra abierta en la c\u00fapula del gobierno.<\/p>\n\n\n\n<p>La interna no es menor: se libra en medio de un ajuste econ\u00f3mico profundo y en la antesala de las elecciones de octubre. El futuro del oficialismo, m\u00e1s que nunca, est\u00e1 en disputa.<\/p>\n","protected":false},"excerpt":{"rendered":"<p>La tensi&oacute;n dentro del oficialismo lleg&oacute; a un nuevo punto de ebullici&oacute;n el 10 de&#8230;<\/p>\n","protected":false},"author":2,"featured_media":2870,"comment_status":"open","ping_status":"open","sticky":false,"template":"","format":"standard","meta":{"_acf_changed":false,"advanced_seo_description":"","jetpack_seo_html_title":"","jetpack_seo_noindex":false,"_jetpack_memberships_contains_paid_content":false,"footnotes":""},"categories":[4],"tags":[20],"class_list":["post-2866","post","type-post","status-publish","format-standard","has-post-thumbnail","hentry","category-politica","tag-destacados"],"acf":[],"jetpack_featured_media_url":"https:\/\/elliberador.com\/wp-content\/uploads\/2025\/07\/javier-milei-llamo-traidora-a-victoria-villarruel-foto-reuters-agustin-marcarian-D4SGGUOIMJFGVHAQSFWJGHQI4U.avif","jetpack_sharing_enabled":true,"_links":{"self":[{"href":"https:\/\/elliberador.com\/index.php\/wp-json\/wp\/v2\/posts\/2866","targetHints":{"allow":["GET"]}}],"collection":[{"href":"https:\/\/elliberador.com\/index.php\/wp-json\/wp\/v2\/posts"}],"about":[{"href":"https:\/\/elliberador.com\/index.php\/wp-json\/wp\/v2\/types\/post"}],"author":[{"embeddable":true,"href":"https:\/\/elliberador.com\/index.php\/wp-json\/wp\/v2\/users\/2"}],"replies":[{"embeddable":true,"href":"https:\/\/elliberador.com\/index.php\/wp-json\/wp\/v2\/comments?post=2866"}],"version-history":[{"count":1,"href":"https:\/\/elliberador.com\/index.php\/wp-json\/wp\/v2\/posts\/2866\/revisions"}],"predecessor-version":[{"id":2871,"href":"https:\/\/elliberador.com\/index.php\/wp-json\/wp\/v2\/posts\/2866\/revisions\/2871"}],"wp:featuredmedia":[{"embeddable":true,"href":"https:\/\/elliberador.com\/index.php\/wp-json\/wp\/v2\/media\/2870"}],"wp:attachment":[{"href":"https:\/\/elliberador.com\/index.php\/wp-json\/wp\/v2\/media?parent=2866"}],"wp:term":[{"taxonomy":"category","embeddable":true,"href":"https:\/\/elliberador.com\/index.php\/wp-json\/wp\/v2\/categories?post=2866"},{"taxonomy":"post_tag","embeddable":true,"href":"https:\/\/elliberador.com\/index.php\/wp-json\/wp\/v2\/tags?post=2866"}],"curies":[{"name":"wp","href":"https:\/\/api.w.org\/{rel}","templated":true}]}}