{"id":2874,"date":"2025-07-11T14:40:20","date_gmt":"2025-07-11T17:40:20","guid":{"rendered":"https:\/\/elliberador.com\/?p=2874"},"modified":"2025-07-11T14:48:10","modified_gmt":"2025-07-11T17:48:10","slug":"pinotti-sube-impuestos-discrecionalmente-y-ataca-a-concejales-que-exigen-explicaciones","status":"publish","type":"post","link":"https:\/\/elliberador.com\/index.php\/2025\/07\/11\/pinotti-sube-impuestos-discrecionalmente-y-ataca-a-concejales-que-exigen-explicaciones\/","title":{"rendered":"Pinotti sube impuestos discrecionalmente y ataca a concejales que exigen explicaciones"},"content":{"rendered":"\n<p>El bloque oficialista socialista en Sunchales, liderado por la dupla <strong>Pinotti-Ochat<\/strong>, busca instalar en la opini\u00f3n p\u00fablica que los concejales opositores act\u00faan con <em>demagogia<\/em> e <em>irresponsabilidad<\/em> por no acompa\u00f1ar un nuevo aumento de los tributos municipales.<\/p>\n\n\n\n<p>Sin embargo, desde la oposici\u00f3n aclaran que su negativa se basa en una defensa del inter\u00e9s com\u00fan, el respeto institucional y la exigencia de una gesti\u00f3n m\u00e1s transparente.<\/p>\n\n\n\n<h2 class=\"wp-block-heading\"><strong>Gesti\u00f3n opaca y silencio oficial<\/strong><\/h2>\n\n\n\n<p>Durante meses, los concejales han elevado pedidos de informes sobre el destino de los fondos p\u00fablicos. A pesar de los reiterados requerimientos, no obtienen respuestas. Las decisiones clave se toman a espaldas del Concejo y, peor a\u00fan, sin informar a la comunidad.<\/p>\n\n\n\n<p>Pretender avanzar con un nuevo aumento tributario en este contexto de opacidad resulta inaceptable. La ciudadan\u00eda merece saber c\u00f3mo se usan sus impuestos antes de ser obligada a pagar a\u00fan m\u00e1s.<\/p>\n\n\n\n<p><strong>Pero no sorprende: la l\u00f3gica socialista ha sido siempre la misma. Su gran aporte a la sociedad es aumentar impuestos. No se les ocurre nada m\u00e1s que eso.<\/strong><\/p>\n\n\n\n<p>\u00bfAcaso no ser\u00eda correcto que primero muestren las cuentas p\u00fablicas y expliquen por qu\u00e9 necesitan recaudar m\u00e1s? \u00bfO es que ni siquiera pueden justificarlo?<\/p>\n\n\n\n<h2 class=\"wp-block-heading\"><strong>Nepotismo y gasto pol\u00edtico intacto<\/strong><\/h2>\n\n\n\n<p>La falta de transparencia no es el \u00fanico problema. La gesti\u00f3n de <strong>Pablo Pinotti<\/strong> muestra signos evidentes de nepotismo, con el nombramiento de familiares directos y amigos personales en cargos del Estado, como su mujer, el sobrino, la esposa del sobrino, el marido de la secretaria, y solo por mencionar algunos.<\/p>\n\n\n\n<p>Adem\u00e1s, la estructura municipal est\u00e1 sobredimensionada, sin se\u00f1ales de austeridad. Lejos de reducir cargos o recortar gastos innecesarios, el Ejecutivo mantiene intacto el gasto pol\u00edtico.<\/p>\n\n\n\n<p>Mientras tanto, a los vecinos se les exige un esfuerzo fiscal cada vez mayor. En el \u00faltimo a\u00f1o y medio, los tributos ya aumentaron un 229%. Ahora, sin ning\u00fan gesto de ajuste interno, el oficialismo quiere aplicar otro golpe al bolsillo ciudadano.<\/p>\n\n\n\n<h2 class=\"wp-block-heading\"><strong>Un modus operandi que se repite en Unidos<\/strong><\/h2>\n\n\n\n<p>Esta pol\u00edtica de aumentar impuestos inmediatamente despu\u00e9s de las elecciones parece ser un <strong>modus operandi de la coalici\u00f3n Unidos<\/strong>.<\/p>\n\n\n\n<p>Ya lo hizo <strong>Javkin<\/strong> al d\u00eda siguiente de los comicios en Rosario. Tambi\u00e9n <strong>Pullaro<\/strong> con el Impuesto Inmobiliario Provincial (API). Y ahora el turno es del socialista <strong>Pinotti<\/strong> en Sunchales.<\/p>\n\n\n\n<p>Todo indica que se repetir\u00e1 en todas las ciudades gobernadas por el socialismo de Unidos: har\u00e1n pagar a los ciudadanos una de las campa\u00f1as m\u00e1s caras que se recuerde en una elecci\u00f3n de medio t\u00e9rmino para concejales.<\/p>\n\n\n\n<h2 class=\"wp-block-heading\"><strong>Vieja pol\u00edtica vs. nueva representaci\u00f3n<\/strong><\/h2>\n\n\n\n<p>La gesti\u00f3n socialista, aferrada a pr\u00e1cticas de la vieja pol\u00edtica, ha optado por el c\u00e1lculo partidario y el reparto de poder antes que por la responsabilidad institucional.<\/p>\n\n\n\n<p>En las \u00faltimas elecciones, una nueva forma de hacer pol\u00edtica se hizo presente en Sunchales. Hoy, la incomodidad del oficialismo ante el surgimiento de esta alternativa se evidencia en su rechazo al control, la transparencia y la pluralidad.<\/p>\n\n\n\n<p><strong>La ciudadan\u00eda no necesita m\u00e1s aumentos. Necesita un gobierno que rinda cuentas, reduzca privilegios y gobierne con honestidad.<\/strong><\/p>\n\n\n\n<p><\/p>\n","protected":false},"excerpt":{"rendered":"<p>El bloque oficialista socialista en Sunchales, liderado por la dupla Pinotti-Ochat, busca instalar en la&#8230;<\/p>\n","protected":false},"author":2,"featured_media":2875,"comment_status":"open","ping_status":"open","sticky":false,"template":"","format":"standard","meta":{"_acf_changed":false,"advanced_seo_description":"","jetpack_seo_html_title":"","jetpack_seo_noindex":false,"_jetpack_memberships_contains_paid_content":false,"footnotes":""},"categories":[38],"tags":[20],"class_list":["post-2874","post","type-post","status-publish","format-standard","has-post-thumbnail","hentry","category-regionales","tag-destacados"],"acf":[],"jetpack_featured_media_url":"https:\/\/elliberador.com\/wp-content\/uploads\/2025\/07\/pinotti.jpg","jetpack_sharing_enabled":true,"_links":{"self":[{"href":"https:\/\/elliberador.com\/index.php\/wp-json\/wp\/v2\/posts\/2874","targetHints":{"allow":["GET"]}}],"collection":[{"href":"https:\/\/elliberador.com\/index.php\/wp-json\/wp\/v2\/posts"}],"about":[{"href":"https:\/\/elliberador.com\/index.php\/wp-json\/wp\/v2\/types\/post"}],"author":[{"embeddable":true,"href":"https:\/\/elliberador.com\/index.php\/wp-json\/wp\/v2\/users\/2"}],"replies":[{"embeddable":true,"href":"https:\/\/elliberador.com\/index.php\/wp-json\/wp\/v2\/comments?post=2874"}],"version-history":[{"count":2,"href":"https:\/\/elliberador.com\/index.php\/wp-json\/wp\/v2\/posts\/2874\/revisions"}],"predecessor-version":[{"id":2878,"href":"https:\/\/elliberador.com\/index.php\/wp-json\/wp\/v2\/posts\/2874\/revisions\/2878"}],"wp:featuredmedia":[{"embeddable":true,"href":"https:\/\/elliberador.com\/index.php\/wp-json\/wp\/v2\/media\/2875"}],"wp:attachment":[{"href":"https:\/\/elliberador.com\/index.php\/wp-json\/wp\/v2\/media?parent=2874"}],"wp:term":[{"taxonomy":"category","embeddable":true,"href":"https:\/\/elliberador.com\/index.php\/wp-json\/wp\/v2\/categories?post=2874"},{"taxonomy":"post_tag","embeddable":true,"href":"https:\/\/elliberador.com\/index.php\/wp-json\/wp\/v2\/tags?post=2874"}],"curies":[{"name":"wp","href":"https:\/\/api.w.org\/{rel}","templated":true}]}}