{"id":3044,"date":"2025-07-23T23:55:25","date_gmt":"2025-07-24T02:55:25","guid":{"rendered":"https:\/\/elliberador.com\/?p=3044"},"modified":"2025-07-24T00:03:19","modified_gmt":"2025-07-24T03:03:19","slug":"elecciones-en-la-tercera-seccion-electoral-bonaerense-quienes-son-los-candidatos-y-que-esta-en-juego-en-el-bastion-peronista","status":"publish","type":"post","link":"https:\/\/elliberador.com\/index.php\/2025\/07\/23\/elecciones-en-la-tercera-seccion-electoral-bonaerense-quienes-son-los-candidatos-y-que-esta-en-juego-en-el-bastion-peronista\/","title":{"rendered":"Elecciones en la Tercera Secci\u00f3n Electoral bonaerense: qui\u00e9nes son los candidatos y qu\u00e9 est\u00e1 en juego en el basti\u00f3n peronista"},"content":{"rendered":"\n<p>La <strong>Tercera Secci\u00f3n Electoral<\/strong> de la provincia de Buenos Aires es el <strong>coraz\u00f3n pol\u00edtico y electoral del kirchnerismo<\/strong>. Abarca <strong>19 municipios del sur y suroeste del conurbano<\/strong> \u2014entre ellos <strong>La Matanza, Lomas de Zamora, Quilmes, Avellaneda, Lan\u00fas, Almirante Brown y Berazategui<\/strong>\u2014 y concentra m\u00e1s de <strong>4 millones de votantes<\/strong>, lo que la convierte en la <strong>secci\u00f3n electoral m\u00e1s poblada de la provincia<\/strong>.<\/p>\n\n\n\n<p>En estas legislativas del <strong>7 de septiembre<\/strong> se renovar\u00e1n <strong>18 bancas en la C\u00e1mara de Diputados bonaerense<\/strong>, adem\u00e1s de concejos deliberantes clave en distritos donde el peronismo hist\u00f3ricamente domina pero enfrenta un <strong>crecimiento sostenido de La Libertad Avanza (LLA)<\/strong>.<\/p>\n\n\n\n<hr class=\"wp-block-separator has-alpha-channel-opacity\"\/>\n\n\n\n<h2 class=\"wp-block-heading\">\u2705 <strong>\u00bfQu\u00e9 se elige en la Tercera Secci\u00f3n?<\/strong><\/h2>\n\n\n\n<ul class=\"wp-block-list\">\n<li><strong>18 diputados provinciales titulares y 12 suplentes.<\/strong><\/li>\n\n\n\n<li><strong>Concejales y consejeros escolares en los 19 municipios.<\/strong><\/li>\n<\/ul>\n\n\n\n<hr class=\"wp-block-separator has-alpha-channel-opacity\"\/>\n\n\n\n<h2 class=\"wp-block-heading\">\u2705 <strong>Candidatos a DIPUTADOS \u2013 Tercera Secci\u00f3n<\/strong><\/h2>\n\n\n\n<h3 class=\"wp-block-heading\"><strong>\ud83d\udd39 Alianza La Libertad Avanza (con chances de dar la sorpresa)<\/strong><\/h3>\n\n\n\n<ol class=\"wp-block-list\">\n<li><strong>Maximiliano Bondarenko<\/strong> (excomisario bonaerense, fuerte perfil en seguridad).<\/li>\n\n\n\n<li><strong>Florencia Arietto<\/strong> (abogada penalista y medi\u00e1tica, especialista en seguridad).<\/li>\n\n\n\n<li><strong>Juan Cruz Ramat<\/strong> (concejal de San Vicente, referente libertario joven).<\/li>\n\n\n\n<li><strong>Carolina P\u00edrez<\/strong> (PRO, con base social en Lomas de Zamora).<\/li>\n\n\n\n<li><strong>Federico Franze<\/strong> (empresario pyme de Avellaneda, perfil productivo).<\/li>\n<\/ol>\n\n\n\n<p>LLA-PRO apuesta a un <strong>discurso de orden y seguridad<\/strong>, con figuras que buscan seducir a un electorado harto de la inseguridad y la corrupci\u00f3n municipal.<\/p>\n\n\n\n<hr class=\"wp-block-separator has-alpha-channel-opacity\"\/>\n\n\n\n<h3 class=\"wp-block-heading\"><strong>\ud83d\udd39 Fuerza Patria (Peronismo \u2013 Kicillof, Massa y La C\u00e1mpora)<\/strong><\/h3>\n\n\n\n<ol class=\"wp-block-list\">\n<li><strong>Ver\u00f3nica Magario<\/strong> (vicegobernadora bonaerense y exintendenta de La Matanza, pieza clave del armado K).<\/li>\n\n\n\n<li><strong>Mart\u00edn Insaurralde<\/strong> (exintendente de Lomas de Zamora, en su regreso tras el esc\u00e1ndalo de Marbella).<\/li>\n\n\n\n<li><strong>Mayra Mendoza<\/strong> (intendenta de Quilmes, La C\u00e1mpora).<\/li>\n\n\n\n<li><strong>Federico Oterm\u00edn<\/strong> (presidente de la C\u00e1mara de Diputados bonaerense, Lomas de Zamora).<\/li>\n\n\n\n<li><strong>Juli\u00e1n \u00c1lvarez<\/strong> (intendente de Lan\u00fas, La C\u00e1mpora).<\/li>\n<\/ol>\n\n\n\n<p>El peronismo llega dividido en lo interno, pero con su maquinaria electoral en pleno funcionamiento. <strong>Magario es la gran apuesta para retener el control de la secci\u00f3n<\/strong>, aunque el desgaste por los casos de corrupci\u00f3n en Lomas y La Matanza podr\u00eda pasar factura.<\/p>\n\n\n\n<hr class=\"wp-block-separator has-alpha-channel-opacity\"\/>\n\n\n\n<h3 class=\"wp-block-heading\"><strong>\ud83d\udd39 Frente de Izquierda \u2013 FIT-U<\/strong><\/h3>\n\n\n\n<ol class=\"wp-block-list\">\n<li><strong>Nicol\u00e1s del Ca\u00f1o<\/strong> (PTS).<\/li>\n\n\n\n<li><strong>Romina Del Pl\u00e1<\/strong> (Partido Obrero).<\/li>\n<\/ol>\n\n\n\n<hr class=\"wp-block-separator has-alpha-channel-opacity\"\/>\n\n\n\n<h3 class=\"wp-block-heading\"><strong>\ud83d\udd39 Somos Buenos Aires (UCR, peronistas no K, GEN)<\/strong><\/h3>\n\n\n\n<ol class=\"wp-block-list\">\n<li><strong>Juan Cruz Ramat<\/strong> (en este caso con lista corta en San Vicente).<\/li>\n\n\n\n<li><strong>Andrea Ruiz<\/strong> (UCR, Quilmes).<\/li>\n<\/ol>\n\n\n\n<hr class=\"wp-block-separator has-alpha-channel-opacity\"\/>\n\n\n\n<h2 class=\"wp-block-heading\">\u2705 <strong>Concejales en disputa: los municipios m\u00e1s calientes<\/strong><\/h2>\n\n\n\n<h3 class=\"wp-block-heading\"><strong>La Matanza<\/strong><\/h3>\n\n\n\n<ul class=\"wp-block-list\">\n<li><strong>Ver\u00f3nica Magario<\/strong> apuesta a mantener el dominio, pero LLA lanz\u00f3 listas fuertes en San Justo y Ramos Mej\u00eda, con perfiles de comerciantes y empresarios.<\/li>\n<\/ul>\n\n\n\n<h3 class=\"wp-block-heading\"><strong>Lomas de Zamora<\/strong><\/h3>\n\n\n\n<ul class=\"wp-block-list\">\n<li><strong>Insaurralde<\/strong> busca reconstruir su poder local, pero LLA capitaliza el hartazgo con la corrupci\u00f3n.<\/li>\n<\/ul>\n\n\n\n<h3 class=\"wp-block-heading\"><strong>Quilmes<\/strong><\/h3>\n\n\n\n<ul class=\"wp-block-list\">\n<li><strong>Mayra Mendoza<\/strong> enfrenta cuestionamientos por manejo de fondos y seguridad. <strong>LLA-PRO<\/strong> impulsa figuras j\u00f3venes con discurso antipol\u00edtica.<\/li>\n<\/ul>\n\n\n\n<h3 class=\"wp-block-heading\"><strong>Lan\u00fas<\/strong><\/h3>\n\n\n\n<ul class=\"wp-block-list\">\n<li><strong>Juli\u00e1n \u00c1lvarez<\/strong> busca consolidarse, pero la oposici\u00f3n libertaria crece con el apoyo de comerciantes y emprendedores.<\/li>\n<\/ul>\n\n\n\n<hr class=\"wp-block-separator has-alpha-channel-opacity\"\/>\n\n\n\n<h2 class=\"wp-block-heading\">\u2705 <strong>\u00bfPor qu\u00e9 es clave esta secci\u00f3n?<\/strong><\/h2>\n\n\n\n<p>La <strong>Tercera Secci\u00f3n<\/strong> define gran parte del control en la C\u00e1mara de Diputados bonaerense. Un avance libertario aqu\u00ed significar\u00eda un <strong>golpe simb\u00f3lico y real al coraz\u00f3n del kirchnerismo<\/strong>.<\/p>\n","protected":false},"excerpt":{"rendered":"<p>La regi\u00f3n m\u00e1s populosa del conurbano sur y oeste pone en disputa 18 bancas en Diputados, con el kirchnerismo defendiendo su territorio y La Libertad Avanza buscando dar el batacazo.<\/p>\n","protected":false},"author":2,"featured_media":3045,"comment_status":"open","ping_status":"open","sticky":false,"template":"","format":"standard","meta":{"_acf_changed":false,"advanced_seo_description":"","jetpack_seo_html_title":"","jetpack_seo_noindex":false,"_jetpack_memberships_contains_paid_content":false,"footnotes":""},"categories":[4],"tags":[],"class_list":["post-3044","post","type-post","status-publish","format-standard","has-post-thumbnail","hentry","category-politica"],"acf":[],"jetpack_featured_media_url":"https:\/\/elliberador.com\/wp-content\/uploads\/2025\/07\/F5CUB4NSY5EMJLXDDHV7ALSWAQ.avif","jetpack_sharing_enabled":true,"_links":{"self":[{"href":"https:\/\/elliberador.com\/index.php\/wp-json\/wp\/v2\/posts\/3044","targetHints":{"allow":["GET"]}}],"collection":[{"href":"https:\/\/elliberador.com\/index.php\/wp-json\/wp\/v2\/posts"}],"about":[{"href":"https:\/\/elliberador.com\/index.php\/wp-json\/wp\/v2\/types\/post"}],"author":[{"embeddable":true,"href":"https:\/\/elliberador.com\/index.php\/wp-json\/wp\/v2\/users\/2"}],"replies":[{"embeddable":true,"href":"https:\/\/elliberador.com\/index.php\/wp-json\/wp\/v2\/comments?post=3044"}],"version-history":[{"count":2,"href":"https:\/\/elliberador.com\/index.php\/wp-json\/wp\/v2\/posts\/3044\/revisions"}],"predecessor-version":[{"id":3047,"href":"https:\/\/elliberador.com\/index.php\/wp-json\/wp\/v2\/posts\/3044\/revisions\/3047"}],"wp:featuredmedia":[{"embeddable":true,"href":"https:\/\/elliberador.com\/index.php\/wp-json\/wp\/v2\/media\/3045"}],"wp:attachment":[{"href":"https:\/\/elliberador.com\/index.php\/wp-json\/wp\/v2\/media?parent=3044"}],"wp:term":[{"taxonomy":"category","embeddable":true,"href":"https:\/\/elliberador.com\/index.php\/wp-json\/wp\/v2\/categories?post=3044"},{"taxonomy":"post_tag","embeddable":true,"href":"https:\/\/elliberador.com\/index.php\/wp-json\/wp\/v2\/tags?post=3044"}],"curies":[{"name":"wp","href":"https:\/\/api.w.org\/{rel}","templated":true}]}}