{"id":3181,"date":"2025-08-02T11:56:50","date_gmt":"2025-08-02T14:56:50","guid":{"rendered":"https:\/\/elliberador.com\/?p=3181"},"modified":"2025-08-02T11:59:36","modified_gmt":"2025-08-02T14:59:36","slug":"la-batalla-de-cannas-cuando-la-estrategia-vencio-a-la-fuerza-bruta","status":"publish","type":"post","link":"https:\/\/elliberador.com\/index.php\/2025\/08\/02\/la-batalla-de-cannas-cuando-la-estrategia-vencio-a-la-fuerza-bruta\/","title":{"rendered":"La Batalla de Cannas: cuando la estrategia venci\u00f3 a la fuerza bruta"},"content":{"rendered":"\n<p>El 2 de agosto de 216 a.C. se libr\u00f3 uno de los enfrentamientos m\u00e1s decisivos y estudiados de la historia militar: <strong>la Batalla de Cannas<\/strong>, en el marco de la Segunda Guerra P\u00fanica. Ese d\u00eda, el general cartagin\u00e9s <strong>An\u00edbal Barca<\/strong>, con un ej\u00e9rcito num\u00e9ricamente inferior, <strong>derrot\u00f3 a una fuerza romana m\u00e1s del 50% m\u00e1s grande<\/strong> mediante una t\u00e1ctica que hasta hoy es objeto de admiraci\u00f3n en academias militares de todo el mundo.<\/p>\n\n\n\n<hr class=\"wp-block-separator has-alpha-channel-opacity\"\/>\n\n\n\n<h2 class=\"wp-block-heading\">\u2694\ufe0f \u00bfQu\u00e9 fueron las Guerras P\u00fanicas?<\/h2>\n\n\n\n<p>Las <strong>Guerras P\u00fanicas<\/strong> fueron una serie de tres conflictos entre la Rep\u00fablica Romana y <strong>Cartago<\/strong>, la principal potencia mar\u00edtima del norte de \u00c1frica. Estas guerras, libradas entre 264 y 146 a.C., fueron una lucha de poder por el control del <strong>Mediterr\u00e1neo occidental<\/strong>.<\/p>\n\n\n\n<p>La <strong>Segunda Guerra P\u00fanica (218\u2013201 a.C.)<\/strong>, en particular, es famosa por la campa\u00f1a audaz de An\u00edbal, que incluy\u00f3 el cruce de los <strong>Alpes con elefantes<\/strong>, la victoria en <strong>Trebia<\/strong> y <strong>el Lago Trasimeno<\/strong>, y finalmente, la brillante <strong>Batalla de Cannas<\/strong>.<\/p>\n\n\n\n<hr class=\"wp-block-separator has-alpha-channel-opacity\"\/>\n\n\n\n<h2 class=\"wp-block-heading\">\ud83e\udde0 \u00bfPor qu\u00e9 Cannas fue hist\u00f3rica?<\/h2>\n\n\n\n<p>Roma, buscando aplastar a An\u00edbal de una vez por todas, moviliz\u00f3 un <strong>enorme ej\u00e9rcito de unos 80.000 hombres<\/strong>, comandado por los c\u00f3nsules <strong>Lucio Emilio Paulo<\/strong> y <strong>Cayo Terencio Varr\u00f3n<\/strong>. An\u00edbal, con alrededor de <strong>50.000 soldados<\/strong>, decidi\u00f3 enfrentar a esa fuerza sobrehumana no con fuerza\u2026 sino con <strong>inteligencia t\u00e1ctica<\/strong>.<\/p>\n\n\n\n<hr class=\"wp-block-separator has-alpha-channel-opacity\"\/>\n\n\n\n<h2 class=\"wp-block-heading\">\ud83c\udfaf La t\u00e1ctica del envolvimiento doble<\/h2>\n\n\n\n<p>An\u00edbal organiz\u00f3 a sus tropas de una forma <strong>concava al frente<\/strong>, colocando a su infanter\u00eda menos experimentada en el centro y a sus tropas de \u00e9lite (incluyendo jinetes n\u00famidas y galos) en los flancos.<\/p>\n\n\n\n<ol class=\"wp-block-list\">\n<li><strong>Provocaci\u00f3n frontal:<\/strong> Al comenzar la batalla, el centro cartagin\u00e9s empez\u00f3 a ceder terreno ante la carga romana, simulando una retirada.<\/li>\n\n\n\n<li><strong>Trampa en formaci\u00f3n:<\/strong> Cuando los romanos avanzaron en masa, sus tropas se comprimieron en un embudo, perdiendo movilidad.<\/li>\n\n\n\n<li><strong>Envolvimiento lateral:<\/strong> En ese momento, los flancos cartagineses envolvieron a las legiones por los costados.<\/li>\n\n\n\n<li><strong>Encierro total:<\/strong> Finalmente, la caballer\u00eda cartaginesa, que ya hab\u00eda vencido a la romana en los flancos, atac\u00f3 por la retaguardia, <strong>cerrando el cerco<\/strong>.<\/li>\n<\/ol>\n\n\n\n<p>El resultado fue devastador: <strong>entre 50.000 y 70.000 romanos murieron en pocas horas<\/strong>, seg\u00fan relatan fuentes antiguas como <strong>Polibio<\/strong> y <strong>Tito Livio<\/strong>.<\/p>\n\n\n\n<hr class=\"wp-block-separator has-alpha-channel-opacity\"\/>\n\n\n\n<h2 class=\"wp-block-heading\">\ud83d\udcda Un legado eterno<\/h2>\n\n\n\n<p>Cannas no solo fue una masacre; fue una <strong>lecci\u00f3n estrat\u00e9gica de alcance universal<\/strong>. An\u00edbal demostr\u00f3 que la <strong>superioridad num\u00e9rica no garantiza la victoria<\/strong>, y que <strong>el pensamiento flexible y creativo puede derrotar a un sistema r\u00edgido y confiado en su poder\u00edo<\/strong>.<\/p>\n\n\n\n<p>Su maniobra es conocida hoy como <strong>la t\u00e1ctica de doble envolvimiento<\/strong> o \u00abpinza\u00bb, y se ha ense\u00f1ado por siglos en las escuelas de guerra m\u00e1s prestigiosas del mundo.<\/p>\n\n\n\n<hr class=\"wp-block-separator has-alpha-channel-opacity\"\/>\n\n\n\n<h2 class=\"wp-block-heading\">\ud83d\udd0d Reflexi\u00f3n libertaria: lo que Cannas ense\u00f1a hoy<\/h2>\n\n\n\n<p>Desde una \u00f3ptica libertaria, la batalla de Cannas es mucho m\u00e1s que una proeza militar:<\/p>\n\n\n\n<ul class=\"wp-block-list\">\n<li>Representa <strong>la victoria del ingenio individual sobre las estructuras colectivistas e ineficientes<\/strong>.<\/li>\n\n\n\n<li>Enfrenta el <strong>modelo r\u00edgido y estatista<\/strong> del ej\u00e9rcito romano con la <strong>adaptabilidad e iniciativa descentralizada<\/strong> del ej\u00e9rcito cartagin\u00e9s.<\/li>\n\n\n\n<li>Muestra que <strong>la innovaci\u00f3n libre, no la obediencia ciega a jerarqu\u00edas, es la clave del progreso<\/strong>.<\/li>\n<\/ul>\n\n\n\n<p>An\u00edbal no pidi\u00f3 permiso. No esper\u00f3 autorizaciones. No sigui\u00f3 un manual. <strong>Innov\u00f3 porque era libre para hacerlo<\/strong>, y por eso venci\u00f3. Un mensaje tan vigente hoy como hace m\u00e1s de dos mil a\u00f1os, en un mundo donde los Estados siguen crey\u00e9ndose invencibles\u2026 hasta que una mente libre y decidida rompe el cerco.<\/p>\n\n\n\n<hr class=\"wp-block-separator has-alpha-channel-opacity\"\/>\n\n\n\n<h3 class=\"wp-block-heading\">\ud83d\udccc Para pensar:<\/h3>\n\n\n\n<blockquote class=\"wp-block-quote is-layout-flow wp-block-quote-is-layout-flow\">\n<p>\u201cLas estructuras r\u00edgidas caen primero; los flexibles resisten. La libertad, como la estrategia, exige espacio para moverse.\u201d<\/p>\n<\/blockquote>\n","protected":false},"excerpt":{"rendered":"<p>El 2 de agosto del 216 a.C., An\u00edbal derrot\u00f3 a Roma en la Batalla de Cannas con una maniobra t\u00e1ctica que cambi\u00f3 la historia militar para siempre. Con inferioridad num\u00e9rica, ingenio y libertad de acci\u00f3n, demostr\u00f3 que la estrategia puede m\u00e1s que la fuerza bruta. Una lecci\u00f3n eterna que tambi\u00e9n interpela al poder estatal y su rigidez frente a la creatividad individual.<\/p>\n","protected":false},"author":2,"featured_media":3182,"comment_status":"open","ping_status":"open","sticky":false,"template":"","format":"standard","meta":{"_acf_changed":false,"advanced_seo_description":"","jetpack_seo_html_title":"","jetpack_seo_noindex":false,"_jetpack_memberships_contains_paid_content":false,"footnotes":""},"categories":[34],"tags":[20],"class_list":["post-3181","post","type-post","status-publish","format-standard","has-post-thumbnail","hentry","category-efemerides","tag-destacados"],"acf":[],"jetpack_featured_media_url":"https:\/\/elliberador.com\/wp-content\/uploads\/2025\/08\/Batalla-de-cannas-5.jpg","jetpack_sharing_enabled":true,"_links":{"self":[{"href":"https:\/\/elliberador.com\/index.php\/wp-json\/wp\/v2\/posts\/3181","targetHints":{"allow":["GET"]}}],"collection":[{"href":"https:\/\/elliberador.com\/index.php\/wp-json\/wp\/v2\/posts"}],"about":[{"href":"https:\/\/elliberador.com\/index.php\/wp-json\/wp\/v2\/types\/post"}],"author":[{"embeddable":true,"href":"https:\/\/elliberador.com\/index.php\/wp-json\/wp\/v2\/users\/2"}],"replies":[{"embeddable":true,"href":"https:\/\/elliberador.com\/index.php\/wp-json\/wp\/v2\/comments?post=3181"}],"version-history":[{"count":2,"href":"https:\/\/elliberador.com\/index.php\/wp-json\/wp\/v2\/posts\/3181\/revisions"}],"predecessor-version":[{"id":3184,"href":"https:\/\/elliberador.com\/index.php\/wp-json\/wp\/v2\/posts\/3181\/revisions\/3184"}],"wp:featuredmedia":[{"embeddable":true,"href":"https:\/\/elliberador.com\/index.php\/wp-json\/wp\/v2\/media\/3182"}],"wp:attachment":[{"href":"https:\/\/elliberador.com\/index.php\/wp-json\/wp\/v2\/media?parent=3181"}],"wp:term":[{"taxonomy":"category","embeddable":true,"href":"https:\/\/elliberador.com\/index.php\/wp-json\/wp\/v2\/categories?post=3181"},{"taxonomy":"post_tag","embeddable":true,"href":"https:\/\/elliberador.com\/index.php\/wp-json\/wp\/v2\/tags?post=3181"}],"curies":[{"name":"wp","href":"https:\/\/api.w.org\/{rel}","templated":true}]}}