{"id":3185,"date":"2025-08-02T12:48:34","date_gmt":"2025-08-02T15:48:34","guid":{"rendered":"https:\/\/elliberador.com\/?p=3185"},"modified":"2025-08-02T12:48:35","modified_gmt":"2025-08-02T15:48:35","slug":"dragado-del-parana-proteger-batatitas-o-salir-de-la-pobreza","status":"publish","type":"post","link":"https:\/\/elliberador.com\/index.php\/2025\/08\/02\/dragado-del-parana-proteger-batatitas-o-salir-de-la-pobreza\/","title":{"rendered":"Dragado del Paran\u00e1: \u00bfproteger \u00abbatatitas\u00bb o salir de la pobreza?"},"content":{"rendered":"\n<h2 class=\"wp-block-heading\">Legisladores santafesinos frenan el desarrollo en nombre del ambientalismo ideol\u00f3gico<\/h2>\n\n\n\n<p>Mientras Argentina lucha por dejar atr\u00e1s <strong>d\u00e9cadas de estancamiento, inflaci\u00f3n y pobreza estructural<\/strong>, un grupo de legisladores y activistas santafesinos vuelve a colocar <strong>el freno ideol\u00f3gico al progreso econ\u00f3mico<\/strong>, esta vez en nombre de la ecolog\u00eda. El blanco de ataque es el dragado del Paran\u00e1, una obra vital para garantizar la competitividad log\u00edstica del pa\u00eds y ampliar su capacidad exportadora.<\/p>\n\n\n\n<hr class=\"wp-block-separator has-alpha-channel-opacity\"\/>\n\n\n\n<h2 class=\"wp-block-heading\">\ud83e\uddf1 \u00bfQu\u00e9 proponen?<\/h2>\n\n\n\n<p>Encabezados por referentes como <strong>Carlos del Frade<\/strong> (Frente de Izquierda) y <strong>Erica Rut Hynes<\/strong> (Partido Socialista), los sectores progresistas de Santa Fe impulsan una agenda \u201cecosocial\u201d que pretende incluir en la Constituci\u00f3n provincial la idea de que la naturaleza debe ser \u201csujeto de derechos\u201d. En la pr\u00e1ctica, esto significar\u00eda <strong>sacrificar infraestructura estrat\u00e9gica en nombre de un ambientalismo m\u00edstico<\/strong>, sin medir las consecuencias econ\u00f3micas.<\/p>\n\n\n\n<p>Activistas como <strong>Ana Mar\u00eda Laurino<\/strong> fueron m\u00e1s expl\u00edcitos a\u00fan: la Constituci\u00f3n debe propiciar la \u201cjusticia ecosocial, \u00e9tnica, de g\u00e9nero y cultural\u201d. Todos los slogans modernos condensados en un marco legal que, de aprobarse, <strong>paralizar\u00eda cualquier intento serio de desarrollo productivo<\/strong>.<\/p>\n\n\n\n<hr class=\"wp-block-separator has-alpha-channel-opacity\"\/>\n\n\n\n<h2 class=\"wp-block-heading\">\ud83d\uded1 \u00bfPor qu\u00e9 es grave?<\/h2>\n\n\n\n<p>Porque <strong>frenar el dragado del Paran\u00e1 no es proteger la naturaleza: es condenar al pa\u00eds al subdesarrollo<\/strong>. El Paran\u00e1 es la columna vertebral de nuestras exportaciones. Por esa v\u00eda salen el 80% de los granos que Argentina vende al mundo. Si no se dragan correctamente los tramos estrat\u00e9gicos, <strong>los barcos salen con menor carga, los costos aumentan y el pa\u00eds pierde competitividad<\/strong>.<\/p>\n\n\n\n<p>Mientras el mundo demanda alimentos y energ\u00eda, <strong>sectores ideologizados se oponen incluso a la exploraci\u00f3n petrolera offshore<\/strong>, usando como excusa expediciones cient\u00edficas como \u201cTalud Continental IV\u201d (CONICET + ONGs extranjeras) para hacer militancia ecologista disfrazada de ciencia. Es la versi\u00f3n siglo XXI del sabotaje productivo.<\/p>\n\n\n\n<hr class=\"wp-block-separator has-alpha-channel-opacity\"\/>\n\n\n\n<h2 class=\"wp-block-heading\">\ud83d\udcc9 Ideolog\u00eda anti desarrollo<\/h2>\n\n\n\n<p>Este fen\u00f3meno no es nuevo. Como explic\u00f3 <strong>Friedrich Hayek<\/strong>, <em>\u201cla planificaci\u00f3n central destruye la libertad y empobrece al individuo\u201d<\/em>. En su obra <em>Camino de servidumbre<\/em>, advert\u00eda que el Estado que intenta planificar todo termina restringiendo la iniciativa privada y generando estancamiento.<\/p>\n\n\n\n<p>Desde el otro extremo, <strong>Karl Marx<\/strong> no dej\u00f3 dudas sobre su desprecio al desarrollo burgu\u00e9s: <em>\u201cel capital tiende a destruir sus dos fuentes de riqueza: la naturaleza y el ser humano\u201d<\/em> (<em>El Capital<\/em>, Vol. 1). Esa l\u00f3gica de guerra contra el capital permea hoy al ambientalismo radical, que ve en toda inversi\u00f3n una amenaza. No importa si saca al pa\u00eds de la pobreza: lo ideol\u00f3gico prima sobre lo humano.<\/p>\n\n\n\n<hr class=\"wp-block-separator has-alpha-channel-opacity\"\/>\n\n\n\n<h2 class=\"wp-block-heading\">\ud83e\udded Legisladores que frenan el desarrollo<\/h2>\n\n\n\n<figure class=\"wp-block-table\"><table class=\"has-fixed-layout mtr-table mtr-thead-th\"><thead><tr><th data-mtr-content=\"Nombre\" class=\"mtr-th-tag\"><div class=\"mtr-cell-content\">Nombre<\/div><\/th><th data-mtr-content=\"Partido\" class=\"mtr-th-tag\"><div class=\"mtr-cell-content\">Partido<\/div><\/th><th data-mtr-content=\"Postura\" class=\"mtr-th-tag\"><div class=\"mtr-cell-content\">Postura<\/div><\/th><\/tr><\/thead><tbody><tr><td data-mtr-content=\"Nombre\" class=\"mtr-td-tag\"><div class=\"mtr-cell-content\">Carlos del Frade<\/div><\/td><td data-mtr-content=\"Partido\" class=\"mtr-td-tag\"><div class=\"mtr-cell-content\">Frente de Izquierda<\/div><\/td><td data-mtr-content=\"Postura\" class=\"mtr-td-tag\"><div class=\"mtr-cell-content\">Rechaza la obra por \u201cextractivista\u201d y por supuesta entrega a multinacionales.<\/div><\/td><\/tr><tr><td data-mtr-content=\"Nombre\" class=\"mtr-td-tag\"><div class=\"mtr-cell-content\">Erica Rut Hynes<\/div><\/td><td data-mtr-content=\"Partido\" class=\"mtr-td-tag\"><div class=\"mtr-cell-content\">Partido Socialista<\/div><\/td><td data-mtr-content=\"Postura\" class=\"mtr-td-tag\"><div class=\"mtr-cell-content\">Promueve legislaci\u00f3n ambientalista extrema, con \u201csujeto de derechos\u201d para la naturaleza.<\/div><\/td><\/tr><tr><td data-mtr-content=\"Nombre\" class=\"mtr-td-tag\"><div class=\"mtr-cell-content\">Ana Mar\u00eda Laurino<\/div><\/td><td data-mtr-content=\"Partido\" class=\"mtr-td-tag\"><div class=\"mtr-cell-content\">Activista progresista<\/div><\/td><td data-mtr-content=\"Postura\" class=\"mtr-td-tag\"><div class=\"mtr-cell-content\">Plantea constitucionalizar la \u201cjusticia ecosocial, \u00e9tnica y de g\u00e9nero\u201d.<\/div><\/td><\/tr><\/tbody><\/table><\/figure>\n\n\n\n<hr class=\"wp-block-separator has-alpha-channel-opacity\"\/>\n\n\n\n<h2 class=\"wp-block-heading\">\ud83d\udd0d \u00bfY el contexto nacional?<\/h2>\n\n\n\n<p>Argentina tiene <strong>un 51,9% de pobreza infantil<\/strong>, 42% de informalidad laboral y necesita <strong>reconstruir su matriz exportadora<\/strong> para evitar nuevas crisis fiscales. Frenar obras de infraestructura como el dragado del Paran\u00e1 <strong>es criminal desde el punto de vista econ\u00f3mico y \u00e9tico<\/strong>.<\/p>\n\n\n\n<p>Cada d\u00eda que pasa sin dragado es <strong>menos trabajo, menos divisas y m\u00e1s atraso<\/strong>.<\/p>\n\n\n\n<hr class=\"wp-block-separator has-alpha-channel-opacity\"\/>\n\n\n\n<h2 class=\"wp-block-heading\">\ud83d\udca1 Entre el dogma y el desarrollo<\/h2>\n\n\n\n<p>La izquierda ambientalista no busca cuidar el agua ni las \u00abbatatitas\u00bb del CONICET: busca <strong>imponer un modelo anticapitalista<\/strong> que <strong>boicotea cualquier intento serio de crecimiento<\/strong>, porque considera que el desarrollo es \u201cextractivista\u201d, \u201cpatriarcal\u201d o \u201ccolonial\u201d. Poco les importa si ese desarrollo es el que <strong>saca a millones del hambre<\/strong>.<\/p>\n\n\n\n<p>Como ense\u00f1\u00f3 <strong>Ludwig von Mises<\/strong>, <em>\u201clos enemigos del capitalismo no tienen mejor alternativa que ofrecer; s\u00f3lo tienen odio\u201d<\/em>. Y ese odio, en Santa Fe, se est\u00e1 convirtiendo en ley.<\/p>\n\n\n\n<p><\/p>\n","protected":false},"excerpt":{"rendered":"<p>Mientras Argentina necesita crecer para salir de la pobreza, legisladores santafesinos impulsan una agenda ambientalista radical que frena el dragado del Paran\u00e1, obra clave para el desarrollo exportador. En nombre de la \u201cjusticia ecosocial\u201d, el progresismo impone una ideolog\u00eda que desprecia la inversi\u00f3n, paraliza la infraestructura y condena al pa\u00eds al estancamiento.<\/p>\n","protected":false},"author":2,"featured_media":3186,"comment_status":"open","ping_status":"open","sticky":false,"template":"","format":"standard","meta":{"_acf_changed":false,"advanced_seo_description":"","jetpack_seo_html_title":"","jetpack_seo_noindex":false,"_jetpack_memberships_contains_paid_content":false,"footnotes":""},"categories":[38],"tags":[20],"class_list":["post-3185","post","type-post","status-publish","format-standard","has-post-thumbnail","hentry","category-regionales","tag-destacados"],"acf":[],"jetpack_featured_media_url":"https:\/\/elliberador.com\/wp-content\/uploads\/2025\/08\/DCVEVQ72GJFKTBSSDR52O4RDME.jpg","jetpack_sharing_enabled":true,"_links":{"self":[{"href":"https:\/\/elliberador.com\/index.php\/wp-json\/wp\/v2\/posts\/3185","targetHints":{"allow":["GET"]}}],"collection":[{"href":"https:\/\/elliberador.com\/index.php\/wp-json\/wp\/v2\/posts"}],"about":[{"href":"https:\/\/elliberador.com\/index.php\/wp-json\/wp\/v2\/types\/post"}],"author":[{"embeddable":true,"href":"https:\/\/elliberador.com\/index.php\/wp-json\/wp\/v2\/users\/2"}],"replies":[{"embeddable":true,"href":"https:\/\/elliberador.com\/index.php\/wp-json\/wp\/v2\/comments?post=3185"}],"version-history":[{"count":1,"href":"https:\/\/elliberador.com\/index.php\/wp-json\/wp\/v2\/posts\/3185\/revisions"}],"predecessor-version":[{"id":3187,"href":"https:\/\/elliberador.com\/index.php\/wp-json\/wp\/v2\/posts\/3185\/revisions\/3187"}],"wp:featuredmedia":[{"embeddable":true,"href":"https:\/\/elliberador.com\/index.php\/wp-json\/wp\/v2\/media\/3186"}],"wp:attachment":[{"href":"https:\/\/elliberador.com\/index.php\/wp-json\/wp\/v2\/media?parent=3185"}],"wp:term":[{"taxonomy":"category","embeddable":true,"href":"https:\/\/elliberador.com\/index.php\/wp-json\/wp\/v2\/categories?post=3185"},{"taxonomy":"post_tag","embeddable":true,"href":"https:\/\/elliberador.com\/index.php\/wp-json\/wp\/v2\/tags?post=3185"}],"curies":[{"name":"wp","href":"https:\/\/api.w.org\/{rel}","templated":true}]}}