{"id":3218,"date":"2025-08-03T21:40:33","date_gmt":"2025-08-04T00:40:33","guid":{"rendered":"https:\/\/elliberador.com\/?p=3218"},"modified":"2025-08-04T00:03:15","modified_gmt":"2025-08-04T03:03:15","slug":"romina-diez-la-elegida-de-milei-en-santa-fe","status":"publish","type":"post","link":"https:\/\/elliberador.com\/index.php\/2025\/08\/03\/romina-diez-la-elegida-de-milei-en-santa-fe\/","title":{"rendered":"Romina Diez, \u00bfla elegida de Milei en Santa Fe?"},"content":{"rendered":"\n<h3 class=\"wp-block-heading\">La Libertad Avanza define su carta fuerte para disputar la provincia en las legislativas<\/h3>\n\n\n\n<p>La periodista y actual diputada nacional <strong>Romina Diez<\/strong> suena con fuerza como la posible candidata de <strong>La Libertad Avanza en Santa Fe<\/strong> para las elecciones de medio t\u00e9rmino de octubre. Seg\u00fan versiones que comenzaron a circular en los \u00faltimos d\u00edas y que fueron retomadas por medios provinciales como <em>Letra P<\/em>, la rosarina tendr\u00eda el respaldo directo de la Casa Rosada para encabezar la lista libertaria en el distrito m\u00e1s grande del interior del pa\u00eds.<\/p>\n\n\n\n<hr class=\"wp-block-separator has-alpha-channel-opacity\"\/>\n\n\n\n<h3 class=\"wp-block-heading\">\ud83d\udc65 El factor Milei y el peso simb\u00f3lico de Santa Fe<\/h3>\n\n\n\n<p>Con una imagen positiva que no para de crecer en la provincia y un n\u00facleo duro que valora la coherencia doctrinaria, <strong>Milei ve en Santa Fe un basti\u00f3n clave para ampliar su poder legislativo<\/strong> y avanzar con las reformas pendientes. La provincia representa el tercer padr\u00f3n electoral del pa\u00eds, y fue una de las m\u00e1s permeables al discurso liberal durante la campa\u00f1a 2023.<\/p>\n\n\n\n<p>En este escenario, <strong>Romina Diez<\/strong> aparece como <strong>la candidata de confianza del jefe Karina Milei<\/strong>: fue una de las primeras en abrazar la causa de Milei cuando todav\u00eda era resistida por gran parte del sistema pol\u00edtico santafesino, se enfrent\u00f3 con el gobernador Pullaro por el gasto p\u00fablico y se diferenci\u00f3 abiertamente de los armadores locales que buscaban \u201caggiornar\u201d el discurso libertario.<\/p>\n\n\n\n<hr class=\"wp-block-separator has-alpha-channel-opacity\"\/>\n\n\n\n<h3 class=\"wp-block-heading\">\ud83d\udcca \u00bfQu\u00e9 se juega La Libertad Avanza?<\/h3>\n\n\n\n<ul class=\"wp-block-list\">\n<li><strong>Ampliar bancas propias en el Congreso<\/strong><\/li>\n\n\n\n<li><strong>Consolidar un liderazgo nacional con anclaje territorial<\/strong><\/li>\n\n\n\n<li><strong>Neutralizar el peso de gobernadores radicales como Pullaro<\/strong><\/li>\n\n\n\n<li><strong>Evitar filtraciones ideol\u00f3gicas y frenar el entrismo pol\u00edtico<\/strong><\/li>\n<\/ul>\n\n\n\n<p>Santa Fe no solo es importante por su tama\u00f1o electoral: tambi\u00e9n es simb\u00f3licamente clave. Es la provincia de la agroindustria, del federalismo, y del rechazo hist\u00f3rico al centralismo porte\u00f1o. Si Milei logra consolidar una figura propia, sin ataduras a partidos tradicionales, marcar\u00eda un precedente para 2027.<\/p>\n\n\n\n<hr class=\"wp-block-separator has-alpha-channel-opacity\"\/>\n\n\n\n<h3 class=\"wp-block-heading\">\ud83e\udde0 Conclusi\u00f3n<\/h3>\n\n\n\n<p>Si el rumor se confirma, la candidatura de Romina Diez representar\u00e1 <strong>una se\u00f1al de coherencia ideol\u00f3gica y estrategia pol\u00edtica<\/strong> por parte del oficialismo nacional. Ser\u00e1 tambi\u00e9n <strong>una prueba de fuego para medir cu\u00e1nto respaldo conserva el modelo libertario m\u00e1s all\u00e1 del AMBA<\/strong> y cu\u00e1nto margen de maniobra tiene Milei para ordenar su tropa sin contaminarse con la vieja pol\u00edtica.<\/p>\n\n\n\n<p>En tiempos donde muchos se disfrazan de \u201cliberales\u201d para ver qu\u00e9 consiguen, <strong>la coherencia empieza a ser un valor escaso<\/strong>. Y es justamente eso lo que Romina Diez representa para el n\u00facleo duro de La Libertad Avanza.<\/p>\n\n\n\n<p><\/p>\n","protected":false},"excerpt":{"rendered":"<p>Romina Diez se perfila como la carta fuerte de La Libertad Avanza en Santa Fe para las legislativas de octubre. Con respaldo directo de la Casa Rosada, la diputada nacional podr\u00eda encabezar la lista en una de las provincias m\u00e1s estrat\u00e9gicas del pa\u00eds.<\/p>\n","protected":false},"author":2,"featured_media":3219,"comment_status":"open","ping_status":"open","sticky":false,"template":"","format":"standard","meta":{"_acf_changed":false,"advanced_seo_description":"","jetpack_seo_html_title":"","jetpack_seo_noindex":false,"_jetpack_memberships_contains_paid_content":false,"footnotes":""},"categories":[4],"tags":[20],"class_list":["post-3218","post","type-post","status-publish","format-standard","has-post-thumbnail","hentry","category-politica","tag-destacados"],"acf":[],"jetpack_featured_media_url":"https:\/\/elliberador.com\/wp-content\/uploads\/2025\/08\/Imagen-de-WhatsApp-2025-08-03-a-las-21.34.38_43b5ddd7.jpg","jetpack_sharing_enabled":true,"_links":{"self":[{"href":"https:\/\/elliberador.com\/index.php\/wp-json\/wp\/v2\/posts\/3218","targetHints":{"allow":["GET"]}}],"collection":[{"href":"https:\/\/elliberador.com\/index.php\/wp-json\/wp\/v2\/posts"}],"about":[{"href":"https:\/\/elliberador.com\/index.php\/wp-json\/wp\/v2\/types\/post"}],"author":[{"embeddable":true,"href":"https:\/\/elliberador.com\/index.php\/wp-json\/wp\/v2\/users\/2"}],"replies":[{"embeddable":true,"href":"https:\/\/elliberador.com\/index.php\/wp-json\/wp\/v2\/comments?post=3218"}],"version-history":[{"count":4,"href":"https:\/\/elliberador.com\/index.php\/wp-json\/wp\/v2\/posts\/3218\/revisions"}],"predecessor-version":[{"id":3237,"href":"https:\/\/elliberador.com\/index.php\/wp-json\/wp\/v2\/posts\/3218\/revisions\/3237"}],"wp:featuredmedia":[{"embeddable":true,"href":"https:\/\/elliberador.com\/index.php\/wp-json\/wp\/v2\/media\/3219"}],"wp:attachment":[{"href":"https:\/\/elliberador.com\/index.php\/wp-json\/wp\/v2\/media?parent=3218"}],"wp:term":[{"taxonomy":"category","embeddable":true,"href":"https:\/\/elliberador.com\/index.php\/wp-json\/wp\/v2\/categories?post=3218"},{"taxonomy":"post_tag","embeddable":true,"href":"https:\/\/elliberador.com\/index.php\/wp-json\/wp\/v2\/tags?post=3218"}],"curies":[{"name":"wp","href":"https:\/\/api.w.org\/{rel}","templated":true}]}}