{"id":3228,"date":"2025-08-03T22:44:03","date_gmt":"2025-08-04T01:44:03","guid":{"rendered":"https:\/\/elliberador.com\/?p=3228"},"modified":"2025-08-03T22:44:04","modified_gmt":"2025-08-04T01:44:04","slug":"multitudinarias-protestas-en-brasil-contra-lula-y-de-moraes-el-pueblo-bolsonarista-vuelve-a-las-calles","status":"publish","type":"post","link":"https:\/\/elliberador.com\/index.php\/2025\/08\/03\/multitudinarias-protestas-en-brasil-contra-lula-y-de-moraes-el-pueblo-bolsonarista-vuelve-a-las-calles\/","title":{"rendered":"Multitudinarias protestas en Brasil contra Lula y De Moraes: el pueblo bolsonarista vuelve a las calles"},"content":{"rendered":"\n<p>Millones de brasile\u00f1os salieron este domingo a las calles en <strong>m\u00e1s de 60 ciudades<\/strong> del pa\u00eds para exigir la <strong>salida del presidente Lula da Silva<\/strong> y del juez <strong>Alexandre de Moraes<\/strong>, mientras expresaban un claro y masivo apoyo al expresidente <strong>Jair Bolsonaro<\/strong>, perseguido judicialmente por el Supremo Tribunal Federal.<\/p>\n\n\n\n<p>\ud83d\udccd <strong>S\u00e3o Paulo, Brasilia, R\u00edo y m\u00e1s<\/strong><br>Las movilizaciones abarcaron 20 de las 27 capitales, con epicentro en la Avenida Paulista (S\u00e3o Paulo), donde el pastor evang\u00e9lico <strong>Silas Malafaia<\/strong> lider\u00f3 el acto principal. En R\u00edo, la concentraci\u00f3n fue en Copacabana, con la presencia del senador <strong>Fl\u00e1vio Bolsonaro<\/strong>, hijo del exmandatario. En Brasilia, el senador <strong>Izalci Lucas Ferreira<\/strong> anunci\u00f3 el inicio de un movimiento parlamentario para <strong>amnistiar a Bolsonaro y destituir a De Moraes<\/strong>.<\/p>\n\n\n\n<p>\ud83d\udcf5 <strong>Bolsonaro, ausente pero presente<\/strong><br>Aunque Bolsonaro no pudo asistir por las restricciones judiciales que le impiden circular libremente los fines de semana (adem\u00e1s del uso obligatorio de tobillera electr\u00f3nica y la prohibici\u00f3n de usar redes sociales), un video suyo mirando una de las marchas desde su celular se volvi\u00f3 viral. Su esposa <strong>Michelle Bolsonaro<\/strong> encabez\u00f3 el acto en Bel\u00e9n do Par\u00e1.<\/p>\n\n\n\n<p>\ud83d\udd0a <strong>El pueblo grita: \u201c\u00a1Amnist\u00eda ya!\u201d<\/strong><br>Las pancartas fueron claras:<\/p>\n\n\n\n<ul class=\"wp-block-list\">\n<li>\u201cFuera Lula\u201d<\/li>\n\n\n\n<li>\u201cFuera Alexandre de Moraes\u201d<\/li>\n\n\n\n<li>\u201cDemocracia robada\u201d<\/li>\n\n\n\n<li>\u201cAmnist\u00eda ya\u201d<\/li>\n<\/ul>\n\n\n\n<p>Los manifestantes reclamaron por la persecuci\u00f3n pol\u00edtica al expresidente, acusado de un presunto intento de golpe en enero de 2023. Rechazan lo que consideran <strong>un proceso viciado<\/strong>, sin garant\u00edas, ni justicia real.<\/p>\n\n\n\n<p>\ud83d\uded1 <strong>Sanciones internacionales contra De Moraes<\/strong><br>En plena escalada pol\u00edtica, <strong>Estados Unidos sancion\u00f3 a De Moraes bajo la Ley Magnitsky<\/strong>, bloqueando bienes, revocando su visa y prohibiendo cualquier relaci\u00f3n comercial con ciudadanos estadounidenses. Las banderas norteamericanas en las marchas mostraron el apoyo de los bolsonaristas a esta medida.<\/p>\n\n\n\n<p>\ud83d\uddf3\ufe0f <strong>\u00bfQu\u00e9 se viene?<\/strong><br>El clima en Brasil se recalienta a d\u00edas de que finalice el juicio contra Bolsonaro. La presi\u00f3n popular crece y el Congreso podr\u00eda convertirse en el nuevo frente de batalla, con propuestas de amnist\u00eda y ofensivas contra jueces del Supremo.<\/p>\n\n\n\n<p>\ud83d\udccc <em>La democracia, aseguran los manifestantes, fue secuestrada. Y est\u00e1n dispuestos a recuperarla, cueste lo que cueste.<\/em><\/p>\n","protected":false},"excerpt":{"rendered":"<p>Millones de brasile\u00f1os se movilizaron en m\u00e1s de 60 ciudades contra Lula da Silva y el juez Alexandre de Moraes, en una jornada que mostr\u00f3 el respaldo masivo al expresidente Jair Bolsonaro. Las protestas exigen amnist\u00eda, denuncian persecuci\u00f3n pol\u00edtica y marcan un punto de quiebre en la creciente tensi\u00f3n institucional que atraviesa Brasil.<\/p>\n","protected":false},"author":2,"featured_media":3229,"comment_status":"open","ping_status":"open","sticky":false,"template":"","format":"standard","meta":{"_acf_changed":false,"advanced_seo_description":"","jetpack_seo_html_title":"","jetpack_seo_noindex":false,"_jetpack_memberships_contains_paid_content":false,"footnotes":""},"categories":[10],"tags":[20],"class_list":["post-3228","post","type-post","status-publish","format-standard","has-post-thumbnail","hentry","category-internacionales","tag-destacados"],"acf":[],"jetpack_featured_media_url":"https:\/\/elliberador.com\/wp-content\/uploads\/2025\/08\/O-que-quer-o-povo-brasileiro-EFE.jpg","jetpack_sharing_enabled":true,"_links":{"self":[{"href":"https:\/\/elliberador.com\/index.php\/wp-json\/wp\/v2\/posts\/3228","targetHints":{"allow":["GET"]}}],"collection":[{"href":"https:\/\/elliberador.com\/index.php\/wp-json\/wp\/v2\/posts"}],"about":[{"href":"https:\/\/elliberador.com\/index.php\/wp-json\/wp\/v2\/types\/post"}],"author":[{"embeddable":true,"href":"https:\/\/elliberador.com\/index.php\/wp-json\/wp\/v2\/users\/2"}],"replies":[{"embeddable":true,"href":"https:\/\/elliberador.com\/index.php\/wp-json\/wp\/v2\/comments?post=3228"}],"version-history":[{"count":1,"href":"https:\/\/elliberador.com\/index.php\/wp-json\/wp\/v2\/posts\/3228\/revisions"}],"predecessor-version":[{"id":3230,"href":"https:\/\/elliberador.com\/index.php\/wp-json\/wp\/v2\/posts\/3228\/revisions\/3230"}],"wp:featuredmedia":[{"embeddable":true,"href":"https:\/\/elliberador.com\/index.php\/wp-json\/wp\/v2\/media\/3229"}],"wp:attachment":[{"href":"https:\/\/elliberador.com\/index.php\/wp-json\/wp\/v2\/media?parent=3228"}],"wp:term":[{"taxonomy":"category","embeddable":true,"href":"https:\/\/elliberador.com\/index.php\/wp-json\/wp\/v2\/categories?post=3228"},{"taxonomy":"post_tag","embeddable":true,"href":"https:\/\/elliberador.com\/index.php\/wp-json\/wp\/v2\/tags?post=3228"}],"curies":[{"name":"wp","href":"https:\/\/api.w.org\/{rel}","templated":true}]}}