{"id":3238,"date":"2025-08-04T15:48:33","date_gmt":"2025-08-04T18:48:33","guid":{"rendered":"https:\/\/elliberador.com\/?p=3238"},"modified":"2025-08-04T15:48:35","modified_gmt":"2025-08-04T18:48:35","slug":"el-narco-populismo-de-evo-morales-vive-en-bolivia-sus-ultimos-dias-corrupcion-y-peleas-mafiosas-internas-apuran-su-hora-final","status":"publish","type":"post","link":"https:\/\/elliberador.com\/index.php\/2025\/08\/04\/el-narco-populismo-de-evo-morales-vive-en-bolivia-sus-ultimos-dias-corrupcion-y-peleas-mafiosas-internas-apuran-su-hora-final\/","title":{"rendered":"El narco populismo de Evo Morales vive en Bolivia sus \u00faltimos d\u00edas: corrupci\u00f3n y peleas mafiosas internas apuran su hora final"},"content":{"rendered":"\n<p>El Movimiento al Socialismo (MAS), el partido que domin\u00f3 Bolivia durante casi dos d\u00e9cadas bajo los mandatos de <strong>Evo Morales<\/strong> y <strong>Luis Arce<\/strong>, atraviesa sus <strong>\u00faltimos estertores como fuerza pol\u00edtica relevante<\/strong>. La candidatura presidencial de <strong>Eduardo del Castillo<\/strong>, exministro del Interior de Arce, no supera el <strong>3\u202f% de intenci\u00f3n de voto<\/strong>, y todos los indicios apuntan a una <strong>derrota hist\u00f3rica<\/strong>. Pero m\u00e1s que una simple ca\u00edda electoral, lo que se vive en Bolivia es el <strong>fin de una estructura corrupta, autoritaria y enfrentada consigo misma<\/strong>.<\/p>\n\n\n\n<hr class=\"wp-block-separator has-alpha-channel-opacity\"\/>\n\n\n\n<h3 class=\"wp-block-heading\">\ud83e\udde8 Corrupci\u00f3n en familia: el esc\u00e1ndalo que hundi\u00f3 al oficialismo<\/h3>\n\n\n\n<p>El detonante del colapso del MAS no fue \u00fanicamente el desgaste natural del poder, sino <strong>la exposici\u00f3n p\u00fablica de una red de corrupci\u00f3n protagonizada por los hijos del presidente Arce<\/strong>, una saga que recuerda a lo ocurrido en Argentina, donde los hijos del kirchnerismo fueron utilizados como <strong>testaferros de la corrupci\u00f3n familiar<\/strong>. En Bolivia, los casos son igual de groseros:<\/p>\n\n\n\n<ol class=\"wp-block-list\">\n<li><strong>Rafael y Camila Arce Mosqueira<\/strong> accedieron a <strong>USD 9,1 millones en cr\u00e9ditos bancarios<\/strong> en 2021, sin experiencia, sin garant\u00edas y con avales expr\u00e9s.<\/li>\n\n\n\n<li>Compraron el predio \u201cAd\u00e1n y Eva\u201d en <strong>Santa Cruz<\/strong>, de m\u00e1s de <strong>2.100 hect\u00e1reas<\/strong>, por <strong>USD 3,3 millones<\/strong>.<\/li>\n\n\n\n<li>Violaron una <strong>pausa ambiental decretada por el propio Gobierno<\/strong>, deforestando al menos <strong>182 hect\u00e1reas<\/strong> en 2024.<\/li>\n\n\n\n<li>Se benefician de un <strong>puente p\u00fablico construido a 15 km del campo familiar<\/strong>, financiado por el Ministerio de la Presidencia.<\/li>\n\n\n\n<li><strong>Luis Marcelo Arce<\/strong>, el hijo mayor, fue denunciado por actuar como intermediario en contratos del litio sin tener ning\u00fan cargo oficial.<\/li>\n<\/ol>\n\n\n\n<p>La acumulaci\u00f3n de estas irregularidades no solo afect\u00f3 a la figura presidencial: <strong>arras\u00f3 con la credibilidad del MAS<\/strong>, ahora reducido a defender lo indefendible.<\/p>\n\n\n\n<hr class=\"wp-block-separator has-alpha-channel-opacity\"\/>\n\n\n\n<h3 class=\"wp-block-heading\">\ud83d\udd2a Guerra interna: Arce vs. Evo, una pelea mafiosa por el poder<\/h3>\n\n\n\n<p>A este escenario explosivo se le sum\u00f3 <strong>una guerra intestina entre el propio Luis Arce y su exjefe pol\u00edtico, Evo Morales<\/strong>, quienes llevaron su disputa personal a niveles ins\u00f3litos: <strong>uso de recursos del Estado para atacarse mutuamente, enfrentamientos en las calles entre militantes y hasta paralizaci\u00f3n de funciones institucionales<\/strong>. Tuvieron al pa\u00eds como reh\u00e9n, profundizando el rechazo ciudadano.<\/p>\n\n\n\n<p>El resultado fue una fractura expuesta: <strong>Morales denuncia \u201cproscripci\u00f3n\u201d<\/strong>, pero el pueblo dej\u00f3 de creerle. Sus causas por <strong>abuso de menores y violaci\u00f3n<\/strong> \u2014archivadas bajo presi\u00f3n pol\u00edtica durante a\u00f1os\u2014 han vuelto a instalarse en la agenda p\u00fablica. <strong>Ya no lo proscribi\u00f3 la Justicia: lo proscribi\u00f3 la gente.<\/strong><\/p>\n\n\n\n<hr class=\"wp-block-separator has-alpha-channel-opacity\"\/>\n\n\n\n<h3 class=\"wp-block-heading\">\ud83d\udd12 Autoritarismo y presos pol\u00edticos<\/h3>\n\n\n\n<p>Mientras tanto, <strong>Jeanine \u00c1\u00f1ez<\/strong>, expresidenta constitucional interina \u2014quien asumi\u00f3 por l\u00ednea sucesoria leg\u00edtima en 2019 tras la renuncia de Morales y llam\u00f3 a elecciones en menos de un a\u00f1o\u2014, <strong>permanece encarcelada por razones pol\u00edticas<\/strong>. Es el s\u00edmbolo m\u00e1s claro de que <strong>el MAS devino en una narcodictadura sudamericana<\/strong>: criminalizando opositores, premiando aliados y violando el Estado de derecho.<\/p>\n\n\n\n<hr class=\"wp-block-separator has-alpha-channel-opacity\"\/>\n\n\n\n<h3 class=\"wp-block-heading\">\ud83d\udcca Las encuestas confirman el fin del ciclo<\/h3>\n\n\n\n<p>Con el oficialismo desplomado, <strong>dos expresiones de centro-derecha liberal lideran las preferencias<\/strong>:<\/p>\n\n\n\n<p>\u2705 <strong>Samuel Doria Medina<\/strong> (<em>Unidad Nacional<\/em>)<\/p>\n\n\n\n<ul class=\"wp-block-list\">\n<li>18\u202f% a 24\u202f% de intenci\u00f3n de voto<\/li>\n\n\n\n<li>Propone pol\u00edticas de shock econ\u00f3mico, reducci\u00f3n de impuestos, cierre de empresas p\u00fablicas ineficientes y promoci\u00f3n del sector privado.<\/li>\n\n\n\n<li>Aboga por una Bolivia de <strong>prosperidad, apertura y reconstrucci\u00f3n institucional<\/strong>.<\/li>\n<\/ul>\n\n\n\n<p>\u2705 <strong>Jorge \u201cTuto\u201d Quiroga<\/strong> (<em>Alianza Libre \u2013 Libertad y Democracia<\/em>)<\/p>\n\n\n\n<ul class=\"wp-block-list\">\n<li>15\u202f% a 22\u202f% de intenci\u00f3n de voto<\/li>\n\n\n\n<li>Promete \u00abrecuperar la libertad para Bolivia\u00bb, combatir el narcotr\u00e1fico y reducir el estatalismo.<\/li>\n\n\n\n<li>Propone reformas liberales, seguridad institucional y un gobierno de ley y orden.<\/li>\n<\/ul>\n\n\n\n<p>Entre ambos se disputa el voto de una sociedad que parece haber <strong>aprendido del desastre del socialismo del siglo XXI<\/strong>, y que hoy <strong>opta por volver a los valores de la rep\u00fablica, la propiedad privada y la libertad econ\u00f3mica<\/strong>.<\/p>\n\n\n\n<hr class=\"wp-block-separator has-alpha-channel-opacity\"\/>\n\n\n\n<h3 class=\"wp-block-heading\">\u26a0\ufe0f Conclusi\u00f3n<\/h3>\n\n\n\n<p><strong>El MAS est\u00e1 en su ocaso.<\/strong> Corrompido hasta la m\u00e9dula, enfrentado internamente, con causas judiciales que manchan a su dirigencia y a sus hijos, y con una candidatura sin votos ni respaldo, <strong>el partido que prometi\u00f3 igualdad termina hundido en el barro de la corrupci\u00f3n familiar y el autoritarismo institucional<\/strong>.<\/p>\n\n\n\n<p>Bolivia parece estar despertando. <strong>Y ese despertar libertario y republicano empieza en las urnas.<\/strong><\/p>\n\n\n\n<hr class=\"wp-block-separator has-alpha-channel-opacity\"\/>\n\n\n\n<p>\ud83d\uddde\ufe0f <em>\u00bfQuer\u00e9s seguir de cerca c\u00f3mo caen los reg\u00edmenes populistas que prometieron justicia y entregaron pobreza, privilegios y represi\u00f3n?<\/em><br>Le\u00e9 <strong>El Liberador<\/strong>.<\/p>\n","protected":false},"excerpt":{"rendered":"<p>El MAS enfrenta una candidatura oficialista hundida en las encuestas, esc\u00e1ndalos de corrupci\u00f3n que salpican a los hijos del presidente Luis Arce, una interna feroz con Evo Morales y denuncias de presos pol\u00edticos, Bolivia se encamina al fin del ciclo populista. La sociedad, harta del autoritarismo y el uso mafioso del poder, se inclina por opciones liberales de centro-derecha que prometen reconstruir el pa\u00eds desde la libertad y el orden institucional.<\/p>\n","protected":false},"author":2,"featured_media":3240,"comment_status":"open","ping_status":"open","sticky":false,"template":"","format":"standard","meta":{"_acf_changed":false,"advanced_seo_description":"","jetpack_seo_html_title":"","jetpack_seo_noindex":false,"_jetpack_memberships_contains_paid_content":false,"footnotes":""},"categories":[10],"tags":[20],"class_list":["post-3238","post","type-post","status-publish","format-standard","has-post-thumbnail","hentry","category-internacionales","tag-destacados"],"acf":[],"jetpack_featured_media_url":"https:\/\/elliberador.com\/wp-content\/uploads\/2025\/08\/NFJVUFWDWVDLBCE4TZEPWT45GQ.avif","jetpack_sharing_enabled":true,"_links":{"self":[{"href":"https:\/\/elliberador.com\/index.php\/wp-json\/wp\/v2\/posts\/3238","targetHints":{"allow":["GET"]}}],"collection":[{"href":"https:\/\/elliberador.com\/index.php\/wp-json\/wp\/v2\/posts"}],"about":[{"href":"https:\/\/elliberador.com\/index.php\/wp-json\/wp\/v2\/types\/post"}],"author":[{"embeddable":true,"href":"https:\/\/elliberador.com\/index.php\/wp-json\/wp\/v2\/users\/2"}],"replies":[{"embeddable":true,"href":"https:\/\/elliberador.com\/index.php\/wp-json\/wp\/v2\/comments?post=3238"}],"version-history":[{"count":1,"href":"https:\/\/elliberador.com\/index.php\/wp-json\/wp\/v2\/posts\/3238\/revisions"}],"predecessor-version":[{"id":3241,"href":"https:\/\/elliberador.com\/index.php\/wp-json\/wp\/v2\/posts\/3238\/revisions\/3241"}],"wp:featuredmedia":[{"embeddable":true,"href":"https:\/\/elliberador.com\/index.php\/wp-json\/wp\/v2\/media\/3240"}],"wp:attachment":[{"href":"https:\/\/elliberador.com\/index.php\/wp-json\/wp\/v2\/media?parent=3238"}],"wp:term":[{"taxonomy":"category","embeddable":true,"href":"https:\/\/elliberador.com\/index.php\/wp-json\/wp\/v2\/categories?post=3238"},{"taxonomy":"post_tag","embeddable":true,"href":"https:\/\/elliberador.com\/index.php\/wp-json\/wp\/v2\/tags?post=3238"}],"curies":[{"name":"wp","href":"https:\/\/api.w.org\/{rel}","templated":true}]}}